{"id":996,"date":"2024-07-19T14:55:17","date_gmt":"2024-07-19T19:55:17","guid":{"rendered":"https:\/\/colombiabuenanota.com\/?p=996"},"modified":"2024-07-19T14:55:20","modified_gmt":"2024-07-19T19:55:20","slug":"bogota-compra-el-43-de-vehiculos-electricos-e-hibridos-del-mercado","status":"publish","type":"post","link":"https:\/\/colombiabuenanota.com\/index.php\/2024\/07\/19\/bogota-compra-el-43-de-vehiculos-electricos-e-hibridos-del-mercado\/","title":{"rendered":"Bogot\u00e1 compra el 43% de veh\u00edculos el\u00e9ctricos e h\u00edbridos del mercado"},"content":{"rendered":"\n<p>Para el 2023, en Colombia se reportaron ventas de carros h\u00edbridos por un total de 28.000 y 3.700 el\u00e9ctricos, de acuerdo a los datos informados a inicios de este a\u00f1o por la alianza ANDI &#8211; Fenalco, donde tambi\u00e9n se destaca que Bogot\u00e1 es una las ciudades donde se venden m\u00e1s carros de estos dos segmentos con un 43% de participaci\u00f3n en el mercado, seguida de Medell\u00edn con un 18%.<br><br>La ANDI y Fenalco, tambi\u00e9n reportaron que pese a que el a\u00f1o pasado la venta de autom\u00f3viles, incluidas las motos, cayeron; los carros ecol\u00f3gicos mostraron crecimientos importantes comparados con los de 2022. En el mes de abril, la Secretar\u00eda de Ambiente de Bogot\u00e1, alert\u00f3 sobre la contaminaci\u00f3n atmosf\u00e9rica, invitando a las personas a movilizarse en veh\u00edculos no contaminantes, dado que el 25% de la responsabilidad de la mala calidad del aire, se deb\u00eda a las emisiones por parte de las industrias y el transporte.&nbsp;<\/p>\n\n\n\n<p><strong>Todos a cuidar el planeta<\/strong><\/p>\n\n\n\n<p>Ante la necesidad de aportar cada vez m\u00e1s al cuidado del planeta desde los diferentes \u00e1ngulos, la industria aseguradora tambi\u00e9n se suma a proteger los carros ecol\u00f3gicos. \u201cEstamos en una nueva era en la gesti\u00f3n de seguros y con nuestro Seguro de Autos Verdes, buscamos hacer parte de ello. Ahora los colombianos pueden solicitar servicios de emergencia para sus carros el\u00e9ctricos e h\u00edbridos, como asistencia en caso de varada y traslado al punto de recarga m\u00e1s cercano, accidente o robo del veh\u00edculo, del cable o del cargador; todo con unos simples pasos desde el dispositivo m\u00f3vil en la app Bol\u00edvar Conmigo\u201d, afirm\u00f3 \u00c1lvaro Carrillo, presidente de Seguros Bol\u00edvar.&nbsp;<\/p>\n\n\n\n<p>Actualmente, Seguros Bol\u00edvar cuenta con m\u00e1s de 7.000 personas que han optado por proteger su carro h\u00edbrido o el\u00e9ctrico, informando que para este 2024, el mercado en general ha presentado un incremento del 39,4% comparado con los autos de combustible; proyectando cerrar este a\u00f1o con un 40,5% de asegurados ecol\u00f3gicos.<br><br><strong>Los beneficios de ser verdes<\/strong><\/p>\n\n\n\n<p>Seg\u00fan los an\u00e1lisis de la industria, los propietarios de estos autos gracias a la Ley 1964 de Veh\u00edculos El\u00e9ctricos del 11 de julio de 2019 pueden contar con algunos beneficios tributarios, m\u00e1s un 10% de descuento en el SOAT, sumando a esto que lo pueden adquirir con un 56% m\u00e1s econ\u00f3mico que los carros tradicionales.&nbsp;<\/p>\n\n\n\n<p>En t\u00e9rminos de protecci\u00f3n, existen seguros que van m\u00e1s all\u00e1 de la cobertura tradicional en caso de robo o accidente, como el Seguro Autos Verdes de Seguros Bol\u00edvar para veh\u00edculos h\u00edbridos y el\u00e9ctricos que adem\u00e1s se extiende a cubrir los da\u00f1os ocasionados a los&nbsp; sistemas el\u00e9ctricos seg\u00fan la tecnolog\u00eda; traslado al punto de recarga m\u00e1s cercano en caso de quedarse sin bater\u00eda; protecci\u00f3n ante da\u00f1os o robo del cable o cargador del auto el\u00e9ctrico; robo parcial o total del veh\u00edculo; da\u00f1os, lesi\u00f3n o muerte a terceros; da\u00f1o o robo de vidrios, emblemas, boceles y llaves; accidentes; veh\u00edculo de reemplazo en caso de que el anterior est\u00e9 en el taller o ya no funcione;&nbsp; asistencia jur\u00eddica en situaciones de emergencia y acceso a talleres autorizados en todo el pa\u00eds para un servicio de calidad y confianza.&nbsp;<\/p>\n\n\n\n<p>\u201cParte del reto de aportar todos a la protecci\u00f3n del medio ambiente, requiere que las aseguradoras entiendan tambi\u00e9n la diversidad de veh\u00edculos verdes que los colombianos est\u00e1n usando. En nuestro caso, tenemos esta p\u00f3liza que est\u00e1 hecha para cuidar a los que cuidan al planeta, haciendo que cada uno de sus trayectos sea seguro y tranquilo\u201d, culmin\u00f3 Carrillo.<\/p>\n","protected":false},"excerpt":{"rendered":"<p>Para el 2023, en Colombia se reportaron ventas de carros h\u00edbridos por un total de 28.000 y 3.700 el\u00e9ctricos, de acuerdo a los datos informados a inicios de este a\u00f1o por la alianza ANDI &#8211; Fenalco, donde tambi\u00e9n se destaca que Bogot\u00e1 es una las ciudades donde se venden m\u00e1s carros de estos dos segmentos [&hellip;]<\/p>\n","protected":false},"author":2,"featured_media":997,"comment_status":"open","ping_status":"open","sticky":false,"template":"","format":"standard","meta":{"_jetpack_newsletter_access":"","_jetpack_dont_email_post_to_subs":false,"_jetpack_newsletter_tier_id":0,"_jetpack_memberships_contains_paywalled_content":false,"_jetpack_memberships_contains_paid_content":false,"footnotes":""},"categories":[9],"tags":[83],"class_list":{"0":"post-996","1":"post","2":"type-post","3":"status-publish","4":"format-standard","5":"has-post-thumbnail","7":"category-economia","8":"tag-bogota"},"jetpack_sharing_enabled":true,"jetpack_featured_media_url":"https:\/\/i0.wp.com\/colombiabuenanota.com\/wp-content\/uploads\/2024\/07\/Autos-verdes.jpg?fit=691%2C631&ssl=1","jetpack-related-posts":[],"_links":{"self":[{"href":"https:\/\/colombiabuenanota.com\/index.php\/wp-json\/wp\/v2\/posts\/996","targetHints":{"allow":["GET"]}}],"collection":[{"href":"https:\/\/colombiabuenanota.com\/index.php\/wp-json\/wp\/v2\/posts"}],"about":[{"href":"https:\/\/colombiabuenanota.com\/index.php\/wp-json\/wp\/v2\/types\/post"}],"author":[{"embeddable":true,"href":"https:\/\/colombiabuenanota.com\/index.php\/wp-json\/wp\/v2\/users\/2"}],"replies":[{"embeddable":true,"href":"https:\/\/colombiabuenanota.com\/index.php\/wp-json\/wp\/v2\/comments?post=996"}],"version-history":[{"count":1,"href":"https:\/\/colombiabuenanota.com\/index.php\/wp-json\/wp\/v2\/posts\/996\/revisions"}],"predecessor-version":[{"id":998,"href":"https:\/\/colombiabuenanota.com\/index.php\/wp-json\/wp\/v2\/posts\/996\/revisions\/998"}],"wp:featuredmedia":[{"embeddable":true,"href":"https:\/\/colombiabuenanota.com\/index.php\/wp-json\/wp\/v2\/media\/997"}],"wp:attachment":[{"href":"https:\/\/colombiabuenanota.com\/index.php\/wp-json\/wp\/v2\/media?parent=996"}],"wp:term":[{"taxonomy":"category","embeddable":true,"href":"https:\/\/colombiabuenanota.com\/index.php\/wp-json\/wp\/v2\/categories?post=996"},{"taxonomy":"post_tag","embeddable":true,"href":"https:\/\/colombiabuenanota.com\/index.php\/wp-json\/wp\/v2\/tags?post=996"}],"curies":[{"name":"wp","href":"https:\/\/api.w.org\/{rel}","templated":true}]}}