{"id":972,"date":"2024-07-18T11:22:55","date_gmt":"2024-07-18T16:22:55","guid":{"rendered":"https:\/\/colombiabuenanota.com\/?p=972"},"modified":"2024-07-18T11:22:58","modified_gmt":"2024-07-18T16:22:58","slug":"sarcoma-el-cancer-que-afecta-los-huesos-y-tejidos-blandos","status":"publish","type":"post","link":"https:\/\/colombiabuenanota.com\/index.php\/2024\/07\/18\/sarcoma-el-cancer-que-afecta-los-huesos-y-tejidos-blandos\/","title":{"rendered":"Sarcoma, el c\u00e1ncer que afecta los huesos y tejidos blandos"},"content":{"rendered":"\n<p>&nbsp;El sarcoma es un tipo de c\u00e1ncer que puede surgir tanto en los huesos como en diversos tejidos blandos del cuerpo, como m\u00fasculos, grasa, nervios y tejidos fibrosos. Cuando afectan las extremidades, pueden comprometer seriamente la funci\u00f3n y la movilidad, representando un desaf\u00edo para su tratamiento e intervenci\u00f3n oportuna. Seg\u00fan el Instituto Nacional de Cancerolog\u00eda, algunos tipos de sarcomas de extremidades est\u00e1n asociados con tasas de mortalidad de hasta el 50%.<\/p>\n\n\n\n<p><em>&#8220;Se estima que los sarcomas representan aproximadamente el&nbsp;<\/em><em>uno por ciento&nbsp;de todos los c\u00e1nceres diagnosticados anualmente en el mundo. Estos pueden manifestarse en cualquier \u00e1rea del cuerpo y en aproximadamente el 60% de los casos ocurre en las extremidades, incluyendo rodillas, brazos y piernas, aunque tambi\u00e9n pueden encontrarse en el t\u00f3rax, cabeza, cuello y \u00e1reas espec\u00edficas del abdomen. Estos c\u00e1nceres se dividen principalmente en sarcomas de tejidos blandos -que afectan a m\u00fasculos, grasa y otros tejidos blandos-, y sarcomas \u00f3seos -que se desarrollan en los huesos del cuerpo-. Los sarcomas, que afectan principalmente los tejidos blandos y \u00f3seos, representan un desaf\u00edo significativo en el \u00e1mbito m\u00e9dico debido a su variedad de tipos y su complejidad en el diagn\u00f3stico y tratamiento,&#8221;<\/em>&nbsp;afirma el Doctor Jorge L\u00f3pez, ortopedista onc\u00f3logo del Hospital San Vicente Fundaci\u00f3n Medell\u00edn.<\/p>\n\n\n\n<h2 class=\"wp-block-heading\">S\u00edntomas del sarcoma<\/h2>\n\n\n\n<p>Los s\u00edntomas comunes incluyen la presencia de una masa o hinchaz\u00f3n inexplicable en la extremidad, dolor persistente en la rodilla y cambios en la funci\u00f3n. El diagn\u00f3stico generalmente incluye una evaluaci\u00f3n cl\u00ednica completa, incluyendo un examen f\u00edsico detallado, biopsias&nbsp;guiadas por im\u00e1genes, ex\u00e1menes de extensi\u00f3n como: resonancias magn\u00e9ticas, tomograf\u00edas y gammagraf\u00edas \u00f3seas (un estudio de diagn\u00f3stico por im\u00e1genes de medicina nuclear), para determinar la naturaleza y extensi\u00f3n del sarcoma.<\/p>\n\n\n\n<h2 class=\"wp-block-heading\">Tratamiento del sarcoma<\/h2>\n\n\n\n<p>El tratamiento incluye, principalmente, la cirug\u00eda para extirpar el tumor y en algunos casos contempla la radioterapia para asegurar la eliminaci\u00f3n completa del c\u00e1ncer. Sin embargo, los sarcomas de extremidades a veces requieren decisiones dif\u00edciles de tomar por parte del personal m\u00e9dico, como la amputaci\u00f3n, para salvar la vida del paciente cuando otros tratamientos no son viables.<\/p>\n\n\n\n<p><em>&#8220;En algunos casos avanzados de sarcomas de extremidades, la amputaci\u00f3n puede ser la \u00fanica opci\u00f3n para detener la progresi\u00f3n del c\u00e1ncer y mejorar las posibilidades de supervivencia. En el Hospital San Vicente Fundaci\u00f3n Medell\u00edn, contamos con un equipo multidisciplinario compuesto por cirujanos, radi\u00f3logos, ortopedista onc\u00f3logo, enfermeras especializadas, psic\u00f3logos, psiquiatras, etc., que ofrecen un diagn\u00f3stico oportuno y un tratamiento personalizado dedicado a apoyar a cada paciente en este dif\u00edcil proceso, asegurando un cuidado integral y personalizado en cada etapa del tratamiento. Adem\u00e1s, tenemos toda la infraestructura f\u00edsica necesaria para la atenci\u00f3n a pacientes de alto nivel de complejidad como unidad de cuidados intensivos, banco de tejidos para salvar extremidades cuando es viable, radiolog\u00eda, laboratorios, servicios de quimioterapias, entre otros,\u201d<\/em>&nbsp;destaca el Doctor Jorge L\u00f3pez, ortopedista onc\u00f3logo del Hospital San Vicente Fundaci\u00f3n Medell\u00edn.<\/p>\n\n\n\n<p>Atender eficazmente a los pacientes con sarcomas de extremidades requiere un enfoque colaborativo entre diferentes especialistas m\u00e9dicos. Este enfoque integrado no solo mejora las tasas de \u00e9xito en el tratamiento, sino que tambi\u00e9n proporciona un apoyo integral que aborda las necesidades m\u00e9dicas y emocionales de los pacientes y sus familias. En el caso del Hospital&nbsp;San Vicente Fundaci\u00f3n Medell\u00edn, durante el 2023, se atendieron 217 pacientes y se realizaron 106 cirug\u00edas por sarcomas y tumores \u00f3seos, indicadores que a pesar de la baja prevalencia de estas enfermedades, destacan las capacidades de la Instituci\u00f3n para brindar atenci\u00f3n de alta complejidad con altos est\u00e1ndares de calidad y con personal altamente capacitado.<\/p>\n\n\n\n<p>Durante todo el mes de julio, El Hospital San Vicente Fundaci\u00f3n Medell\u00edn se une a la conmemoraci\u00f3n del D\u00eda Internacional del Sarcoma, dedicado a resaltar la importancia de comprender esta enfermedad. Esta iniciativa promueve la investigaci\u00f3n constante y el acceso equitativo a tratamientos avanzados, buscando mejorar los resultados y la calidad de vida de quienes enfrentan sarcomas de extremidades.<\/p>\n","protected":false},"excerpt":{"rendered":"<p>&nbsp;El sarcoma es un tipo de c\u00e1ncer que puede surgir tanto en los huesos como en diversos tejidos blandos del cuerpo, como m\u00fasculos, grasa, nervios y tejidos fibrosos. Cuando afectan las extremidades, pueden comprometer seriamente la funci\u00f3n y la movilidad, representando un desaf\u00edo para su tratamiento e intervenci\u00f3n oportuna. Seg\u00fan el Instituto Nacional de Cancerolog\u00eda, [&hellip;]<\/p>\n","protected":false},"author":2,"featured_media":973,"comment_status":"open","ping_status":"open","sticky":false,"template":"","format":"standard","meta":{"_jetpack_newsletter_access":"","_jetpack_dont_email_post_to_subs":false,"_jetpack_newsletter_tier_id":0,"_jetpack_memberships_contains_paywalled_content":false,"_jetpack_memberships_contains_paid_content":false,"footnotes":""},"categories":[12],"tags":[],"class_list":{"0":"post-972","1":"post","2":"type-post","3":"status-publish","4":"format-standard","5":"has-post-thumbnail","7":"category-salud"},"jetpack_sharing_enabled":true,"jetpack_featured_media_url":"https:\/\/i0.wp.com\/colombiabuenanota.com\/wp-content\/uploads\/2024\/07\/image-3.png?fit=700%2C381&ssl=1","jetpack-related-posts":[],"_links":{"self":[{"href":"https:\/\/colombiabuenanota.com\/index.php\/wp-json\/wp\/v2\/posts\/972","targetHints":{"allow":["GET"]}}],"collection":[{"href":"https:\/\/colombiabuenanota.com\/index.php\/wp-json\/wp\/v2\/posts"}],"about":[{"href":"https:\/\/colombiabuenanota.com\/index.php\/wp-json\/wp\/v2\/types\/post"}],"author":[{"embeddable":true,"href":"https:\/\/colombiabuenanota.com\/index.php\/wp-json\/wp\/v2\/users\/2"}],"replies":[{"embeddable":true,"href":"https:\/\/colombiabuenanota.com\/index.php\/wp-json\/wp\/v2\/comments?post=972"}],"version-history":[{"count":1,"href":"https:\/\/colombiabuenanota.com\/index.php\/wp-json\/wp\/v2\/posts\/972\/revisions"}],"predecessor-version":[{"id":974,"href":"https:\/\/colombiabuenanota.com\/index.php\/wp-json\/wp\/v2\/posts\/972\/revisions\/974"}],"wp:featuredmedia":[{"embeddable":true,"href":"https:\/\/colombiabuenanota.com\/index.php\/wp-json\/wp\/v2\/media\/973"}],"wp:attachment":[{"href":"https:\/\/colombiabuenanota.com\/index.php\/wp-json\/wp\/v2\/media?parent=972"}],"wp:term":[{"taxonomy":"category","embeddable":true,"href":"https:\/\/colombiabuenanota.com\/index.php\/wp-json\/wp\/v2\/categories?post=972"},{"taxonomy":"post_tag","embeddable":true,"href":"https:\/\/colombiabuenanota.com\/index.php\/wp-json\/wp\/v2\/tags?post=972"}],"curies":[{"name":"wp","href":"https:\/\/api.w.org\/{rel}","templated":true}]}}