{"id":969,"date":"2024-07-18T11:14:25","date_gmt":"2024-07-18T16:14:25","guid":{"rendered":"https:\/\/colombiabuenanota.com\/?p=969"},"modified":"2024-07-18T11:14:28","modified_gmt":"2024-07-18T16:14:28","slug":"worldvision-apoya-emprendimientos-de-137-jovenes-calenos","status":"publish","type":"post","link":"https:\/\/colombiabuenanota.com\/index.php\/2024\/07\/18\/worldvision-apoya-emprendimientos-de-137-jovenes-calenos\/","title":{"rendered":"WorldVision apoya emprendimientos de 137 j\u00f3venes cale\u00f1os"},"content":{"rendered":"\n<p>Desde enero de este a\u00f1o, los participantes han demostrado todo su compromiso y dedicaci\u00f3n en este proyecto. La organizaci\u00f3n humanitaria promueve la confianza en la juventud y los motiva a no limitar sus sue\u00f1os, lo que ha permitido evidenciar grandes resultados en tan poco tiempo.&nbsp;<\/p>\n\n\n\n<p>El proceso con estos grupos ha dado resultados como un proyecto comunitario enfocado en la creaci\u00f3n de relaciones de convivencia en distintos sectores, adem\u00e1s hay 9 emprendimientos de gran inter\u00e9s que, en la segunda fase, podr\u00e1n fortalecer sus unidades productivas; y varios j\u00f3venes ha sido apoyados por World Vision para realizar pruebas pre-ICFES y Saber Pro, esto con el fin de que puedan ingresar a una instituci\u00f3n educativa superior.&nbsp;<\/p>\n\n\n\n<p>Estos resultados tuvieron la clausura de la primera fase del proceso Youth Ready en un evento de graduaci\u00f3n, all\u00ed se reconoci\u00f3 el compromiso de los 30 j\u00f3venes. Este tipo de reconocimiento les motiva a seguir con su proceso.<\/p>\n\n\n\n<p>Por otra parte,<strong>\u00a0<\/strong>seg\u00fan el reporte de &#8220;Cali, C\u00f3mo Vamos&#8221; 2023, aunque se han visto avances en el cierre de brechas socioecon\u00f3micas, los j\u00f3venes a\u00fan presentan retos importantes para la superaci\u00f3n de la pobreza y el desarrollo de medios de vida.\u00a0<\/p>\n\n\n\n<p>Adem\u00e1s, los problemas de inseguridad en la ciudad siguen siendo un gran reto para la juventud, los homicidios a personas j\u00f3venes aumentaron en un 1,6% y seg\u00fan el\u00a0\u00a0Observatorio de Seguridad en Cali, la venta de sustancias psicoactivas y las pugnas por el control del territorio son detonantes importantes en el fen\u00f3meno de la violencia juvenil.<\/p>\n\n\n\n<p>Ante esta situaci\u00f3n se observa las bajas oportunidades que tienen los j\u00f3venes en la ciudad, seg\u00fan el reporte de \u201cCali, C\u00f3mo Vamos\u201d el 47% de los j\u00f3venes vive de la informalidad y no cuenta con un ingreso estable.&nbsp;<\/p>\n","protected":false},"excerpt":{"rendered":"<p>Desde enero de este a\u00f1o, los participantes han demostrado todo su compromiso y dedicaci\u00f3n en este proyecto. La organizaci\u00f3n humanitaria promueve la confianza en la juventud y los motiva a no limitar sus sue\u00f1os, lo que ha permitido evidenciar grandes resultados en tan poco tiempo.&nbsp; El proceso con estos grupos ha dado resultados como un [&hellip;]<\/p>\n","protected":false},"author":2,"featured_media":970,"comment_status":"open","ping_status":"open","sticky":false,"template":"","format":"standard","meta":{"_jetpack_newsletter_access":"","_jetpack_dont_email_post_to_subs":false,"_jetpack_newsletter_tier_id":0,"_jetpack_memberships_contains_paywalled_content":false,"_jetpack_memberships_contains_paid_content":false,"footnotes":""},"categories":[14],"tags":[],"class_list":{"0":"post-969","1":"post","2":"type-post","3":"status-publish","4":"format-standard","5":"has-post-thumbnail","7":"category-ciudades-buena-nota"},"jetpack_sharing_enabled":true,"jetpack_featured_media_url":"https:\/\/i0.wp.com\/colombiabuenanota.com\/wp-content\/uploads\/2024\/07\/jovenes2.jpg?fit=700%2C392&ssl=1","jetpack-related-posts":[],"_links":{"self":[{"href":"https:\/\/colombiabuenanota.com\/index.php\/wp-json\/wp\/v2\/posts\/969","targetHints":{"allow":["GET"]}}],"collection":[{"href":"https:\/\/colombiabuenanota.com\/index.php\/wp-json\/wp\/v2\/posts"}],"about":[{"href":"https:\/\/colombiabuenanota.com\/index.php\/wp-json\/wp\/v2\/types\/post"}],"author":[{"embeddable":true,"href":"https:\/\/colombiabuenanota.com\/index.php\/wp-json\/wp\/v2\/users\/2"}],"replies":[{"embeddable":true,"href":"https:\/\/colombiabuenanota.com\/index.php\/wp-json\/wp\/v2\/comments?post=969"}],"version-history":[{"count":1,"href":"https:\/\/colombiabuenanota.com\/index.php\/wp-json\/wp\/v2\/posts\/969\/revisions"}],"predecessor-version":[{"id":971,"href":"https:\/\/colombiabuenanota.com\/index.php\/wp-json\/wp\/v2\/posts\/969\/revisions\/971"}],"wp:featuredmedia":[{"embeddable":true,"href":"https:\/\/colombiabuenanota.com\/index.php\/wp-json\/wp\/v2\/media\/970"}],"wp:attachment":[{"href":"https:\/\/colombiabuenanota.com\/index.php\/wp-json\/wp\/v2\/media?parent=969"}],"wp:term":[{"taxonomy":"category","embeddable":true,"href":"https:\/\/colombiabuenanota.com\/index.php\/wp-json\/wp\/v2\/categories?post=969"},{"taxonomy":"post_tag","embeddable":true,"href":"https:\/\/colombiabuenanota.com\/index.php\/wp-json\/wp\/v2\/tags?post=969"}],"curies":[{"name":"wp","href":"https:\/\/api.w.org\/{rel}","templated":true}]}}