{"id":923,"date":"2024-07-15T10:26:45","date_gmt":"2024-07-15T15:26:45","guid":{"rendered":"https:\/\/colombiabuenanota.com\/?p=923"},"modified":"2024-07-15T10:26:48","modified_gmt":"2024-07-15T15:26:48","slug":"premio-civico-por-una-ciudad-mejor-vuelve-a-buenaventura","status":"publish","type":"post","link":"https:\/\/colombiabuenanota.com\/index.php\/2024\/07\/15\/premio-civico-por-una-ciudad-mejor-vuelve-a-buenaventura\/","title":{"rendered":"El Premio C\u00edvico \u2018Por una ciudad Mejor\u2019 vuelve a Buenaventura"},"content":{"rendered":"\n<p>El \u2018Premio C\u00edvico por una Ciudad Mejor\u2019 regresa a Buenaventura, luego de diez a\u00f1os, con el objetivo de reconocer y potenciar el trabajo de las iniciativas sociales innovadoras que mejoren la calidad de vida de las comunidades del Disitrito. El pasado jueves se realiz\u00f3 el lanzamiento, en el Hotel Cosmos Pac\u00edfico, en un evento que cont\u00f3 con la presencia de organizaciones que aportan al desarrollo de esta iniciativa, as\u00ed como de asociaciones c\u00edvicas.<\/p>\n\n\n\n<p>\u201cPara la C\u00e1mara de Comercio de Buenaventura es muy importante continuar conectando al sector productivo con los temas sociales, teniendo en cuenta la estrecha relaci\u00f3n entre ambos y la importancia de propender por un tejido social saludable para la dinamizaci\u00f3n y desarrollo de la econom\u00eda de los bonaverenses\u201d, indic\u00f3 Jhon Edwin Arias, director de Competitividad de la C\u00e1mara de Comercio de Buenaventura.<\/p>\n\n\n\n<p>A su turno, Mar\u00eda Isabel Ulloa, directora ejecutiva de Propac\u00edfico, expres\u00f3: \u201cen el marco de Compromiso Valle, el Premio C\u00edvico regresa fortalecido a Buenaventura, y estamos felices porque vamos a seguir construyendo tejido social y visibilizando todos estos liderazgos sociales&#8221;.&nbsp; El premio, que naci\u00f3 en Bogot\u00e1 en 1988 y se ha extendido a ciudades como Cali, Cartagena, Manizales, Yumbo y Palmira, reconocer\u00e1 a diez organizaciones, con formaci\u00f3n en liderazgo y otras habilidades para fortalecerse, en tanto que cinco de ellas recibir\u00e1n un capital semilla de diez millones, para potenciar sus proyectos.&nbsp;<\/p>\n\n\n\n<p>Durante el lanzamiento del premio se realiz\u00f3 el panel \u2018<strong><em>Transformaci\u00f3n Social: Innovaci\u00f3n y Sostenibilidad en Buenaventura\u2019,<\/em><\/strong>&nbsp;del que participaron Am\u00edn Sinisterra, l\u00edder del programa Buenaventura C\u00f3mo Vamos; Liborio Cuellar, Gerente de la Sociedad Portuaria de Buenaventura; Jos\u00e9 Vicente R\u00edos, Jurado de la primera versi\u00f3n del Premio; Zoraida Mondrag\u00f3n, de la Asociaci\u00f3n de Mujeres Cabezas de Familia, y Bryan Monta\u00f1o Pay\u00e1n, director de la Fundaci\u00f3n Pro y Paz. El panel fue moderado por Paola G\u00f3mez, l\u00edder de Comunicaci\u00f3n Externa de la Fundaci\u00f3n WWB Colombia y columnista del diario El Pa\u00eds.<\/p>\n\n\n\n<p>\u201cComo empresa privada vemos que esta es una oportunidad \u00fanica para incentivar esos esfuerzos de la comunidad. Nosotros vemos que cualquier cosa que va en la direcci\u00f3n de hacer un cambio profundo en Buenaventura, es algo que siempre vamos a apoyar&#8221;, manifest\u00f3 Liborio Cu\u00e9llar, gerente de la Sociedad Portuaria.<\/p>\n\n\n\n<p>En tanto, Zoraida Mondrag\u00f3n, representante de la Asociaci\u00f3n de Mujeres Cabezas\u00a0de\u00a0Hogar, que result\u00f3 beneficiada en la primera versi\u00f3n del premio dijo: &#8220;Como asociaci\u00f3n vivimos una experiencia muy bonita, nos fortalecimos con el premio. Invito a las personas que van a participar de esta convocatoria a que se animen, que s\u00ed se puede; trabajando organizados podemos y lo lograremos&#8221;.<\/p>\n\n\n\n<h2 class=\"wp-block-heading\">Sobre el premio c\u00edvico Por una ciudad mejor en Buenaventura<\/h2>\n\n\n\n<p>El Premio C\u00edvico en Buenaventura es liderado por&nbsp;Compromiso Valle y la C\u00e1mara de Comercio de Buenaventura. Cuenta con el apoyo de la Sociedad Portuaria Buenaventura, el Hotel Cosmos Pac\u00edfico, y las Fundaciones WWB Colombia, Bol\u00edvar Davivienda, Carvajal, Corona, Fanalca, Alvaralice, Plan Internacional y Smurfit Kappa Colombia. Adem\u00e1s, cuenta con la colaboraci\u00f3n del Colegio Freinet, Cedecur, el Noticiero 90 Minutos y el Peri\u00f3dico El Pa\u00eds. Para conocer m\u00e1s del premio y postularse, las organizaciones pueden hacerlo a trav\u00e9s del formulario en l\u00ednea, que estar\u00e1 disponible hasta el 19 de julio en la p\u00e1gina web de la C\u00e1mara de Comercio de Buenaventura&nbsp;<a href=\"http:\/\/www.ccbun.org\/\" target=\"_blank\" rel=\"noreferrer noopener\">www.ccbun.org<\/a>.<\/p>\n","protected":false},"excerpt":{"rendered":"<p>El \u2018Premio C\u00edvico por una Ciudad Mejor\u2019 regresa a Buenaventura, luego de diez a\u00f1os, con el objetivo de reconocer y potenciar el trabajo de las iniciativas sociales innovadoras que mejoren la calidad de vida de las comunidades del Disitrito. El pasado jueves se realiz\u00f3 el lanzamiento, en el Hotel Cosmos Pac\u00edfico, en un evento que [&hellip;]<\/p>\n","protected":false},"author":2,"featured_media":924,"comment_status":"open","ping_status":"open","sticky":false,"template":"","format":"standard","meta":{"_jetpack_newsletter_access":"","_jetpack_dont_email_post_to_subs":false,"_jetpack_newsletter_tier_id":0,"_jetpack_memberships_contains_paywalled_content":false,"_jetpack_memberships_contains_paid_content":false,"footnotes":""},"categories":[14],"tags":[],"class_list":{"0":"post-923","1":"post","2":"type-post","3":"status-publish","4":"format-standard","5":"has-post-thumbnail","7":"category-ciudades-buena-nota"},"jetpack_sharing_enabled":true,"jetpack_featured_media_url":"https:\/\/i0.wp.com\/colombiabuenanota.com\/wp-content\/uploads\/2024\/07\/Foto-2.jpg?fit=700%2C525&ssl=1","jetpack-related-posts":[],"_links":{"self":[{"href":"https:\/\/colombiabuenanota.com\/index.php\/wp-json\/wp\/v2\/posts\/923","targetHints":{"allow":["GET"]}}],"collection":[{"href":"https:\/\/colombiabuenanota.com\/index.php\/wp-json\/wp\/v2\/posts"}],"about":[{"href":"https:\/\/colombiabuenanota.com\/index.php\/wp-json\/wp\/v2\/types\/post"}],"author":[{"embeddable":true,"href":"https:\/\/colombiabuenanota.com\/index.php\/wp-json\/wp\/v2\/users\/2"}],"replies":[{"embeddable":true,"href":"https:\/\/colombiabuenanota.com\/index.php\/wp-json\/wp\/v2\/comments?post=923"}],"version-history":[{"count":1,"href":"https:\/\/colombiabuenanota.com\/index.php\/wp-json\/wp\/v2\/posts\/923\/revisions"}],"predecessor-version":[{"id":925,"href":"https:\/\/colombiabuenanota.com\/index.php\/wp-json\/wp\/v2\/posts\/923\/revisions\/925"}],"wp:featuredmedia":[{"embeddable":true,"href":"https:\/\/colombiabuenanota.com\/index.php\/wp-json\/wp\/v2\/media\/924"}],"wp:attachment":[{"href":"https:\/\/colombiabuenanota.com\/index.php\/wp-json\/wp\/v2\/media?parent=923"}],"wp:term":[{"taxonomy":"category","embeddable":true,"href":"https:\/\/colombiabuenanota.com\/index.php\/wp-json\/wp\/v2\/categories?post=923"},{"taxonomy":"post_tag","embeddable":true,"href":"https:\/\/colombiabuenanota.com\/index.php\/wp-json\/wp\/v2\/tags?post=923"}],"curies":[{"name":"wp","href":"https:\/\/api.w.org\/{rel}","templated":true}]}}