{"id":909,"date":"2024-07-15T09:50:20","date_gmt":"2024-07-15T14:50:20","guid":{"rendered":"https:\/\/colombiabuenanota.com\/?p=909"},"modified":"2024-07-15T09:50:23","modified_gmt":"2024-07-15T14:50:23","slug":"ninos-y-adolescentes-disenan-parque-en-puerto-colombia","status":"publish","type":"post","link":"https:\/\/colombiabuenanota.com\/index.php\/2024\/07\/15\/ninos-y-adolescentes-disenan-parque-en-puerto-colombia\/","title":{"rendered":"Ni\u00f1os y adolescentes dise\u00f1an parque p\u00fablico\u00a0en Puerto Colombia"},"content":{"rendered":"\n<figure class=\"wp-block-table\"><table><tbody><tr><td>El torneo \u201cDel Metaverso a la Realidad\u201d realizado por Cementos Argos, en alianza con Grupo Argos, brind\u00f3 la posibilidad a cerca de 1.500 ni\u00f1os, ni\u00f1as, adolescentes y j\u00f3venes de toda Colombia, con edades entre los 7 y 20 a\u00f1os, de dise\u00f1ar sobre un modelo virtual en el videojuego Minecraft, la propuesta del pol\u00edgono 3 que se construir\u00e1 en el Parque El Tesoro de Ciudad Mallorqu\u00edn, el parque urbano y p\u00fablico m\u00e1s grande que tendr\u00e1 el \u00e1rea metropolitana de Barranquilla.<br><\/td><\/tr><\/tbody><\/table><figcaption class=\"wp-element-caption\">Este torneo promueve la formaci\u00f3n ciudadana expresada en el compromiso de las nuevas generaciones con la apropiaci\u00f3n de lo p\u00fablico y su participaci\u00f3n directa en el desarrollo y la transformaci\u00f3n positiva de los territorios, al llevar las ideas creadas en la plataforma virtual al proyecto constructivo del parque que se har\u00e1 realidad en 2025 para el disfrute y la convivencia de toda la comunidad de Ciudad Mallorqu\u00edn, en Puerto Colombia, Atl\u00e1ntico.<\/figcaption><\/figure>\n\n\n\n<figure class=\"wp-block-table\"><table><tbody><tr><td>Despu\u00e9s de un proceso de evaluaci\u00f3n de varias etapas, a partir de los aspectos detallados en la r\u00fabrica contenida en los t\u00e9rminos y condiciones, se seleccionaron las propuestas finalistas por categor\u00eda. Posteriormente, el jurado, integrado por los reconocidos arquitectos&nbsp;<strong>Rafael Obreg\u00f3n y Francisco Ricardo<\/strong>;&nbsp;<strong>Juan Esteban Calle<\/strong>, presidente de Cementos Argos;&nbsp;<strong>Mar\u00eda Clara Aristiz\u00e1bal<\/strong>, gerente del Negocio de Desarrollo Urbano de Grupo Argos; y&nbsp;<strong>Daniel Sarabia<\/strong>, Gerente de Urbanismo e Infraestructura de Grupo Argos, acordaron definir un podio del Atl\u00e1ntico y un podio para el resto del pa\u00eds y deliberaron para elegir los tres primeros lugares por categor\u00eda.<\/td><\/tr><\/tbody><\/table><\/figure>\n\n\n\n<h2 class=\"wp-block-heading\">Estos son los\u00a0<strong>ganadores de la versi\u00f3n 2024 del torneo \u201cDel metaverso a la realidad\u201d:<\/strong><\/h2>\n\n\n\n<p><strong>Ganadores del Atl\u00e1ntico<\/strong>:<\/p>\n\n\n\n<p><br><strong>Categor\u00eda Infantil<\/strong><br>\u2022 Primer lugar: Juan Jos\u00e9 Herrera Cleves<br>\u2022 Segundo lugar: Yahveth Sanabria Arango<br>\u2022 Tercer lugar: Mar\u00eda Gabriela Quintero Ram\u00edrez<\/p>\n\n\n\n<p><strong>Categor\u00eda Adolescencia<\/strong><br>\u2022 Primer lugar: &nbsp;Samuel Alejandro Padilla Garc\u00eda&nbsp;<br>\u2022 Segundo lugar: Samuel Patr\u00f3n Garc\u00eda<br>\u2022 Tercer lugar: Danilson David Sep\u00falveda Navarro<\/p>\n\n\n\n<p><strong>Categor\u00eda Juvenil<\/strong><br>\u2022 Primer lugar: Alexandra Cortina<br>\u2022 Segundo lugar: Juan Jos\u00e9 Cuello Royo<br>\u2022 Tercer lugar: Keyver M\u00e9ndez Turizo<\/p>\n\n\n\n<p><strong>Ganadores Nacionales:&nbsp;<\/strong><br><strong>Categor\u00eda Infantil<\/strong><br>\u2022 Primer lugar: Ashley Isabel Iguad Moran<br>\u2022 Segundo lugar: Abril Alexandra Vizca\u00edno Hern\u00e1ndez&nbsp;<br>\u2022 Tercer lugar: Adri\u00e1n Felipe Meza Navarro<\/p>\n\n\n\n<p><strong>Categor\u00eda Adolescencia<\/strong><br>\u2022 Primer lugar: Juan Sebasti\u00e1n Parra<br>\u2022 Segundo lugar: Harol Hern\u00e1n Cu\u00e9llar Narv\u00e1ez&nbsp;<br>\u2022 Tercer lugar: Jonathan C\u00e1rdenas Ponguta<\/p>\n\n\n\n<p><strong>Categor\u00eda Juvenil<\/strong><br>\u2022 Primer lugar: Sara Colorado Gil\u00a0<br>\u2022 Segundo lugar: C\u00e9sar David Dur\u00e1n Mart\u00ednez<br>\u2022 Tercer lugar: Carlos Andr\u00e9s Monta\u00f1a Navia<\/p>\n\n\n\n<p>Los primeros lugares recibieron como premio un port\u00e1til&nbsp;<em>gamer<\/em>, mientras que los segundos y terceros puestos obtuvieron consolas de videojuego. Adem\u00e1s, los nombres de los ganadores ser\u00e1n reconocidos en una placa que ser\u00e1 instalada en el parque que se construir\u00e1 como inspiradores de su dise\u00f1o.<\/p>\n\n\n\n<p><br>En el segundo semestre de 2024 se adelantar\u00e1n talleres con la comunidad de Ciudad Mallorqu\u00edn, contando con el acompa\u00f1amiento t\u00e9cnico de expertos, para priorizar los elementos clave de los dise\u00f1os ganadores que quedar\u00e1n plasmados en el proyecto final del Parque, el cual ser\u00e1 construido en 2025.<\/p>\n\n\n\n<h2 class=\"wp-block-heading\">Sobre el Parque el Tesoro<\/h2>\n\n\n\n<p>El Parque El Tesoro de Ciudad Mallorqu\u00edn se consolidar\u00e1 como el parque urbano m\u00e1s grande del \u00e1rea metropolitana de Barranquilla, ofreciendo desde hoy los primeros 11.500 m\u00b2 de un total de una red de 13,2 hect\u00e1reas. Este parque es una pieza central en el desarrollo de Ciudad Mallorqu\u00edn y est\u00e1 dise\u00f1ado para proporcionar un espacio de recreaci\u00f3n y esparcimiento las familias que habitar\u00e1n este desarrollo urbano privilegiado. Adicionalmente y en colaboraci\u00f3n con el Instituto Alexander Von Humboldt, el parque incorpora Soluciones Basadas en la Naturaleza, enfocadas en convertir este espacio p\u00fablico en un refugio de biodiversidad, promoviendo el bienestar ambiental y ofreciendo un espacio donde la naturaleza y la comunidad conviven en armon\u00eda.<\/p>\n\n\n\n<p><\/p>\n","protected":false},"excerpt":{"rendered":"<p>El torneo \u201cDel Metaverso a la Realidad\u201d realizado por Cementos Argos, en alianza con Grupo Argos, brind\u00f3 la posibilidad a cerca de 1.500 ni\u00f1os, ni\u00f1as, adolescentes y j\u00f3venes de toda Colombia, con edades entre los 7 y 20 a\u00f1os, de dise\u00f1ar sobre un modelo virtual en el videojuego Minecraft, la propuesta del pol\u00edgono 3 que [&hellip;]<\/p>\n","protected":false},"author":2,"featured_media":910,"comment_status":"open","ping_status":"open","sticky":false,"template":"","format":"standard","meta":{"_jetpack_newsletter_access":"","_jetpack_dont_email_post_to_subs":false,"_jetpack_newsletter_tier_id":0,"_jetpack_memberships_contains_paywalled_content":false,"_jetpack_memberships_contains_paid_content":false,"footnotes":""},"categories":[14],"tags":[],"class_list":{"0":"post-909","1":"post","2":"type-post","3":"status-publish","4":"format-standard","5":"has-post-thumbnail","7":"category-ciudades-buena-nota"},"jetpack_sharing_enabled":true,"jetpack_featured_media_url":"https:\/\/i0.wp.com\/colombiabuenanota.com\/wp-content\/uploads\/2024\/07\/unnamed-2.png?fit=700%2C462&ssl=1","jetpack-related-posts":[],"_links":{"self":[{"href":"https:\/\/colombiabuenanota.com\/index.php\/wp-json\/wp\/v2\/posts\/909","targetHints":{"allow":["GET"]}}],"collection":[{"href":"https:\/\/colombiabuenanota.com\/index.php\/wp-json\/wp\/v2\/posts"}],"about":[{"href":"https:\/\/colombiabuenanota.com\/index.php\/wp-json\/wp\/v2\/types\/post"}],"author":[{"embeddable":true,"href":"https:\/\/colombiabuenanota.com\/index.php\/wp-json\/wp\/v2\/users\/2"}],"replies":[{"embeddable":true,"href":"https:\/\/colombiabuenanota.com\/index.php\/wp-json\/wp\/v2\/comments?post=909"}],"version-history":[{"count":1,"href":"https:\/\/colombiabuenanota.com\/index.php\/wp-json\/wp\/v2\/posts\/909\/revisions"}],"predecessor-version":[{"id":911,"href":"https:\/\/colombiabuenanota.com\/index.php\/wp-json\/wp\/v2\/posts\/909\/revisions\/911"}],"wp:featuredmedia":[{"embeddable":true,"href":"https:\/\/colombiabuenanota.com\/index.php\/wp-json\/wp\/v2\/media\/910"}],"wp:attachment":[{"href":"https:\/\/colombiabuenanota.com\/index.php\/wp-json\/wp\/v2\/media?parent=909"}],"wp:term":[{"taxonomy":"category","embeddable":true,"href":"https:\/\/colombiabuenanota.com\/index.php\/wp-json\/wp\/v2\/categories?post=909"},{"taxonomy":"post_tag","embeddable":true,"href":"https:\/\/colombiabuenanota.com\/index.php\/wp-json\/wp\/v2\/tags?post=909"}],"curies":[{"name":"wp","href":"https:\/\/api.w.org\/{rel}","templated":true}]}}