{"id":870,"date":"2024-07-12T12:56:45","date_gmt":"2024-07-12T17:56:45","guid":{"rendered":"https:\/\/colombiabuenanota.com\/?p=870"},"modified":"2024-07-12T12:56:48","modified_gmt":"2024-07-12T17:56:48","slug":"fundacion-colombina-y-aliados-apoyan-emprendedores-en-tulua","status":"publish","type":"post","link":"https:\/\/colombiabuenanota.com\/index.php\/2024\/07\/12\/fundacion-colombina-y-aliados-apoyan-emprendedores-en-tulua\/","title":{"rendered":"Fundaci\u00f3n Colombina y sus aliados apoyan emprendedores en Tulu\u00e1"},"content":{"rendered":"\n<p>La Fundaci\u00f3n Colombina, Compromiso Valle y la C\u00e1mara de Comercio de Tulu\u00e1 se han unido para llevar a cabo en este municipio y su zona de influencia, la convocatoria&nbsp;<em>Big Brother Emprendedores<\/em>, la cual tiene como objetivo fortalecer a los peque\u00f1os empresarios de la regi\u00f3n y desarrollar sus capacidades de abastecimiento de bienes o servicios, enfocados en atender las necesidades de las empresas locales.<\/p>\n\n\n\n<p><em>\u201cPara la Fundaci\u00f3n Colombina es muy importante esta alianza porque nos permite llegar a un nuevo territorio con el programa Emprendedores Big Brother, que tiene como objetivo principal contribuir al crecimiento y fortalecimiento de las microempresas de Tulu\u00e1 y la regi\u00f3n. Se busca proporcionar a los emprendedores las herramientas necesarias para desarrollar o consolidar una idea de negocio o un emprendimiento que ya est\u00e9 funcionando, que ser\u00e1 evaluada por un comit\u00e9 de expertos de la Organizaci\u00f3n Colombina. A partir de sus respectivos planes de negocio, las mejores propuestas concursan para recibir un capital semilla para impulsar su desarrollo\u201d<\/em>&nbsp;coment\u00f3 Ana Mar\u00eda Juana Rojas, directora de la Fundaci\u00f3n Colombina.<\/p>\n\n\n\n<p>La convocatoria se lanz\u00f3 este 10 de julio, las personas interesadas podr\u00e1n inscribir sus propuestas hasta el 2 de agosto en&nbsp;<a href=\"https:\/\/docs.google.com\/forms\/d\/e\/1FAIpQLSfLnVQoNesUl8OSXeF0ndEApOIMewXoN8IsR9bLEg8ZexJBAg\/viewform\" target=\"_blank\" rel=\"noreferrer noopener\">aqu\u00ed<\/a>. &nbsp;Una vez sean seleccionadas las empresas, a trav\u00e9s de la C\u00e1mara de Comercio se realizar\u00e1 un plan de formaci\u00f3n y asesor\u00eda para entregar a los emprendedores postulados las herramientas para desarrollar una idea de negocio. Posteriormente, se presentar\u00e1n las ideas a un comit\u00e9 evaluador, quien escoger\u00e1 las 10 mejores para premiarlas con un capital semilla. Cabe resaltar que, por un a\u00f1o se har\u00e1 seguimiento a los ganadores con base en las metas establecidas. &nbsp;<\/p>\n\n\n\n<p>Esta iniciativatiene grandes beneficios sobre las microempresas seleccionadas como lo son los talleres y capacitaciones en gesti\u00f3n empresarial, consultor\u00eda personalizada para identificar \u00e1reas de mejora y desarrollar planes de acci\u00f3n espec\u00edficos, una zona de&nbsp;<em>networking<\/em>&nbsp;donde podr\u00e1n tener conexiones con otros emprendedores y expertos de la industria y acceso a recursos t\u00e9cnicos y financieros, que ser\u00e1n herramientas para mejorar la eficiencia y calidad de los productos.<\/p>\n\n\n\n<p><em>\u201cPara la C\u00e1mara de Comercio de Tulu\u00e1 es muy grato poder apoyar y acompa\u00f1ar a las empresas en cada uno de los procesos que adelantan, y m\u00e1s como en el caso del programa Big Brother Emprendedores que busca apoyar a los microempresarios con formaci\u00f3n y un capital semilla que nutrir\u00e1 sus respectivos planes de negocio. Estamos muy contentos de que esta iniciativa se adelante en nuestro municipio y que lleguen dos aliados tan importantes como Compromiso Valle y la Fundaci\u00f3n Colombina\u201d,\u00a0<\/em>puntualiz\u00f3 Miguel \u00c1ngel Gonz\u00e1lez Berm\u00fadez, presidente ejecutivo de la C\u00e1mara de Comercio de Tulu\u00e1.<\/p>\n\n\n\n<h2 class=\"wp-block-heading\">Las microempresas que est\u00e9n interesadas en participar deben cumplir con los siguientes requisitos:<\/h2>\n\n\n\n<ol class=\"wp-block-list\" start=\"1\">\n<li>Tener el registro y funcionamiento mercantil localizados en el municipio de Tulu\u00e1, ya sea en el \u00e1rea urbana o rural.<\/li>\n\n\n\n<li>Puede ser una idea nueva o un emprendimiento que ya est\u00e9 en funcionamiento<\/li>\n\n\n\n<li>Las empresas participantes deben dedicarse a la oferta de comidas r\u00e1pidas, experiencias gastron\u00f3micas o servicios de alimentaci\u00f3n. Tambi\u00e9n entran a concursar aquellas empresas con unidades de productivas agropecuarias. No se aceptar\u00e1n comercializadores de productos; s\u00f3lo fabricantes.<\/li>\n\n\n\n<li>Estas empresas deben contar con un m\u00ednimo de 2 empleados.<\/li>\n\n\n\n<li>Las empresas que quieran mantenerse en el concurso deben estar comprometidas a participar en todas las sesiones de formaci\u00f3n y asesor\u00edas y deben tener dedicaci\u00f3n exclusiva a su emprendimiento durante la duraci\u00f3n del programa.<\/li>\n<\/ol>\n\n\n\n<p><em>\u201cEsta alianza con la Fundaci\u00f3n Colombina, Compromiso Valle y la C\u00e1mara de Comercio de Tulu\u00e1 nos enorgullece en principio porque nos ha permitido llegar a un nuevo municipio y porque es un ejemplo de c\u00f3mo unidos, podemos fortalecer el tejido empresarial de la regi\u00f3n; refleja nuestro compromiso con el desarrollo sostenible de los peque\u00f1os empresarios. Queremos ser parte activa en la construcci\u00f3n de un futuro m\u00e1s pr\u00f3spero para la regi\u00f3n<\/em>\u201d, concluy\u00f3 Mar\u00eda Virginia Vergara, directora de Compromiso Valle.<\/p>\n\n\n\n<p><em>Big Brother Emprendedores&nbsp;<\/em>Tulu\u00e1 es un programa piloto que se espera, de acuerdo con los resultados, poder replicar el pr\u00f3ximo a\u00f1o.<\/p>\n","protected":false},"excerpt":{"rendered":"<p>La Fundaci\u00f3n Colombina, Compromiso Valle y la C\u00e1mara de Comercio de Tulu\u00e1 se han unido para llevar a cabo en este municipio y su zona de influencia, la convocatoria&nbsp;Big Brother Emprendedores, la cual tiene como objetivo fortalecer a los peque\u00f1os empresarios de la regi\u00f3n y desarrollar sus capacidades de abastecimiento de bienes o servicios, enfocados [&hellip;]<\/p>\n","protected":false},"author":2,"featured_media":871,"comment_status":"open","ping_status":"open","sticky":false,"template":"","format":"standard","meta":{"_jetpack_newsletter_access":"","_jetpack_dont_email_post_to_subs":false,"_jetpack_newsletter_tier_id":0,"_jetpack_memberships_contains_paywalled_content":false,"_jetpack_memberships_contains_paid_content":false,"footnotes":""},"categories":[14],"tags":[],"class_list":{"0":"post-870","1":"post","2":"type-post","3":"status-publish","4":"format-standard","5":"has-post-thumbnail","7":"category-ciudades-buena-nota"},"jetpack_sharing_enabled":true,"jetpack_featured_media_url":"https:\/\/i0.wp.com\/colombiabuenanota.com\/wp-content\/uploads\/2024\/07\/Miguel-Gonzalez-presidente-Camara-de-Comercio-Tulua-y-Pablo-Van-Delgado-gerente-Planta-Colombina-Tulua.jpg?fit=700%2C466&ssl=1","jetpack-related-posts":[],"_links":{"self":[{"href":"https:\/\/colombiabuenanota.com\/index.php\/wp-json\/wp\/v2\/posts\/870","targetHints":{"allow":["GET"]}}],"collection":[{"href":"https:\/\/colombiabuenanota.com\/index.php\/wp-json\/wp\/v2\/posts"}],"about":[{"href":"https:\/\/colombiabuenanota.com\/index.php\/wp-json\/wp\/v2\/types\/post"}],"author":[{"embeddable":true,"href":"https:\/\/colombiabuenanota.com\/index.php\/wp-json\/wp\/v2\/users\/2"}],"replies":[{"embeddable":true,"href":"https:\/\/colombiabuenanota.com\/index.php\/wp-json\/wp\/v2\/comments?post=870"}],"version-history":[{"count":1,"href":"https:\/\/colombiabuenanota.com\/index.php\/wp-json\/wp\/v2\/posts\/870\/revisions"}],"predecessor-version":[{"id":872,"href":"https:\/\/colombiabuenanota.com\/index.php\/wp-json\/wp\/v2\/posts\/870\/revisions\/872"}],"wp:featuredmedia":[{"embeddable":true,"href":"https:\/\/colombiabuenanota.com\/index.php\/wp-json\/wp\/v2\/media\/871"}],"wp:attachment":[{"href":"https:\/\/colombiabuenanota.com\/index.php\/wp-json\/wp\/v2\/media?parent=870"}],"wp:term":[{"taxonomy":"category","embeddable":true,"href":"https:\/\/colombiabuenanota.com\/index.php\/wp-json\/wp\/v2\/categories?post=870"},{"taxonomy":"post_tag","embeddable":true,"href":"https:\/\/colombiabuenanota.com\/index.php\/wp-json\/wp\/v2\/tags?post=870"}],"curies":[{"name":"wp","href":"https:\/\/api.w.org\/{rel}","templated":true}]}}