{"id":864,"date":"2024-07-12T12:43:33","date_gmt":"2024-07-12T17:43:33","guid":{"rendered":"https:\/\/colombiabuenanota.com\/?p=864"},"modified":"2024-07-12T12:43:36","modified_gmt":"2024-07-12T17:43:36","slug":"evite-la-saturacion-de-urgencias-durante-el-pico-respiratorio","status":"publish","type":"post","link":"https:\/\/colombiabuenanota.com\/index.php\/2024\/07\/12\/evite-la-saturacion-de-urgencias-durante-el-pico-respiratorio\/","title":{"rendered":"Evite la saturaci\u00f3n de urgencias durante el pico respiratorio"},"content":{"rendered":"\n<p>La ocupaci\u00f3n en servicios de urgencias aument\u00f3 el mes pasado en Bogot\u00e1 en un 260%, Medell\u00edn 169%, Cali 251% y Bucaramanga 135%, debido al incremento de casos por Infecciones Respiratorias Agudas. Frente a este panorama de sobreocupaci\u00f3n, Emerm\u00e9dica&nbsp;recomienda la telemedicina y el servicio de m\u00e9dico a domicilio como una excelente alternativa para tener acceso en mejor tiempo a servicios de salud.<\/p>\n\n\n\n<p>Tanto la telemedicina como el servicio m\u00e9dico en casa ofrecen diversas oportunidades a los pacientes, como&nbsp;acceso m\u00e1s r\u00e1pido a la atenci\u00f3n m\u00e9dica en la comodidad de su hogar, reducci\u00f3n de desplazamientos, rapidez en la atenci\u00f3n y&nbsp;una experiencia de usuario con tecnolog\u00edas de f\u00e1cil uso.&nbsp;<\/p>\n\n\n\n<p>La temporada de lluvias y cambios de temperatura agudizan el incremento de contagios, poniendo al l\u00edmite la capacidad de los servicios de urgencias y pediatr\u00eda. Ante la creciente demanda de atenciones m\u00e9dicas derivadas por el pico de Infecciones Respiratorias Agudas que atraviesa el pa\u00eds y los niveles de ocupaci\u00f3n en las Instituciones Prestadoras de Servicios (IPS), el Doctor Mauricio Guerrero, Director m\u00e9dico de Emerm\u00e9dica se\u00f1ala que \u201c<em>la transmisi\u00f3n de infecciones entre pacientes y personal de salud, por contacto directo o mediante objetos, es un agravante para la problem\u00e1tica en los servicios de urgencias. Frente a este panorama la mejor estrategia es adoptar una cultura de prevenci\u00f3n y autocuidado<\/em>.\u201d&nbsp;<\/p>\n\n\n\n<p>En pro de mitigar la propagaci\u00f3n de enfermedades respiratorias, cuyo pico se proyecta hasta mediados de julio, el Doctor Guerrero centra sus recomendaciones esenciales en pr\u00e1cticas de higiene, prevenci\u00f3n y atenci\u00f3n m\u00e9dica oportuna. Adem\u00e1s, se\u00f1ala que \u201c<em>alternativas como la telemedicina, en casos clasificados como Triage IV y V, es decir condiciones m\u00e9dicas que no representan un riesgo, son una opci\u00f3n r\u00e1pida, segura y resolutiva, a la que puede acceder el paciente desde donde se encuentre, de manera ilimitada y con la misma confiabilidad de una atenci\u00f3n presencial<\/em>.\u201d De esta manera se hace un uso responsable de los servicios de salud, para facilitar la priorizaci\u00f3n de emergencias y urgencias m\u00e9dicas, y a la vez, disminuyendo el riesgo de contagios.<\/p>\n\n\n\n<p>Emerm\u00e9dica cuenta con un servicio robusto de telemedicina para la atenci\u00f3n de casos no considerados emergencias y urgencias m\u00e9dicas, realizando m\u00e1s de 260.000 atenciones al a\u00f1o, y ofreciendo ventajas como disponibilidad (24 horas\/ 7 d\u00edas), acceso oportuno pues la conexi\u00f3n se realiza de manera telef\u00f3nica o a trav\u00e9s de video en cuesti\u00f3n de minutos, las consultas son atendidas exclusivamente por personal m\u00e9dico. En la atenci\u00f3n por telemedicina se realiza una impresi\u00f3n diagn\u00f3stica y se define un tratamiento, se genera una historia cl\u00ednica, y orden de medicamentos, solicitud de ex\u00e1menes paracl\u00ednicos, interconsultas a especialistas e incapacidades m\u00e9dicas en caso de ser necesario.&nbsp;<\/p>\n\n\n\n<p><strong>Prevenci\u00f3n y recomendaciones ante el contagio de IRA\u00a0<\/strong><\/p>\n\n\n\n<p>Para prevenir el contagio del IRA,&nbsp;<s>ese<\/s>grupo de enfermedades que se producen en el aparato respiratorio causadas por diferentes virus y bacterias, cuya duraci\u00f3n es menor a 2 semanas, se recomienda estas pautas de&nbsp;cuidado: &nbsp;<\/p>\n\n\n\n<p>\u25cf&nbsp;&nbsp;&nbsp;&nbsp;&nbsp;&nbsp;&nbsp;&nbsp;Lavando las manos constantemente.<\/p>\n\n\n\n<p>\u25cf&nbsp;&nbsp;&nbsp;&nbsp;&nbsp;&nbsp;&nbsp;&nbsp;Ventilaci\u00f3n de los espacios en el hogar y oficina.<\/p>\n\n\n\n<p>\u25cf&nbsp;&nbsp;&nbsp;&nbsp;&nbsp;&nbsp;&nbsp;&nbsp;Evitar el contacto con personas que presenten s\u00edntomas respiratorios.<\/p>\n\n\n\n<p>\u25cf&nbsp;&nbsp;&nbsp;&nbsp;&nbsp;&nbsp;&nbsp;&nbsp;Estar al d\u00eda con la vacunaci\u00f3n contra la influenza.<\/p>\n\n\n\n<p>\u25cf&nbsp;&nbsp;&nbsp;&nbsp;&nbsp;&nbsp;&nbsp;&nbsp;Cubriendo boca y nariz al toser o estornudar.<\/p>\n\n\n\n<p>\u25cf&nbsp;&nbsp;&nbsp;&nbsp;&nbsp;&nbsp;&nbsp;&nbsp;Integrando en tu dieta alimentos que aporten vitaminas A y C.<\/p>\n\n\n\n<p>\u25cf&nbsp;&nbsp;&nbsp;&nbsp;&nbsp;&nbsp;&nbsp;&nbsp;Mantenerse bien hidratado<\/p>\n\n\n\n<p>En caso de tener una infecci\u00f3n respiratoria, el director m\u00e9dico de Emerm\u00e9dica recomienda:&nbsp;&nbsp;<\/p>\n\n\n\n<p>\u25cf&nbsp;&nbsp;&nbsp;&nbsp;&nbsp;&nbsp;&nbsp;&nbsp;Guardar reposo y permanecer en casa.<\/p>\n\n\n\n<p>\u25cf&nbsp;&nbsp;&nbsp;&nbsp;&nbsp;&nbsp;&nbsp;&nbsp;Evitar enviar a los ni\u00f1os al colegio o al jard\u00edn.<\/p>\n\n\n\n<p>\u25cf&nbsp;&nbsp;&nbsp;&nbsp;&nbsp;&nbsp;&nbsp;&nbsp;Mantener una dieta saludable con una buena hidrataci\u00f3n.<\/p>\n\n\n\n<p>\u25cf&nbsp;&nbsp;&nbsp;&nbsp;&nbsp;&nbsp;&nbsp;&nbsp;Lavar constantemente las manos.<\/p>\n\n\n\n<p>\u25cf&nbsp;&nbsp;&nbsp;&nbsp;&nbsp;&nbsp;&nbsp;&nbsp;Protege la boca y nariz del fr\u00edo y el polvo.<\/p>\n\n\n\n<p>\u25cf&nbsp;&nbsp;&nbsp;&nbsp;&nbsp;&nbsp;&nbsp;&nbsp;Evita cambios bruscos de temperatura.<\/p>\n\n\n\n<p>\u25cf&nbsp;&nbsp;&nbsp;&nbsp;&nbsp;&nbsp;&nbsp;&nbsp;No fumes y evita exponerte al humo.<\/p>\n\n\n\n<p>\u25cf&nbsp;&nbsp;No compartas alimentos, bebidas, ni elementos de uso personal.<\/p>\n","protected":false},"excerpt":{"rendered":"<p>La ocupaci\u00f3n en servicios de urgencias aument\u00f3 el mes pasado en Bogot\u00e1 en un 260%, Medell\u00edn 169%, Cali 251% y Bucaramanga 135%, debido al incremento de casos por Infecciones Respiratorias Agudas. Frente a este panorama de sobreocupaci\u00f3n, Emerm\u00e9dica&nbsp;recomienda la telemedicina y el servicio de m\u00e9dico a domicilio como una excelente alternativa para tener acceso en [&hellip;]<\/p>\n","protected":false},"author":2,"featured_media":865,"comment_status":"open","ping_status":"open","sticky":false,"template":"","format":"standard","meta":{"_jetpack_newsletter_access":"","_jetpack_dont_email_post_to_subs":false,"_jetpack_newsletter_tier_id":0,"_jetpack_memberships_contains_paywalled_content":false,"_jetpack_memberships_contains_paid_content":false,"footnotes":""},"categories":[12],"tags":[],"class_list":{"0":"post-864","1":"post","2":"type-post","3":"status-publish","4":"format-standard","5":"has-post-thumbnail","7":"category-salud"},"jetpack_sharing_enabled":true,"jetpack_featured_media_url":"https:\/\/i0.wp.com\/colombiabuenanota.com\/wp-content\/uploads\/2024\/07\/Foto-Emermedica.jpg?fit=700%2C466&ssl=1","jetpack-related-posts":[],"_links":{"self":[{"href":"https:\/\/colombiabuenanota.com\/index.php\/wp-json\/wp\/v2\/posts\/864","targetHints":{"allow":["GET"]}}],"collection":[{"href":"https:\/\/colombiabuenanota.com\/index.php\/wp-json\/wp\/v2\/posts"}],"about":[{"href":"https:\/\/colombiabuenanota.com\/index.php\/wp-json\/wp\/v2\/types\/post"}],"author":[{"embeddable":true,"href":"https:\/\/colombiabuenanota.com\/index.php\/wp-json\/wp\/v2\/users\/2"}],"replies":[{"embeddable":true,"href":"https:\/\/colombiabuenanota.com\/index.php\/wp-json\/wp\/v2\/comments?post=864"}],"version-history":[{"count":1,"href":"https:\/\/colombiabuenanota.com\/index.php\/wp-json\/wp\/v2\/posts\/864\/revisions"}],"predecessor-version":[{"id":866,"href":"https:\/\/colombiabuenanota.com\/index.php\/wp-json\/wp\/v2\/posts\/864\/revisions\/866"}],"wp:featuredmedia":[{"embeddable":true,"href":"https:\/\/colombiabuenanota.com\/index.php\/wp-json\/wp\/v2\/media\/865"}],"wp:attachment":[{"href":"https:\/\/colombiabuenanota.com\/index.php\/wp-json\/wp\/v2\/media?parent=864"}],"wp:term":[{"taxonomy":"category","embeddable":true,"href":"https:\/\/colombiabuenanota.com\/index.php\/wp-json\/wp\/v2\/categories?post=864"},{"taxonomy":"post_tag","embeddable":true,"href":"https:\/\/colombiabuenanota.com\/index.php\/wp-json\/wp\/v2\/tags?post=864"}],"curies":[{"name":"wp","href":"https:\/\/api.w.org\/{rel}","templated":true}]}}