{"id":818,"date":"2024-07-09T18:47:06","date_gmt":"2024-07-09T23:47:06","guid":{"rendered":"https:\/\/colombiabuenanota.com\/?p=818"},"modified":"2024-07-09T18:47:09","modified_gmt":"2024-07-09T23:47:09","slug":"luis-alfonso-anuncia-su-primera-arena-en-bogota","status":"publish","type":"post","link":"https:\/\/colombiabuenanota.com\/index.php\/2024\/07\/09\/luis-alfonso-anuncia-su-primera-arena-en-bogota\/","title":{"rendered":"Luis Alfonso anuncia su primera arena en el Festival m\u00e1s CONTENTOSO"},"content":{"rendered":"\n<p>El joven cantautor payan\u00e9s Luis Alfonso, revelaci\u00f3n de la m\u00fasica popular en Colombia, anuncia su\u00a0<strong>primera arena\u00a0<\/strong>en el pa\u00eds y el motivo no puede ser otro que celebrar\u00a0<strong>20 a\u00f1os de trayectoria<\/strong>.\u00a0<\/p>\n\n\n\n<p>Consagrado actualmente como uno de los artistas m\u00e1s queridos y escuchados localmente y con una carrera que empez\u00f3 siendo muy joven,&nbsp;<strong><em>LUIS ALFONSO<\/em><\/strong>&nbsp;recoge hoy por hoy los frutos del compromiso con su carrera y sus miles de seguidores, quienes tienen una cita en el&nbsp;<strong><em>Festival m\u00e1s CONTENTOSO<\/em><\/strong>&nbsp;al que hayan asistido nunca.<\/p>\n\n\n\n<p>La noche del\u00a0<strong>s\u00e1bado 26 de octubre<\/strong>\u00a0el\u00a0<strong>Coliseo MedPlus<\/strong>\u00a0se vestir\u00e1 de fiesta y celebrar\u00e1 en grande esta presentaci\u00f3n tan especial de\u00a0<strong><em>\u201cEl Se\u00f1orazo\u201d<\/em><\/strong>. Los asistentes al Festival m\u00e1s CONTENTOSO podr\u00e1n pasar sabroso viendo en un mismo escenario a grandes invitados, quienes de la mano del mismo Luis Alfonso har\u00e1n de \u00e9sta una noche inolvidable. Y para que no se lo pierdan y empiece la\u00a0<strong><em>\u201cChismofilia\u201d<\/em><\/strong>, las boletas estar\u00e1n en\u00a0PREVENTA EXCLUSIVA\u00a0para los clientes de los\u00a0<strong>Bancos AVAL<\/strong>(Bogot\u00e1, Occidente, Popular y AV Villas) y la billetera digital dale! desde las 9 am del martes 16 de julio hasta las 11:59 pm del mi\u00e9rcoles 17 de julio.\u00a0<\/p>\n\n\n\n<p><em>\u201cHoy nos sumamos a la primera arena del artista revelaci\u00f3n de la m\u00fasica popular en Colombia, Luis Alfonso. As\u00ed que alisten sus tarjetas y no se pierdan la preventa exclusiva de este gran concierto en Bogot\u00e1\u201d<\/em>\u00a0asegur\u00f3\u00a0<strong>Mar\u00eda Fernanda S\u00e1nchez, Gerente de Mercadeo &amp; ESG de Grupo Aval.<\/strong><\/p>\n\n\n\n<p>\u00a0Se\u00f1orazo se encuentra en el mejor momento de su carrera que crece sin parar desde el 2020. Sus lanzamientos musicales se convierten en \u00e9xito uno tras otro como ya ha pasado con \u201cEl Precio De T\u00fa Amor\u201d, \u201cLa Ex\u201d, \u201cMi Palabra Contra La De Ellos\u201d, \u201cNo me haces falta\u201d y \u201cLa Cantina Remix\u201d y m\u00e1s recientemente con<strong><em>\u00a0\u201cChismofilia\u201d\u00a0<\/em><\/strong>un electrocorrido escrito por Luis Alfonso junto a Kings Lab, una canci\u00f3n que nos deja ver en su letra y el video clip muy popular por estos d\u00edas que, al chisme y la cr\u00edtica, muy presentes en la vida cotidiana de los colombianos, se debe hacer o\u00eddos sordos y en su lugar buscar la manera de ser felices y\u00a0<em>\u201cvivir sabroso, bien contentoso\u201d<\/em><\/p>\n\n\n\n<h2 class=\"wp-block-heading\">El \u00e9xito de Luis Alfonso<\/h2>\n\n\n\n<p>Nominado a los&nbsp;<strong>Premios Heat&nbsp;<\/strong>en la categor\u00eda&nbsp;<em>\u201cMejor Artista Regional Popular\u201d<\/em>&nbsp;junto a Peso Pluma, Christian Nodal, Alejandro Fern\u00e1ndez, Pipe Bueno, Grupo Frontera y Xavi entre otros, y recientemente ganador en los&nbsp;<strong>Premios Nuestra Tierra<\/strong>&nbsp;pues se alz\u00f3 con los premios a&nbsp;<em>\u201cMejor Artista Popular\u201d y \u201cMejor Canci\u00f3n Popular\u201d&nbsp;<\/em>con&nbsp;<em>\u201cLa Cantina\u201d&nbsp;<\/em>junto a Pipe Bueno y Hern\u00e1n G\u00f3mez, la carrera de Luis Alfonso contin\u00faa imparable, llevando la m\u00fasica popular y su estilo tan particular y la potencia de su voz a otros pa\u00edses donde ya empieza a abonar terreno y ganar reconocimiento como es el caso de M\u00e9xico, Ecuador, Espa\u00f1a y Estados Unidos.&nbsp;<\/p>\n","protected":false},"excerpt":{"rendered":"<p>El joven cantautor payan\u00e9s Luis Alfonso, revelaci\u00f3n de la m\u00fasica popular en Colombia, anuncia su\u00a0primera arena\u00a0en el pa\u00eds y el motivo no puede ser otro que celebrar\u00a020 a\u00f1os de trayectoria.\u00a0 Consagrado actualmente como uno de los artistas m\u00e1s queridos y escuchados localmente y con una carrera que empez\u00f3 siendo muy joven,&nbsp;LUIS ALFONSO&nbsp;recoge hoy por hoy [&hellip;]<\/p>\n","protected":false},"author":2,"featured_media":819,"comment_status":"open","ping_status":"open","sticky":false,"template":"","format":"standard","meta":{"_jetpack_newsletter_access":"","_jetpack_dont_email_post_to_subs":false,"_jetpack_newsletter_tier_id":0,"_jetpack_memberships_contains_paywalled_content":false,"_jetpack_memberships_contains_paid_content":false,"footnotes":""},"categories":[6],"tags":[],"class_list":{"0":"post-818","1":"post","2":"type-post","3":"status-publish","4":"format-standard","5":"has-post-thumbnail","7":"category-cultura-y-turismo"},"jetpack_sharing_enabled":true,"jetpack_featured_media_url":"https:\/\/i0.wp.com\/colombiabuenanota.com\/wp-content\/uploads\/2024\/07\/Luis-Alfonso.png?fit=635%2C635&ssl=1","jetpack-related-posts":[],"_links":{"self":[{"href":"https:\/\/colombiabuenanota.com\/index.php\/wp-json\/wp\/v2\/posts\/818","targetHints":{"allow":["GET"]}}],"collection":[{"href":"https:\/\/colombiabuenanota.com\/index.php\/wp-json\/wp\/v2\/posts"}],"about":[{"href":"https:\/\/colombiabuenanota.com\/index.php\/wp-json\/wp\/v2\/types\/post"}],"author":[{"embeddable":true,"href":"https:\/\/colombiabuenanota.com\/index.php\/wp-json\/wp\/v2\/users\/2"}],"replies":[{"embeddable":true,"href":"https:\/\/colombiabuenanota.com\/index.php\/wp-json\/wp\/v2\/comments?post=818"}],"version-history":[{"count":1,"href":"https:\/\/colombiabuenanota.com\/index.php\/wp-json\/wp\/v2\/posts\/818\/revisions"}],"predecessor-version":[{"id":820,"href":"https:\/\/colombiabuenanota.com\/index.php\/wp-json\/wp\/v2\/posts\/818\/revisions\/820"}],"wp:featuredmedia":[{"embeddable":true,"href":"https:\/\/colombiabuenanota.com\/index.php\/wp-json\/wp\/v2\/media\/819"}],"wp:attachment":[{"href":"https:\/\/colombiabuenanota.com\/index.php\/wp-json\/wp\/v2\/media?parent=818"}],"wp:term":[{"taxonomy":"category","embeddable":true,"href":"https:\/\/colombiabuenanota.com\/index.php\/wp-json\/wp\/v2\/categories?post=818"},{"taxonomy":"post_tag","embeddable":true,"href":"https:\/\/colombiabuenanota.com\/index.php\/wp-json\/wp\/v2\/tags?post=818"}],"curies":[{"name":"wp","href":"https:\/\/api.w.org\/{rel}","templated":true}]}}