{"id":802,"date":"2024-07-09T18:15:20","date_gmt":"2024-07-09T23:15:20","guid":{"rendered":"https:\/\/colombiabuenanota.com\/?p=802"},"modified":"2024-07-09T18:15:23","modified_gmt":"2024-07-09T23:15:23","slug":"genfar-y-usc-ffortaleceran-el-sector-farmaceutico","status":"publish","type":"post","link":"https:\/\/colombiabuenanota.com\/index.php\/2024\/07\/09\/genfar-y-usc-ffortaleceran-el-sector-farmaceutico\/","title":{"rendered":"Genfar y la Universidad Santiago de Cali firman acuerdo para fortalecer el sector farmac\u00e9utico"},"content":{"rendered":"\n<p>Genfar yla Universidad Santiago de Cali firmaron un significativo convenio de cooperaci\u00f3n interinstitucional, marcando un hito en el fortalecimiento de la educaci\u00f3n superior y la colaboraci\u00f3n en el sector farmac\u00e9utico.<\/p>\n\n\n\n<p>La alianza tiene como objetivo principal regular y fortalecer la cooperaci\u00f3n entre ambas instituciones a partir de colaboraciones y trabajo conjunto en \u00e1reas espec\u00edficas como la capacitaci\u00f3n en comercio legal de medicamentos, siendo la \u00fanica instituci\u00f3n de educaci\u00f3n superior del pa\u00eds con este enfoque formativo, orientado a la realizaci\u00f3n de actividades de proyecci\u00f3n social y fortalecimiento de los escenarios de pr\u00e1ctica profesional.<\/p>\n\n\n\n<p>Este acuerdo impacta en la formaci\u00f3n acad\u00e9mica de los futuros graduandos en programas como Regencia de Farmacia y Qu\u00edmica Farmac\u00e9utica, as\u00ed como su contribuci\u00f3n en la capacitaci\u00f3n del personal farmac\u00e9utico de las grandes cadenas distribuidoras.<\/p>\n\n\n\n<p>Genfar, selecciona cada a\u00f1o una instituci\u00f3n para firmar un convenio. Este a\u00f1o, dicha universidad ha sido elegida para establecer este importante acuerdo, debido a su reconocida contribuci\u00f3n en investigaci\u00f3n y por ser una de las instituciones m\u00e1s destacadas del suroccidente colombiano.<\/p>\n\n\n\n<p>Agust\u00edn Vincent, gerente General de Genfar, afirma&nbsp;<em>\u201cestamos iniciando el convenio con una colaboraci\u00f3n significativa. Nos complace confirmar que desde el \u00e1rea de seguridad farmac\u00e9utica por medio de un diplomado, el cual ha tenido 3 ciclos de capacitaci\u00f3n\u201d.&nbsp;<\/em>Por su parte, Carlos Andr\u00e9s P\u00e9rez Galindo, rector de la Universidad Santiago de Cali, asegura que&nbsp;<em>\u201cCon esta nueva alianza ser\u00e1 un magn\u00edfico aporte al fortalecimiento de la educaci\u00f3n superior y redundar\u00e1 en resultados muy positivos y de mutuo beneficio\u201d.<\/em><\/p>\n\n\n\n<p>El laboratorio que tiene presencia en la Regi\u00f3n Andina, Centroam\u00e9rica y Venezuela, suma esta alianza y compromiso con la educaci\u00f3n colombiana, al que tiene en curso con la Universidad Icesi en donde se contribuye con la formaci\u00f3n del talento y la formulaci\u00f3n conjunta de planes de Desarrollo e Investigaci\u00f3n para fortalecer las relaciones en el \u00e1rea de educaci\u00f3n, investigaci\u00f3n, promoci\u00f3n de la salud y prevenci\u00f3n de las enfermedades.<\/p>\n","protected":false},"excerpt":{"rendered":"<p>Genfar yla Universidad Santiago de Cali firmaron un significativo convenio de cooperaci\u00f3n interinstitucional, marcando un hito en el fortalecimiento de la educaci\u00f3n superior y la colaboraci\u00f3n en el sector farmac\u00e9utico. La alianza tiene como objetivo principal regular y fortalecer la cooperaci\u00f3n entre ambas instituciones a partir de colaboraciones y trabajo conjunto en \u00e1reas espec\u00edficas como [&hellip;]<\/p>\n","protected":false},"author":2,"featured_media":803,"comment_status":"open","ping_status":"open","sticky":false,"template":"","format":"standard","meta":{"_jetpack_newsletter_access":"","_jetpack_dont_email_post_to_subs":false,"_jetpack_newsletter_tier_id":0,"_jetpack_memberships_contains_paywalled_content":false,"_jetpack_memberships_contains_paid_content":false,"footnotes":""},"categories":[12],"tags":[],"class_list":{"0":"post-802","1":"post","2":"type-post","3":"status-publish","4":"format-standard","5":"has-post-thumbnail","7":"category-salud"},"jetpack_sharing_enabled":true,"jetpack_featured_media_url":"https:\/\/i0.wp.com\/colombiabuenanota.com\/wp-content\/uploads\/2024\/07\/Agustin-Vincent-gerente-General-de-Genfar-y-Carlos-Andres-Perez-Galindo-rector-de-la-Universidad-Santiago-de-Cali.png?fit=700%2C397&ssl=1","jetpack-related-posts":[],"_links":{"self":[{"href":"https:\/\/colombiabuenanota.com\/index.php\/wp-json\/wp\/v2\/posts\/802","targetHints":{"allow":["GET"]}}],"collection":[{"href":"https:\/\/colombiabuenanota.com\/index.php\/wp-json\/wp\/v2\/posts"}],"about":[{"href":"https:\/\/colombiabuenanota.com\/index.php\/wp-json\/wp\/v2\/types\/post"}],"author":[{"embeddable":true,"href":"https:\/\/colombiabuenanota.com\/index.php\/wp-json\/wp\/v2\/users\/2"}],"replies":[{"embeddable":true,"href":"https:\/\/colombiabuenanota.com\/index.php\/wp-json\/wp\/v2\/comments?post=802"}],"version-history":[{"count":1,"href":"https:\/\/colombiabuenanota.com\/index.php\/wp-json\/wp\/v2\/posts\/802\/revisions"}],"predecessor-version":[{"id":804,"href":"https:\/\/colombiabuenanota.com\/index.php\/wp-json\/wp\/v2\/posts\/802\/revisions\/804"}],"wp:featuredmedia":[{"embeddable":true,"href":"https:\/\/colombiabuenanota.com\/index.php\/wp-json\/wp\/v2\/media\/803"}],"wp:attachment":[{"href":"https:\/\/colombiabuenanota.com\/index.php\/wp-json\/wp\/v2\/media?parent=802"}],"wp:term":[{"taxonomy":"category","embeddable":true,"href":"https:\/\/colombiabuenanota.com\/index.php\/wp-json\/wp\/v2\/categories?post=802"},{"taxonomy":"post_tag","embeddable":true,"href":"https:\/\/colombiabuenanota.com\/index.php\/wp-json\/wp\/v2\/tags?post=802"}],"curies":[{"name":"wp","href":"https:\/\/api.w.org\/{rel}","templated":true}]}}