{"id":753,"date":"2024-07-03T17:35:47","date_gmt":"2024-07-03T22:35:47","guid":{"rendered":"https:\/\/colombiabuenanota.com\/?p=753"},"modified":"2024-07-03T19:25:37","modified_gmt":"2024-07-04T00:25:37","slug":"pilar-castano-compartira-las-ultimas-tendencias-de-la-moda","status":"publish","type":"post","link":"https:\/\/colombiabuenanota.com\/index.php\/2024\/07\/03\/pilar-castano-compartira-las-ultimas-tendencias-de-la-moda\/","title":{"rendered":"Pilar Casta\u00f1o, compartir\u00e1 las \u00faltimas tendencias de la moda"},"content":{"rendered":"\n<p>Pacific Centro Comercial quiere brindarles a sus visitantes de todas las edades la oportunidad de aprender mucho acerca del fascinante mundo de la moda, de la mano de una de las personas que m\u00e1s saben de moda en Colombia: Pilar Casta\u00f1o. Queremos que hombres y mujeres se sientan identificados con este tipo de actividades, implementadas para ofrecer contenido de valor y para que tengan la oportunidad de ganar y\/o aprender de la mano de quien es considerada por muchos como la autoridad #1 de la moda en nuestro pa\u00eds.<\/p>\n\n\n\n<p>En horas de la ma\u00f1ana del s\u00e1bado 6 de julio, la afortunada ganadora de una estrategia digital publicada en las redes sociales de Pacific Centro Comercial, recorrer\u00e1 junto a Pilar diferentes tiendas de ropa y locales del cl\u00faster de salud, est\u00e9tica y belleza. Todo con el fin de brindar una asesor\u00eda integral para ayudarla a elegir el look ideal, de acuerdo con su vasto conocimiento en el tema.<\/p>\n\n\n\n<p>Sobre el medio d\u00eda, ambas disfrutar\u00e1n de un almuerzo en uno de los restaurantes del centro comercial. Posteriormente, a las 2:00pm, Pilar Casta\u00f1o dictar\u00e1 la conferencia \u2018Tendencias 2024\u2019, a trav\u00e9s de la cual compartir\u00e1 con un grupo de hombres y mujeres j\u00f3venes y adultos lo que se viene en moda para este a\u00f1o. En la apertura de esta actividad Pilar estar\u00e1 acompa\u00f1ada de la feliz ganadora, para mostrarle a los presentes la manera gradual en que se dio todo el proceso hasta lograr un cambio favorable de look a todo nivel. Posteriormente, la reconocida presentadora y experta en moda har\u00e1 un recorrido por las distintas tendencias y estilos que se vienen observando en las principales semanas de la moda del mundo.<\/p>\n\n\n\n<p>A trav\u00e9s de eventos como este, Pacific Centro Comercial sigue consolid\u00e1ndose como uno de los lugares preferidos por cale\u00f1os y visitantes para hacer sus compras, ya que en sus instalaciones encuentran no solo las mejores marcas y productos, sino tambi\u00e9n distintas actividades que mes tras mes proponen entretenimiento, cultura, moda y muchas otras opciones para toda la familia.<\/p>\n\n\n\n<h2 class=\"wp-block-heading\">\u00bfQui\u00e9n es Pilar Casta\u00f1o?<\/h2>\n\n\n\n<p>Pilar Casta\u00f1o, es una periodista y escritora colombiana especialmente conocida por su trabajo en el campo de la moda.\u200b , lo cual le ha dado el t\u00edtulo de &#8220;La primera dama de la moda en Colombia&#8221;.<\/p>\n\n\n\n<p>Pilar ha sido adem\u00e1s presentadora del Reinado Nacional de Belleza de Colombia, ha sido directora de moda y una de las periodistas que m\u00e1s cantidad de personalidades de este campo ha entrevistado, gracias a sus profundos conocimientos.<\/p>\n","protected":false},"excerpt":{"rendered":"<p>Pacific Centro Comercial quiere brindarles a sus visitantes de todas las edades la oportunidad de aprender mucho acerca del fascinante mundo de la moda, de la mano de una de las personas que m\u00e1s saben de moda en Colombia: Pilar Casta\u00f1o. Queremos que hombres y mujeres se sientan identificados con este tipo de actividades, implementadas [&hellip;]<\/p>\n","protected":false},"author":2,"featured_media":754,"comment_status":"open","ping_status":"open","sticky":false,"template":"","format":"standard","meta":{"_jetpack_newsletter_access":"","_jetpack_dont_email_post_to_subs":false,"_jetpack_newsletter_tier_id":0,"_jetpack_memberships_contains_paywalled_content":false,"_jetpack_memberships_contains_paid_content":false,"footnotes":""},"categories":[6],"tags":[],"class_list":{"0":"post-753","1":"post","2":"type-post","3":"status-publish","4":"format-standard","5":"has-post-thumbnail","7":"category-cultura-y-turismo"},"jetpack_sharing_enabled":true,"jetpack_featured_media_url":"https:\/\/i0.wp.com\/colombiabuenanota.com\/wp-content\/uploads\/2024\/07\/WhatsApp-Image-2024-06-28-at-11.27.06-AM.jpeg?fit=700%2C466&ssl=1","jetpack-related-posts":[],"_links":{"self":[{"href":"https:\/\/colombiabuenanota.com\/index.php\/wp-json\/wp\/v2\/posts\/753","targetHints":{"allow":["GET"]}}],"collection":[{"href":"https:\/\/colombiabuenanota.com\/index.php\/wp-json\/wp\/v2\/posts"}],"about":[{"href":"https:\/\/colombiabuenanota.com\/index.php\/wp-json\/wp\/v2\/types\/post"}],"author":[{"embeddable":true,"href":"https:\/\/colombiabuenanota.com\/index.php\/wp-json\/wp\/v2\/users\/2"}],"replies":[{"embeddable":true,"href":"https:\/\/colombiabuenanota.com\/index.php\/wp-json\/wp\/v2\/comments?post=753"}],"version-history":[{"count":2,"href":"https:\/\/colombiabuenanota.com\/index.php\/wp-json\/wp\/v2\/posts\/753\/revisions"}],"predecessor-version":[{"id":756,"href":"https:\/\/colombiabuenanota.com\/index.php\/wp-json\/wp\/v2\/posts\/753\/revisions\/756"}],"wp:featuredmedia":[{"embeddable":true,"href":"https:\/\/colombiabuenanota.com\/index.php\/wp-json\/wp\/v2\/media\/754"}],"wp:attachment":[{"href":"https:\/\/colombiabuenanota.com\/index.php\/wp-json\/wp\/v2\/media?parent=753"}],"wp:term":[{"taxonomy":"category","embeddable":true,"href":"https:\/\/colombiabuenanota.com\/index.php\/wp-json\/wp\/v2\/categories?post=753"},{"taxonomy":"post_tag","embeddable":true,"href":"https:\/\/colombiabuenanota.com\/index.php\/wp-json\/wp\/v2\/tags?post=753"}],"curies":[{"name":"wp","href":"https:\/\/api.w.org\/{rel}","templated":true}]}}