{"id":739,"date":"2024-06-25T12:10:05","date_gmt":"2024-06-25T17:10:05","guid":{"rendered":"https:\/\/colombiabuenanota.com\/?p=739"},"modified":"2024-06-25T12:10:08","modified_gmt":"2024-06-25T17:10:08","slug":"ikea-celebro-su-primer-mes-de-operacion-en-cali","status":"publish","type":"post","link":"https:\/\/colombiabuenanota.com\/index.php\/2024\/06\/25\/ikea-celebro-su-primer-mes-de-operacion-en-cali\/","title":{"rendered":"IKEA celebr\u00f3 su primer mes de operaci\u00f3n en Cali"},"content":{"rendered":"\n<p>Hace un mes, IKEA, la marca sueca de muebles y decoraci\u00f3n, abri\u00f3 sus puertas en Cali, Colombia, marcando un avance significativo en su plan de crecimiento en el pa\u00eds. Edwin Maldonado, secretario de Desarrollo Econ\u00f3mico de Cali, manifest\u00f3: <em>\u201cLa llegada de IKEA a Cali ha robustecido el sector retail, ha inyectado dinamismo al comercio y generado empleo formal. El entusiasmo palpable entre los cale\u00f1os en este primer mes es un claro indicador del impacto positivo que esta marca ha tenido en nuestra comunidad, gracias a la oferta valiosa que ha introducido en el mercado de la regi\u00f3n, lo cual contribuye a recuperar la econom\u00eda de nuestra ciudad&#8221;.<\/em><\/p>\n\n\n\n<p>Por su parte, <strong>Jorge Armando Casta\u00f1o, gerente de IKEA Cali, <\/strong>expres\u00f3: <em>\u201cEstamos muy felices del recibimiento que los cale\u00f1os nos han dado en este primer mes de operaci\u00f3n. A la fecha, han sido 220.000 visitantes quienes han podido disfrutar de la experiencia IKEA, y esperamos que muchas m\u00e1s familias se animen a conocer nuestra propuesta y explorar la amplia gama de productos con dise\u00f1o democr\u00e1tico que hemos tra\u00eddo al Valle del Cauca\u201d.<\/em><\/p>\n\n\n\n<h2 class=\"wp-block-heading\">Balance del primes mes de Ikea<\/h2>\n\n\n\n<p>En cuanto al balance de este primer mes, la tienda recibi\u00f3 hasta 13.000 visitantes por d\u00eda en fines de semana. Los cale\u00f1os han mostrado una notable preferencia por productos como las piezas de vajilla OFTAST, plantas naturales como las orqu\u00eddeas, ganchos para ropa SPRUTTIG, as\u00ed como por muebles funcionales y asequibles como BAGGEBO, KALLAX y MALM. Adem\u00e1s, el restaurante y bistr\u00f3 se han convertido en destinos populares, sirviendo 14.000 platos de las ic\u00f3nicas alb\u00f3ndigas suecas, conquistando as\u00ed los paladares de los cale\u00f1os.<\/p>\n\n\n\n<p><em>&#8220;Hemos llegado a Cali con la firme intenci\u00f3n de ofrecer soluciones \u00fanicas que complementen la oferta local. Queremos brindarles a las familias cale\u00f1as productos de alta calidad, funcionales y a precios asequibles para todas las \u00e1reas del hogar. El balance de este primer mes nos emociona, ya que nos impulsa a seguir trabajando para convertirnos en un aliado clave para que los vallecaucanos transformen sus hogares en espacios m\u00e1s acogedores&#8221;,<\/em> agreg\u00f3 Casta\u00f1o<strong>.<\/strong><\/p>\n\n\n\n<h2 class=\"wp-block-heading\">\u00bfD\u00f3nde est\u00e1 la tienda de Ikea en Cali?<\/h2>\n\n\n\n<p>La segunda tienda de IKEA en Colombia, ubicada en el centro comercial Mallplaza Cali, al sur de la ciudad, es f\u00e1cilmente accesible para el 90% de la poblaci\u00f3n en menos de 60 minutos gracias a su proximidad a importantes v\u00edas y transporte p\u00fablico. Con un amplio espacio de 15.500 metros cuadrados distribuidos en dos pisos y un mezzanine, IKEA Cali cuenta con m\u00e1s de 5.000 productos exhibidos, 47 espacios de inspiraci\u00f3n, habitaciones completamente decoradas y dos alternativas de alimentaci\u00f3n que combinan preparaciones suecas y sabores colombianos.<\/p>\n","protected":false},"excerpt":{"rendered":"<p>Hace un mes, IKEA, la marca sueca de muebles y decoraci\u00f3n, abri\u00f3 sus puertas en Cali, Colombia, marcando un avance significativo en su plan de crecimiento en el pa\u00eds. Edwin Maldonado, secretario de Desarrollo Econ\u00f3mico de Cali, manifest\u00f3: \u201cLa llegada de IKEA a Cali ha robustecido el sector retail, ha inyectado dinamismo al comercio y [&hellip;]<\/p>\n","protected":false},"author":2,"featured_media":740,"comment_status":"open","ping_status":"open","sticky":false,"template":"","format":"standard","meta":{"_jetpack_newsletter_access":"","_jetpack_dont_email_post_to_subs":false,"_jetpack_newsletter_tier_id":0,"_jetpack_memberships_contains_paywalled_content":false,"_jetpack_memberships_contains_paid_content":false,"footnotes":""},"categories":[9],"tags":[],"class_list":{"0":"post-739","1":"post","2":"type-post","3":"status-publish","4":"format-standard","5":"has-post-thumbnail","7":"category-economia"},"jetpack_sharing_enabled":true,"jetpack_featured_media_url":"https:\/\/i0.wp.com\/colombiabuenanota.com\/wp-content\/uploads\/2024\/06\/WhatsApp-Image-2024-06-25-at-11.52.32-AM.jpeg?fit=700%2C466&ssl=1","jetpack-related-posts":[],"_links":{"self":[{"href":"https:\/\/colombiabuenanota.com\/index.php\/wp-json\/wp\/v2\/posts\/739","targetHints":{"allow":["GET"]}}],"collection":[{"href":"https:\/\/colombiabuenanota.com\/index.php\/wp-json\/wp\/v2\/posts"}],"about":[{"href":"https:\/\/colombiabuenanota.com\/index.php\/wp-json\/wp\/v2\/types\/post"}],"author":[{"embeddable":true,"href":"https:\/\/colombiabuenanota.com\/index.php\/wp-json\/wp\/v2\/users\/2"}],"replies":[{"embeddable":true,"href":"https:\/\/colombiabuenanota.com\/index.php\/wp-json\/wp\/v2\/comments?post=739"}],"version-history":[{"count":1,"href":"https:\/\/colombiabuenanota.com\/index.php\/wp-json\/wp\/v2\/posts\/739\/revisions"}],"predecessor-version":[{"id":741,"href":"https:\/\/colombiabuenanota.com\/index.php\/wp-json\/wp\/v2\/posts\/739\/revisions\/741"}],"wp:featuredmedia":[{"embeddable":true,"href":"https:\/\/colombiabuenanota.com\/index.php\/wp-json\/wp\/v2\/media\/740"}],"wp:attachment":[{"href":"https:\/\/colombiabuenanota.com\/index.php\/wp-json\/wp\/v2\/media?parent=739"}],"wp:term":[{"taxonomy":"category","embeddable":true,"href":"https:\/\/colombiabuenanota.com\/index.php\/wp-json\/wp\/v2\/categories?post=739"},{"taxonomy":"post_tag","embeddable":true,"href":"https:\/\/colombiabuenanota.com\/index.php\/wp-json\/wp\/v2\/tags?post=739"}],"curies":[{"name":"wp","href":"https:\/\/api.w.org\/{rel}","templated":true}]}}