{"id":714,"date":"2024-06-24T14:56:54","date_gmt":"2024-06-24T19:56:54","guid":{"rendered":"https:\/\/colombiabuenanota.com\/?p=714"},"modified":"2024-06-24T14:56:57","modified_gmt":"2024-06-24T19:56:57","slug":"mujeres-en-cali-podran-participar-en-diplomado-gratuito-de-icesi","status":"publish","type":"post","link":"https:\/\/colombiabuenanota.com\/index.php\/2024\/06\/24\/mujeres-en-cali-podran-participar-en-diplomado-gratuito-de-icesi\/","title":{"rendered":"Mujeres en Cali podr\u00e1n participar en diplomado gratuito, certificado por la Universidad Icesi"},"content":{"rendered":"\n<p>Este espacio formativo es organizado por el Observatorio para la Equidad de las Mujeres (OEM) y certificado por la universidad Icesi.<\/p>\n\n\n\n<p>Durante dos meses, las participantes se formar\u00e1n de manera presencial en temas como las construcciones del g\u00e9nero y las identidades, el cuestionamiento de los espacios que ocupan las mujeres frente a los estereotipos, las violencias basadas en g\u00e9nero, la participaci\u00f3n pol\u00edtica, la incidencia ciudadana, y la formulaci\u00f3n y gesti\u00f3n de proyectos. Tambi\u00e9n recibir\u00e1n acompa\u00f1amiento en la construcci\u00f3n de sus propios proyectos para el beneficio de sus comunidades.<\/p>\n\n\n\n<p>Paola Eusc\u00e1tegui, coordinadora de Formaci\u00f3n del Observatorio para la Equidad de las Mujeres, afirm\u00f3 que \u201cEsta ser\u00e1 la cuarta cohorte de este diplomado gratuito. A trav\u00e9s de reflexiones colectivas y territoriales, buscamos que las mujeres participantes puedan desarrollar un proyecto que le apueste a vincular la perspectiva de g\u00e9nero desde los liderazgos comunitarios y cuestionen los conceptos culturales y sociales que giran alrededor de las construcciones tradicionales de los g\u00e9neros\u201d.<\/p>\n\n\n\n<h2 class=\"wp-block-heading\">Sobre el Diplomado certificado por Icesi<\/h2>\n\n\n\n<p>Las clases ser\u00e1n brindadas los martes de cada semana y los jueves cada 15 d\u00edas, de 2:00 p.m. a 6:00 p.m., en las instalaciones de la Fundaci\u00f3n WWB Colombia (carrera 63A No. 5 &#8211; 28), a partir del 1 de agosto y hasta el 1 de octubre. El diplomado tiene un cupo de 30 personas, que ser\u00e1n seleccionadas entre todas las mujeres que diligencien el formulario de inscripci\u00f3n en <a href=\"http:\/\/www.oemcolombia.com\" target=\"_blank\" rel=\"noopener\">www.oemcolombia.com<\/a>.<\/p>\n\n\n\n<p>\u201cQueremos compartir conocimientos con mujeres de organizaciones comunitarias en Cali para que fortalezcan sus capacidades organizativas, de liderazgo e incidencia en sus territorios. Abordaremos una base te\u00f3rica y conceptual sobre las principales tem\u00e1ticas en los asuntos de g\u00e9nero. Tambi\u00e9n hablaremos de los derechos de las mujeres y la importancia de las pol\u00edticas p\u00fablicas con enfoque de g\u00e9nero\u201d, a\u00f1adi\u00f3 Esthepan\u00eda Lozano, una de las docentes del diplomado.<\/p>\n\n\n\n<p>Las inscripciones al diplomado Mujeres, liderazgo e incidencia pueden realizarse a trav\u00e9s de la p\u00e1gina web anteriormente citada.<\/p>\n","protected":false},"excerpt":{"rendered":"<p>Este espacio formativo es organizado por el Observatorio para la Equidad de las Mujeres (OEM) y certificado por la universidad Icesi. Durante dos meses, las participantes se formar\u00e1n de manera presencial en temas como las construcciones del g\u00e9nero y las identidades, el cuestionamiento de los espacios que ocupan las mujeres frente a los estereotipos, las [&hellip;]<\/p>\n","protected":false},"author":2,"featured_media":715,"comment_status":"open","ping_status":"open","sticky":false,"template":"","format":"standard","meta":{"_jetpack_newsletter_access":"","_jetpack_dont_email_post_to_subs":false,"_jetpack_newsletter_tier_id":0,"_jetpack_memberships_contains_paywalled_content":false,"_jetpack_memberships_contains_paid_content":false,"footnotes":""},"categories":[3],"tags":[],"class_list":{"0":"post-714","1":"post","2":"type-post","3":"status-publish","4":"format-standard","5":"has-post-thumbnail","7":"category-featured"},"jetpack_sharing_enabled":true,"jetpack_featured_media_url":"https:\/\/i0.wp.com\/colombiabuenanota.com\/wp-content\/uploads\/2024\/06\/WhatsApp-Image-2024-06-20-at-10.17.57-AM.jpeg?fit=400%2C300&ssl=1","jetpack-related-posts":[],"_links":{"self":[{"href":"https:\/\/colombiabuenanota.com\/index.php\/wp-json\/wp\/v2\/posts\/714","targetHints":{"allow":["GET"]}}],"collection":[{"href":"https:\/\/colombiabuenanota.com\/index.php\/wp-json\/wp\/v2\/posts"}],"about":[{"href":"https:\/\/colombiabuenanota.com\/index.php\/wp-json\/wp\/v2\/types\/post"}],"author":[{"embeddable":true,"href":"https:\/\/colombiabuenanota.com\/index.php\/wp-json\/wp\/v2\/users\/2"}],"replies":[{"embeddable":true,"href":"https:\/\/colombiabuenanota.com\/index.php\/wp-json\/wp\/v2\/comments?post=714"}],"version-history":[{"count":1,"href":"https:\/\/colombiabuenanota.com\/index.php\/wp-json\/wp\/v2\/posts\/714\/revisions"}],"predecessor-version":[{"id":716,"href":"https:\/\/colombiabuenanota.com\/index.php\/wp-json\/wp\/v2\/posts\/714\/revisions\/716"}],"wp:featuredmedia":[{"embeddable":true,"href":"https:\/\/colombiabuenanota.com\/index.php\/wp-json\/wp\/v2\/media\/715"}],"wp:attachment":[{"href":"https:\/\/colombiabuenanota.com\/index.php\/wp-json\/wp\/v2\/media?parent=714"}],"wp:term":[{"taxonomy":"category","embeddable":true,"href":"https:\/\/colombiabuenanota.com\/index.php\/wp-json\/wp\/v2\/categories?post=714"},{"taxonomy":"post_tag","embeddable":true,"href":"https:\/\/colombiabuenanota.com\/index.php\/wp-json\/wp\/v2\/tags?post=714"}],"curies":[{"name":"wp","href":"https:\/\/api.w.org\/{rel}","templated":true}]}}