{"id":681,"date":"2024-05-22T10:31:40","date_gmt":"2024-05-22T15:31:40","guid":{"rendered":"https:\/\/colombiabuenanota.com\/?p=681"},"modified":"2024-05-22T10:31:43","modified_gmt":"2024-05-22T15:31:43","slug":"vera-la-nueva-obra-de-delirio-se-estrenara-el-31-de-mayo","status":"publish","type":"post","link":"https:\/\/colombiabuenanota.com\/index.php\/2024\/05\/22\/vera-la-nueva-obra-de-delirio-se-estrenara-el-31-de-mayo\/","title":{"rendered":"Vera: la nueva obra de Delirio, se estrenar\u00e1 el 31 de mayo"},"content":{"rendered":"\n<p>El viernes 31 de mayo <strong>Delirio<\/strong> abrir\u00e1 su Carpa a las 7pm para celebrar su mayor\u00eda de edad por todo lo alto. Y lo har\u00e1 estrenando una nueva obra. Se trata de <strong>\u2018Vera, al ritmo de la vida\u2019<\/strong>, una historia bailada en medio del piedemonte vallecaucano, de los radios y de los trenes de la vida de un para\u00edso que aprendi\u00f3 a hacerle el quite a todos los diluvios guiados por tres musas que orientan el camino: Vera, Melod\u00eda y Acrobacia.<\/p>\n\n\n\n<p>Liliana Ocampo, directora de la <strong>Fundaci\u00f3n Delirio<\/strong>, afirma que <em>\u201c<strong>Vera<\/strong> es un recordatorio de que siempre y cuando nuestras musas sean el arte y el amor, todo lo que so\u00f1emos y hagamos tiene el poder de transformar el mundo. Es una historia bailada y como siempre ser\u00e1 una historia de amor, de amor propio, por lo nuestro, por la salsa, el circo y la m\u00fasica, amor por Cali y el Valle del Cauca\u201d<\/em>. En <strong>\u2018Vera, al ritmo de la vida\u2019<\/strong>, intervienen 150 artistas en escena entre bailarines, m\u00fasicos y virtuosos del circo.<\/p>\n\n\n\n<h2 class=\"wp-block-heading\">Vera, al ritmo de la vida<\/h2>\n\n\n\n<p>La historia transcurre en un piedemonte en el pac\u00edfico vallecaucano, el cual sirve como tel\u00f3n de fondo de un cosmos en su esplendor, un estanque m\u00e1gico con su imagen serena donde se evidencia la paz de la naturaleza. Un espacio on\u00edrico que reproduce un ambiente fant\u00e1stico, liberador, donde los personajes se mueven en ese mundo imaginario entre la realidad y la ficci\u00f3n. En medio de ese para\u00edso viven los esp\u00edritus del bosque, luci\u00e9rnagas, mariposas de m\u00faltiples colores y todos los p\u00e1jaros del mundo que protegen las flores hermosas que custodian a las tres musas: Vera, Melod\u00eda y Acrobacia, quienes bajan al mundo terrenal para avistar la maravilla de la naturaleza con todos sus seres, mientras Maldad, un revoltoso y ansioso mortal, queda at\u00f3nito con su llegada.<\/p>\n\n\n\n<p>Desde el aire aparece Acrobacia, la musa del circo que contiene el poder de la elegancia y la agilidad, quien llega a la tierra con una gran algarab\u00eda, precediendo la salida de malabaristas, equilibristas, acr\u00f3batas, payasos, mimos, zanqueros y saltimbanquis en un vag\u00f3n de tren que contiene la alegr\u00eda del mundo. Un charivari pleno de emoci\u00f3n y colores invade la tierra atrapando a la musa Acrobacia para volverla parte de su familia, mientras Maldad intenta hacer parte de la fiesta. Luego, se presenta la musa Melod\u00eda, due\u00f1a del ritmo y la alegr\u00eda, quien trae consigo una banda musical con sus claves, timbales, congas, saxos, bajos y pianos. Pero como todo ritmo tiene sus momentos graves, Maldad hace su entrada para intentar dirigir a su gusto los sonidos de la vida. Se presenta una batalla musical entre Maldad y Melod\u00eda para definir qui\u00e9n es el verdadero due\u00f1o del sabor. De repente, aparece con mucho \u00edmpetu la musa <strong>Vera<\/strong>, due\u00f1a de la cadencia y la destreza, acompa\u00f1ada de todos los esp\u00edritus del para\u00edso, quienes miran obnubilados los verdaderos pasos de una maestra. <strong>Vera<\/strong> se une con Melod\u00eda y Acrobacia para hechizar a Maldad, hasta hacerlo parte del baile. Las tres musas logran purificar a Maldad y juntos, en una danza a la verdad, a la sinceridad y al amor en todas sus formas, crean la ecuaci\u00f3n del verdadero ritmo de la vida.<\/p>\n\n\n\n<h2 class=\"wp-block-heading\">Los 18 a\u00f1os de Delirio<\/h2>\n\n\n\n<p><strong>Delirio<\/strong> celebra de esta manera 18 a\u00f1os de un sue\u00f1o que naci\u00f3 con un claro objetivo: sembrar de nuevo la ilusi\u00f3n por la salsa, por o\u00edrla y sobre todo por bailarla. Sembramos tambi\u00e9n un amor infinito y una gran admiraci\u00f3n al circo, que es un elemento diferenciador de <strong>Delirio<\/strong> que nos roba el aliento y nos hace entender que en este mundo a\u00fan vive la fantas\u00eda. <em>\u201cHoy, como siempre, lo m\u00e1s importante son nuestros artistas, a quienes hemos visto crecer, echar ra\u00edces y volar como hojas al viento. Hemos celebrado sus triunfos y los hemos acompa\u00f1ado en sus momentos m\u00e1s dif\u00edciles. Lleg\u00f3 el momento de cosechar cada esfuerzo y cada sue\u00f1o, el d\u00eda de mirar hacia atr\u00e1s y ver el camino que tenemos por delante para asumir nuevos retos que nos permitan consolidarnos y crecer\u201d<\/em>, sentencia Liliana Ocampo, directora de la <strong>Fundaci\u00f3n Delirio<\/strong>.<\/p>\n\n\n\n<p>De esta manera el colectivo de <strong>Delirio<\/strong> se apresta para estrenar <strong>\u2018Vera, al ritmo de la vida\u2019<\/strong> e iniciar una nueva temporada en la que, una vez m\u00e1s, la m\u00fasica y los pasos de nuestros artistas en la pista de baile son el catalizador que logra transformar la maldad en un idilio terrenal.<\/p>\n\n\n\n<p><strong>Delirio<\/strong> sigue consolid\u00e1ndose como un destino tur\u00edstico infaltable y en motivo de orgullo para Cali y el Valle del Cauca, por eso queremos compartir con todos este maravilloso estreno, estos 18 a\u00f1os de historias bailadas. Estamos listos para recibirlos el \u00faltimo viernes de cada mes en nuestra Carpa. Hoy, el esp\u00edritu imbatible de la salsa est\u00e1 m\u00e1s vivo que nunca y queremos vivirlo y disfrutarlo con todo nuestro p\u00fablico.<\/p>\n","protected":false},"excerpt":{"rendered":"<p>El viernes 31 de mayo Delirio abrir\u00e1 su Carpa a las 7pm para celebrar su mayor\u00eda de edad por todo lo alto. Y lo har\u00e1 estrenando una nueva obra. Se trata de \u2018Vera, al ritmo de la vida\u2019, una historia bailada en medio del piedemonte vallecaucano, de los radios y de los trenes de la [&hellip;]<\/p>\n","protected":false},"author":2,"featured_media":682,"comment_status":"open","ping_status":"open","sticky":false,"template":"","format":"standard","meta":{"_jetpack_newsletter_access":"","_jetpack_dont_email_post_to_subs":false,"_jetpack_newsletter_tier_id":0,"_jetpack_memberships_contains_paywalled_content":false,"_jetpack_memberships_contains_paid_content":false,"footnotes":""},"categories":[6],"tags":[104,324],"class_list":{"0":"post-681","1":"post","2":"type-post","3":"status-publish","4":"format-standard","5":"has-post-thumbnail","7":"category-cultura-y-turismo","8":"tag-delirio","9":"tag-vera"},"jetpack_sharing_enabled":true,"jetpack_featured_media_url":"https:\/\/i0.wp.com\/colombiabuenanota.com\/wp-content\/uploads\/2024\/05\/14.jpg?fit=699%2C497&ssl=1","jetpack-related-posts":[],"_links":{"self":[{"href":"https:\/\/colombiabuenanota.com\/index.php\/wp-json\/wp\/v2\/posts\/681","targetHints":{"allow":["GET"]}}],"collection":[{"href":"https:\/\/colombiabuenanota.com\/index.php\/wp-json\/wp\/v2\/posts"}],"about":[{"href":"https:\/\/colombiabuenanota.com\/index.php\/wp-json\/wp\/v2\/types\/post"}],"author":[{"embeddable":true,"href":"https:\/\/colombiabuenanota.com\/index.php\/wp-json\/wp\/v2\/users\/2"}],"replies":[{"embeddable":true,"href":"https:\/\/colombiabuenanota.com\/index.php\/wp-json\/wp\/v2\/comments?post=681"}],"version-history":[{"count":1,"href":"https:\/\/colombiabuenanota.com\/index.php\/wp-json\/wp\/v2\/posts\/681\/revisions"}],"predecessor-version":[{"id":683,"href":"https:\/\/colombiabuenanota.com\/index.php\/wp-json\/wp\/v2\/posts\/681\/revisions\/683"}],"wp:featuredmedia":[{"embeddable":true,"href":"https:\/\/colombiabuenanota.com\/index.php\/wp-json\/wp\/v2\/media\/682"}],"wp:attachment":[{"href":"https:\/\/colombiabuenanota.com\/index.php\/wp-json\/wp\/v2\/media?parent=681"}],"wp:term":[{"taxonomy":"category","embeddable":true,"href":"https:\/\/colombiabuenanota.com\/index.php\/wp-json\/wp\/v2\/categories?post=681"},{"taxonomy":"post_tag","embeddable":true,"href":"https:\/\/colombiabuenanota.com\/index.php\/wp-json\/wp\/v2\/tags?post=681"}],"curies":[{"name":"wp","href":"https:\/\/api.w.org\/{rel}","templated":true}]}}