{"id":669,"date":"2024-05-20T12:12:13","date_gmt":"2024-05-20T17:12:13","guid":{"rendered":"https:\/\/colombiabuenanota.com\/?p=669"},"modified":"2024-05-20T12:12:16","modified_gmt":"2024-05-20T17:12:16","slug":"alucinante-lanzamiento-de-distrito-moda-2024","status":"publish","type":"post","link":"https:\/\/colombiabuenanota.com\/index.php\/2024\/05\/20\/alucinante-lanzamiento-de-distrito-moda-2024\/","title":{"rendered":"Alucinante lanzamiento de Distrito Moda 2024"},"content":{"rendered":"\n<p>La C\u00e1mara de la Moda Vallecaucana invit\u00f3 al lanzamiento internacional de <strong>Distrito Moda 2024, la semana de la moda de Cali, Palmira y el Valle del Cauca<\/strong>. El evento tuvo lugar a las 4:30p.m. en el Centro Internacional de Desarrollo Social (CIDS), ubicado en Cali. <\/p>\n\n\n\n<p>Dicho escenario, un moderno centro de eventos, fue escogido porque muestra un fuerte contraste entre el verde de nuestras monta\u00f1as y lo agreste de una cantera, que llam\u00f3 la atenci\u00f3n al ecosistema moda, para que todos juntos contribuyan a cuidar nuestros recursos naturales. <\/p>\n\n\n\n<p>Los asistentes vieron un desfile que permiti\u00f3 apreciar un adelanto de las colecciones Primavera\/Verano 2025 de los dise\u00f1adores extranjeros y colombianos que hacen parte de la programaci\u00f3n de <strong>Distrito Moda 2024<\/strong>.<\/p>\n\n\n\n<p>Teniendo como tel\u00f3n de fondo el paisaje monta\u00f1oso vallecaucano, los invitados vieron a las modelos desfilando con prendas de las colecciones de Custo Barcelona (Espa\u00f1a), Iann Dey (M\u00e9xico), Ana Terrasanta (Argentina), Macario Jim\u00e9nez (M\u00e9xico), 35 Studio X Lanificio di Livenza (Guatemala), Rei Giraldo (Miami), Valentina Musa (Argentina), Elizabeth G\u00f3mez (Nueva York), John Bejarano (Panam\u00e1) y Pepe Jeans (Londres). Vieron tambi\u00e9n un adelanto de las propuestas de exponentes de todo Colombia, as\u00ed como tambi\u00e9n 28 dise\u00f1adores del Valle del Cauca  que participan en <strong>Distrito Moda 2024<\/strong>, evento que er\u00e1 una puesta en escena alucinante con la participaci\u00f3n de 80 modelos pertenecientes a las agencias m\u00e1s destacadas del Valle del Cauca.<\/p>\n\n\n\n<h2 class=\"wp-block-heading\">Detalles del lanzamiento de Distrito Moda 2024<\/h2>\n\n\n\n<p>El lanzamiento internacional comenz\u00f3 pasadas las cinco de la tarde, por las fuertes lluvias de la ciudad, que no impidieron que el evento fuera espectacular. Los invitados atendieron el c\u00f3digo de vestuario sugerido por la organizaci\u00f3n: \u2018Sand &amp; Sunset\u2019, un look inspirado en las zonas m\u00e1s \u00e1ridas del planeta, vistiendo prendas en tonos tierra y un accesorio indispensable, las gafas de sol. Tambi\u00e9n cont\u00f3 con la presentaci\u00f3n de los bailarines del nuevo programa de danza y performance de la Universidad de San Buenaventura Cali, quienes desarrollaron una coreograf\u00eda titulada \u2018Tras las huellas\u2019.<\/p>\n\n\n\n<h2 class=\"wp-block-heading\">Lo que se viene para esta versi\u00f3n de Distrito Moda 2024<\/h2>\n\n\n\n<p>La organizaci\u00f3n del evento avanza a pasos agigantados para dejar todo listo para la gran cita de <strong>Distrito Moda 2024, la semana de la moda de Cali, Palmira y el Valle del Cauca<\/strong>. Grandes alianzas nacionales e internacionales n augurar\u00e1n grandes momentos para la moda vallecaucana, logrando un importante intercambio de talento con organizaciones como la Semana de la Moda de Guatemala y Argentina Fashion Week, lo que incluye la participaci\u00f3n de dos dise\u00f1adores de cada entidad en el evento y a la vez la inclusi\u00f3n de dos  dise\u00f1adores de la regi\u00f3n en dichas pasarelas.<\/p>\n\n\n\n<p>Para Celin Giraldo, directora ejecutiva de <strong>Distrito Moda 2024<\/strong>, el evento contiene elementos muy valiosos que lo diferencian de otras semanas de la moda que se hacen en Colombia, ya que <em>\u201chemos logrado un importante intercambio cultural y de talento mediante alianzas con otros pa\u00edses como Argentina y Guatemala, donde no solo ellos tienen la posibilidad de enviar sus dise\u00f1adores a nuestra pasarela, sino que nosotros enviamos a algunos de nuestros talentos a las de ellos. Nuestro objetivo es generar esos espacios disruptivos que le permitan a los dise\u00f1adores y marcas locales proyectarse en el extranjero\u201d<\/em>.<\/p>\n\n\n\n<p><strong>Distrito Moda<\/strong> tambi\u00e9n cuenta con la \u2018Ruta de Formaci\u00f3n\u2019, la cual inici\u00f3 el 8 de mayo a trav\u00e9s de la C\u00e1mara de Comercio de Cali. Todos los participantes de esta actividad de formaci\u00f3n entrar\u00e1n en un proceso de selecci\u00f3n, donde entre 25 y 30 marcas ser\u00e1n elegidas para participar en espacios de conexi\u00f3n que incluyen ruedas de negocio con compradores nacionales e internacionales.<\/p>\n\n\n\n<h2 class=\"wp-block-heading\">M\u00e1s novedades de Distrito Moda 2024<\/h2>\n\n\n\n<ul class=\"wp-block-list\">\n<li>Pasarelas locales (50% de la programaci\u00f3n).<\/li>\n\n\n\n<li>Pasarelas nacionales e internacionales (50% restante de la programaci\u00f3n).<\/li>\n\n\n\n<li>Sunset Fashion (pasarelas de moda beachwear).<\/li>\n\n\n\n<li>Gran Noche VOGUE.<\/li>\n\n\n\n<li>Fiesta de clausura.<\/li>\n<\/ul>\n\n\n\n<p>La C\u00e1mara de la Moda Vallecaucana, entidad organizadora de <strong>Distrito Moda 2024<\/strong>, celebra en junio de este a\u00f1o su 21\u00ba aniversario. Y lo hace en grande, precisamente en el marco de esta gran cita con la moda que se realiza del 05 al 08 de junio en el Centro de Eventos Valle del Pacifico y otros escenarios de Cali y Palmira. Guio di Colombia, presidente de la CMV y director general de <strong>Distrito Moda<\/strong>, afirma que <em>\u201cnada de esto ser\u00eda posible sin el apoyo de las entidades y empresas privadas que confiaron en nosotros para poder brindarle a Cali, Palmira y el Valle del Cauca esta gran plataforma que es <strong>Distrito Moda<\/strong>. Estamos generando empleo e impulsando el talento de nuevos dise\u00f1adores y marcas emergentes que a trav\u00e9s de nosotros encuentran una gran oportunidad para darse a conocer<\/em>&#8220;.<\/p>\n\n\n\n<p><\/p>\n","protected":false},"excerpt":{"rendered":"<p>La C\u00e1mara de la Moda Vallecaucana invit\u00f3 al lanzamiento internacional de Distrito Moda 2024, la semana de la moda de Cali, Palmira y el Valle del Cauca. El evento tuvo lugar a las 4:30p.m. en el Centro Internacional de Desarrollo Social (CIDS), ubicado en Cali. Dicho escenario, un moderno centro de eventos, fue escogido porque [&hellip;]<\/p>\n","protected":false},"author":2,"featured_media":670,"comment_status":"open","ping_status":"open","sticky":false,"template":"","format":"standard","meta":{"_jetpack_newsletter_access":"","_jetpack_dont_email_post_to_subs":false,"_jetpack_newsletter_tier_id":0,"_jetpack_memberships_contains_paywalled_content":false,"_jetpack_memberships_contains_paid_content":false,"footnotes":""},"categories":[6],"tags":[152],"class_list":{"0":"post-669","1":"post","2":"type-post","3":"status-publish","4":"format-standard","5":"has-post-thumbnail","7":"category-cultura-y-turismo","8":"tag-distrito-moda"},"jetpack_sharing_enabled":true,"jetpack_featured_media_url":"https:\/\/i0.wp.com\/colombiabuenanota.com\/wp-content\/uploads\/2024\/05\/Collage.png?fit=700%2C269&ssl=1","jetpack-related-posts":[],"_links":{"self":[{"href":"https:\/\/colombiabuenanota.com\/index.php\/wp-json\/wp\/v2\/posts\/669","targetHints":{"allow":["GET"]}}],"collection":[{"href":"https:\/\/colombiabuenanota.com\/index.php\/wp-json\/wp\/v2\/posts"}],"about":[{"href":"https:\/\/colombiabuenanota.com\/index.php\/wp-json\/wp\/v2\/types\/post"}],"author":[{"embeddable":true,"href":"https:\/\/colombiabuenanota.com\/index.php\/wp-json\/wp\/v2\/users\/2"}],"replies":[{"embeddable":true,"href":"https:\/\/colombiabuenanota.com\/index.php\/wp-json\/wp\/v2\/comments?post=669"}],"version-history":[{"count":1,"href":"https:\/\/colombiabuenanota.com\/index.php\/wp-json\/wp\/v2\/posts\/669\/revisions"}],"predecessor-version":[{"id":671,"href":"https:\/\/colombiabuenanota.com\/index.php\/wp-json\/wp\/v2\/posts\/669\/revisions\/671"}],"wp:featuredmedia":[{"embeddable":true,"href":"https:\/\/colombiabuenanota.com\/index.php\/wp-json\/wp\/v2\/media\/670"}],"wp:attachment":[{"href":"https:\/\/colombiabuenanota.com\/index.php\/wp-json\/wp\/v2\/media?parent=669"}],"wp:term":[{"taxonomy":"category","embeddable":true,"href":"https:\/\/colombiabuenanota.com\/index.php\/wp-json\/wp\/v2\/categories?post=669"},{"taxonomy":"post_tag","embeddable":true,"href":"https:\/\/colombiabuenanota.com\/index.php\/wp-json\/wp\/v2\/tags?post=669"}],"curies":[{"name":"wp","href":"https:\/\/api.w.org\/{rel}","templated":true}]}}