{"id":662,"date":"2024-05-20T11:18:11","date_gmt":"2024-05-20T16:18:11","guid":{"rendered":"https:\/\/colombiabuenanota.com\/?p=662"},"modified":"2024-05-20T11:18:13","modified_gmt":"2024-05-20T16:18:13","slug":"ikea-cumple-una-semana-con-su-nueva-tienda-en-cali","status":"publish","type":"post","link":"https:\/\/colombiabuenanota.com\/index.php\/2024\/05\/20\/ikea-cumple-una-semana-con-su-nueva-tienda-en-cali\/","title":{"rendered":"IKEA cumple una semana de recibir a los cale\u00f1os en su nueva tienda"},"content":{"rendered":"\n<p>En el balance presentado por Ikea, se destacan algunos de los productos m\u00e1s demandados, entre ellos las piezas de vajilla OFTAST, plantas vivas como las orqu\u00eddeas, el oso de peluche FABLER, el cl\u00e1sico organizador de zapatos MURVEL, y en la zona de muebles los clientes han elegido algunas soluciones para habitaci\u00f3n como MALM y KULLEN, los pr\u00e1cticos carritos organizadores NISSAFORS, y la serie TROFAST para almacenaje, entre otros muchos art\u00edculos. Adem\u00e1s, la marca reporta que ha servido a sus clientes alrededor de 4.000 platos de sus emblem\u00e1ticas alb\u00f3ndigas suecas. En este sentido, muchos de los visitantes han podido disfrutar de la experiencia completa que ofrece la tienda IKEA en Cali, viendo los m\u00e1s de 5.000 productos exhibidos, recorriendo los 47 espacios de inspiraci\u00f3n y deleit\u00e1ndose con la oferta gastron\u00f3mica en el restaurante y bistr\u00f3.<\/p>\n\n\n\n<p><em>\u201cAgradecemos a todos los cale\u00f1os que nos han honrado con su visita en esta primera semana. Es un privilegio para nosotros formar parte de sus hogares y sus vidas cotidianas. Para quienes a\u00fan no se acercan, los invitamos a hacerlo en Mallplaza Cali, donde encontrar\u00e1n una diversidad de productos de dise\u00f1o y calidad, funcionales y asequibles. Esperamos seguir siendo fuente de inspiraci\u00f3n para la decoraci\u00f3n y el dise\u00f1o de interiores en los hogares vallecaucanos\u201d,<\/em> manifest\u00f3 <strong>Jorge Armando Casta\u00f1o, gerente de la tienda IKEA Cali.<\/strong><strong><\/strong><\/p>\n\n\n\n<p>Es importante resaltar que el canal de comercio electr\u00f3nico de la marca lleg\u00f3 al Valle del Cauca el pasado diciembre, extendiendo su alcance a ciudades como Cali, Jamund\u00ed, Palmira y Tulu\u00e1. Con esta nueva apertura f\u00edsica, IKEA busca seguir cautivando a los cale\u00f1os con su propuesta de dise\u00f1o democr\u00e1tico, ofreciendo una experiencia omnicanal para todos sus clientes.<\/p>\n\n\n\n<h2 class=\"wp-block-heading\">La tercera tienda Ikea<\/h2>\n\n\n\n<p>Tras la inauguraci\u00f3n de su segunda tienda en el pa\u00eds, IKEA contin\u00faa con su plan de crecimiento en Colombia, con la apertura de una tercera tienda en Medell\u00edn antes de finalizar el 2024 en el centro comercial Viva Envigado.<\/p>\n","protected":false},"excerpt":{"rendered":"<p>En el balance presentado por Ikea, se destacan algunos de los productos m\u00e1s demandados, entre ellos las piezas de vajilla OFTAST, plantas vivas como las orqu\u00eddeas, el oso de peluche FABLER, el cl\u00e1sico organizador de zapatos MURVEL, y en la zona de muebles los clientes han elegido algunas soluciones para habitaci\u00f3n como MALM y KULLEN, [&hellip;]<\/p>\n","protected":false},"author":2,"featured_media":663,"comment_status":"open","ping_status":"open","sticky":false,"template":"","format":"standard","meta":{"_jetpack_newsletter_access":"","_jetpack_dont_email_post_to_subs":false,"_jetpack_newsletter_tier_id":0,"_jetpack_memberships_contains_paywalled_content":false,"_jetpack_memberships_contains_paid_content":false,"footnotes":""},"categories":[9],"tags":[135,203,265],"class_list":{"0":"post-662","1":"post","2":"type-post","3":"status-publish","4":"format-standard","5":"has-post-thumbnail","7":"category-economia","8":"tag-cali","9":"tag-ikea","10":"tag-mall-plaza"},"jetpack_sharing_enabled":true,"jetpack_featured_media_url":"https:\/\/i0.wp.com\/colombiabuenanota.com\/wp-content\/uploads\/2024\/05\/WhatsApp-Image-2024-05-17-at-9.48.38-AM.jpeg?fit=700%2C466&ssl=1","jetpack-related-posts":[],"_links":{"self":[{"href":"https:\/\/colombiabuenanota.com\/index.php\/wp-json\/wp\/v2\/posts\/662","targetHints":{"allow":["GET"]}}],"collection":[{"href":"https:\/\/colombiabuenanota.com\/index.php\/wp-json\/wp\/v2\/posts"}],"about":[{"href":"https:\/\/colombiabuenanota.com\/index.php\/wp-json\/wp\/v2\/types\/post"}],"author":[{"embeddable":true,"href":"https:\/\/colombiabuenanota.com\/index.php\/wp-json\/wp\/v2\/users\/2"}],"replies":[{"embeddable":true,"href":"https:\/\/colombiabuenanota.com\/index.php\/wp-json\/wp\/v2\/comments?post=662"}],"version-history":[{"count":1,"href":"https:\/\/colombiabuenanota.com\/index.php\/wp-json\/wp\/v2\/posts\/662\/revisions"}],"predecessor-version":[{"id":664,"href":"https:\/\/colombiabuenanota.com\/index.php\/wp-json\/wp\/v2\/posts\/662\/revisions\/664"}],"wp:featuredmedia":[{"embeddable":true,"href":"https:\/\/colombiabuenanota.com\/index.php\/wp-json\/wp\/v2\/media\/663"}],"wp:attachment":[{"href":"https:\/\/colombiabuenanota.com\/index.php\/wp-json\/wp\/v2\/media?parent=662"}],"wp:term":[{"taxonomy":"category","embeddable":true,"href":"https:\/\/colombiabuenanota.com\/index.php\/wp-json\/wp\/v2\/categories?post=662"},{"taxonomy":"post_tag","embeddable":true,"href":"https:\/\/colombiabuenanota.com\/index.php\/wp-json\/wp\/v2\/tags?post=662"}],"curies":[{"name":"wp","href":"https:\/\/api.w.org\/{rel}","templated":true}]}}