{"id":651,"date":"2024-05-16T11:52:05","date_gmt":"2024-05-16T16:52:05","guid":{"rendered":"https:\/\/colombiabuenanota.com\/?p=651"},"modified":"2024-05-16T11:52:08","modified_gmt":"2024-05-16T16:52:08","slug":"politica-de-apropiacion-social-los-principales-logros-de-minciencias","status":"publish","type":"post","link":"https:\/\/colombiabuenanota.com\/index.php\/2024\/05\/16\/politica-de-apropiacion-social-los-principales-logros-de-minciencias\/","title":{"rendered":"Pol\u00edtica de apropiaci\u00f3n social: Los principales logros de Minciencias"},"content":{"rendered":"\n<h2 class=\"wp-block-heading\">H\u00e1blenos Que es la pol\u00edtica de apropiaci\u00f3n social, \u00bfC\u00f3mo se lleva a cabo y esto c\u00f3mo se ve reflejado en el valle?<\/h2>\n\n\n\n<p>R\/ Para el Ministerio de Ciencias, Tecnolog\u00eda e Innovaci\u00f3n es importante contarle a la gente sobre la Pol\u00edtica de Apropiaci\u00f3n Social del Conocimiento, una pol\u00edtica que ya lleva 3 a\u00f1os de haberse promulgado. El 12 de marzo en espec\u00edfico, estuvimos realizando una serie de actividades para conmemorar esos 3 a\u00f1os y es interesante porque nos permite reflexionar e implementar actividades concretas para poder trabajar en esa relaci\u00f3n entre la ciencia y sociedad. Muchas veces pensamos que la ciencia es un asunto alejado de nuestra vida cotidiana y lo que esta pol\u00edtica busca es profundizar esa relaci\u00f3n (ciencia y sociedad), buscar la pertinencia que tiene para la sociedad, c\u00f3mo puede ser catalizador del mejoramiento de condiciones de vida, pero adem\u00e1s, c\u00f3mo promueve elementos fundamentales como el di\u00e1logo de saberes, la democratizaci\u00f3n del conocimiento y otra serie de aspectos que nos permiten mostrar que la ciencia hace parte integral de la vida cotidiana de todos los seres humanos.<\/p>\n\n\n\n<h2 class=\"wp-block-heading\">\u00bfC\u00f3mo se involucran las organizaciones en este tipo de proyectos?<\/h2>\n\n\n\n<p>Bueno, esta pol\u00edtica se construy\u00f3 de forma participativa, ah\u00ed ya tenemos un elemento fundamental, y es que la ciudadan\u00eda en general ha sido un agente fundamental para la construcci\u00f3n de la pol\u00edtica. Despu\u00e9s de la construcci\u00f3n de esta viene la implementaci\u00f3n. No queremos hacer una pol\u00edtica que quede en el papel, sino que, tenemos que implementarlas a partir de planes, proyectos, programas y mecanismos; incluso antes de que las pol\u00edticas fueran formalizadas han existido una serie de programas en el Ministerio que nos permitieron implementar las bases de esta, uno de ellos es el programa \u201cA ciencia cierta\u201d, muy conocido y que tiene alrededor de 5 a\u00f1os de existir. Fue una convocatoria que lanzamos buscando una alianza entre actores del sistema nacional de ciencia, tecnolog\u00eda e innovaci\u00f3n, enti\u00e9ndase centros de investigaci\u00f3n, universidades y organizaciones de la sociedad civil. Lo que se hace es que estas organizaciones env\u00eden sus iniciativas, necesidades en t\u00e9rminos de ciencia y tecnolog\u00eda y nosotros nos encargamos de gestionar esa alianza con el Sistema Nacional de Ciencia y Tecnolog\u00eda e innovaci\u00f3n, buscando que se lleven a cabo estos proyectos que buscan transformar las condiciones de contexto locales.<\/p>\n\n\n\n<h2 class=\"wp-block-heading\">\u00bfPor qu\u00e9 consideras importante la Pol\u00edtica de Apropiaci\u00f3n Social?<\/h2>\n\n\n\n<p>En este 2024 se est\u00e1 preparando lanzar una nueva convocatoria. El 12 de marzo pasado en la conmemoraci\u00f3n de la pol\u00edtica anteriormente comentada, trabajamos con las organizaciones y los actores del Sistema Nacional de Ciencia, Tecnolog\u00eda e Innovaci\u00f3n que han sido promovidos por el programa \u201cA ciencia cierta\u201d y fue muy interesante ver casos transformadores demostrando que la ciencia es un factor de cambio en nuestra realidad, y demostrando que no solo sirve para proveer conocimiento&nbsp; sobre cualquier elemento del entorno sino, que adem\u00e1s, sirve para la creaci\u00f3n de proyectos productivos, alternativas econ\u00f3micas, econom\u00edas propias populares, etc.<\/p>\n\n\n\n<p>Yo les quiero nombrar un caso interesant\u00edsimo de los muchos que trabajamos este 12 de marzo. Conoc\u00ed unas mujeres de una asociaci\u00f3n de Timb\u00edo, Cauca, que trabajan con seda y hacen prendas con este material. Este emprendimiento ya exist\u00eda antes del programa, pero gracias al haber trabajado en esta convocatoria, con unos investigadores lograron mejorar el cultivo del gusano de seda, lograron mejorar las condiciones de la producci\u00f3n de seda y as\u00ed lograron minimizar los costos de su emprendimiento y as\u00ed poder ofrecer las prendas a otro precio y ser m\u00e1s competitivos en el mercado.&nbsp; Este es un ejemplo para mostrarles que estas alianzas sirven para mostrar ese poder transformador de la ciencia.<\/p>\n\n\n\n<p>Es importante tambi\u00e9n identificar c\u00f3mo la ciencia puede ayudarnos a mejorar las condiciones de vida en t\u00e9rminos generales. Desde el ministerio venimos trabajando para que nuevas organizaciones sociales, nuevos actores se vinculen nuestro programa \u201cA ciencia cierta\u201d.<\/p>\n\n\n\n<h2 class=\"wp-block-heading\">\u00bfEstos programas vistos desde la inversi\u00f3n, de qu\u00e9 estamos hablando?<\/h2>\n\n\n\n<p>S\u00ed, hablamos de que es una pol\u00edtica que se viene implementando desde hace m\u00e1s de tres a\u00f1os, hablamos de una inversi\u00f3n de m\u00e1s de 60 mil millones de pesos en total. Es un trabajo que hemos venido realizando con \u201cA ciencia cierta\u201d, con \u201cIdeas para el cambio\u201d pero tambi\u00e9n hemos venido realizando otros proyectos con centros de ciencia que trabajan en temas de apropiaci\u00f3n social del conocimiento y que tienen todo un programa de democratizaci\u00f3n del conocimiento y tambi\u00e9n con las instituciones de educaci\u00f3n superior que han creado unidades de apropiaci\u00f3n social del conocimiento, haciendo que estas \u00faltimas interact\u00faen con organizaciones de sociedad civil, con comunidades \u00e9tnicas, comunidades campesinas para poder implementar su proyecto.<\/p>\n\n\n\n<p>Tambi\u00e9n, estamos hablando de 121 mil beneficiarios a nivel nacional y a nivel del Valle del Cauca, donde hay experiencias muy interesantes y exitosas. En particular, tengo en mente tres experiencias que se desarrollaron en Buenaventura en concreto, siendo experiencias que han tratado de solucionar problem\u00e1ticas locales a partir de esta interacci\u00f3n con investigadores y con la apropiaci\u00f3n y uso del conocimiento cient\u00edfico para poder implementar medios que contribuyan a la soluci\u00f3n del problema local. Es bien sabido que en el pac\u00edfico colombiano tenemos un problema grande con el manejo de los pl\u00e1sticos, donde se tiene esa contaminaci\u00f3n de manera significativa. La experiencia aqu\u00ed fue trabajar con un consejo comunitario de Buenaventura, para poder hacer un segundo uso de los pl\u00e1sticos, y esto en un entorno tur\u00edstico, en un proyecto mucho m\u00e1s amplio basado en naturaleza que ten\u00eda el consejo y que fue muy \u00fatil para la contribuci\u00f3n a ese problema de contaminaci\u00f3n por pl\u00e1stico, pero adicional, para generar alternativas productivas en el marco de ese proyecto de turismo basado en naturaleza.<\/p>\n\n\n\n<p>Tambi\u00e9n en Buenaventura se realiz\u00f3 un trabajo interesante de turismo basado en naturaleza en cuanto a la clasificaci\u00f3n de mariposas y bromelias en concreto, toda una investigaci\u00f3n cient\u00edfica con car\u00e1cter comunitario importante, un di\u00e1logo de saberes con esta investigaci\u00f3n. De ah\u00ed, naci\u00f3 un proyecto de turismo basado en la naturaleza mucho m\u00e1s amplio.<\/p>\n\n\n\n<p>&nbsp;Entonces, estos son ejemplos important\u00edsimos para ver c\u00f3mo en el Valle de Cauca, la sociedad civil organizada ha adoptado estas convocatorias y han sacado un provecho muy importante de transformaci\u00f3n de problem\u00e1ticas locales, para gestionar soluciones basadas en ciencia y tecnolog\u00eda e innovaci\u00f3n.<\/p>\n","protected":false},"excerpt":{"rendered":"<p>H\u00e1blenos Que es la pol\u00edtica de apropiaci\u00f3n social, \u00bfC\u00f3mo se lleva a cabo y esto c\u00f3mo se ve reflejado en el valle? R\/ Para el Ministerio de Ciencias, Tecnolog\u00eda e Innovaci\u00f3n es importante contarle a la gente sobre la Pol\u00edtica de Apropiaci\u00f3n Social del Conocimiento, una pol\u00edtica que ya lleva 3 a\u00f1os de haberse promulgado. [&hellip;]<\/p>\n","protected":false},"author":2,"featured_media":652,"comment_status":"open","ping_status":"open","sticky":false,"template":"","format":"standard","meta":{"_jetpack_newsletter_access":"","_jetpack_dont_email_post_to_subs":false,"_jetpack_newsletter_tier_id":0,"_jetpack_memberships_contains_paywalled_content":false,"_jetpack_memberships_contains_paid_content":false,"footnotes":""},"categories":[8],"tags":[317,209,318],"class_list":{"0":"post-651","1":"post","2":"type-post","3":"status-publish","4":"format-standard","5":"has-post-thumbnail","7":"category-tecnologia","8":"tag-maria-camila-diaz","9":"tag-minciencias","10":"tag-politica-de-apropiacion-social"},"jetpack_sharing_enabled":true,"jetpack_featured_media_url":"https:\/\/i0.wp.com\/colombiabuenanota.com\/wp-content\/uploads\/2024\/05\/Maria_Camila_Diaz.jpeg?fit=312%2C470&ssl=1","jetpack-related-posts":[],"_links":{"self":[{"href":"https:\/\/colombiabuenanota.com\/index.php\/wp-json\/wp\/v2\/posts\/651","targetHints":{"allow":["GET"]}}],"collection":[{"href":"https:\/\/colombiabuenanota.com\/index.php\/wp-json\/wp\/v2\/posts"}],"about":[{"href":"https:\/\/colombiabuenanota.com\/index.php\/wp-json\/wp\/v2\/types\/post"}],"author":[{"embeddable":true,"href":"https:\/\/colombiabuenanota.com\/index.php\/wp-json\/wp\/v2\/users\/2"}],"replies":[{"embeddable":true,"href":"https:\/\/colombiabuenanota.com\/index.php\/wp-json\/wp\/v2\/comments?post=651"}],"version-history":[{"count":1,"href":"https:\/\/colombiabuenanota.com\/index.php\/wp-json\/wp\/v2\/posts\/651\/revisions"}],"predecessor-version":[{"id":653,"href":"https:\/\/colombiabuenanota.com\/index.php\/wp-json\/wp\/v2\/posts\/651\/revisions\/653"}],"wp:featuredmedia":[{"embeddable":true,"href":"https:\/\/colombiabuenanota.com\/index.php\/wp-json\/wp\/v2\/media\/652"}],"wp:attachment":[{"href":"https:\/\/colombiabuenanota.com\/index.php\/wp-json\/wp\/v2\/media?parent=651"}],"wp:term":[{"taxonomy":"category","embeddable":true,"href":"https:\/\/colombiabuenanota.com\/index.php\/wp-json\/wp\/v2\/categories?post=651"},{"taxonomy":"post_tag","embeddable":true,"href":"https:\/\/colombiabuenanota.com\/index.php\/wp-json\/wp\/v2\/tags?post=651"}],"curies":[{"name":"wp","href":"https:\/\/api.w.org\/{rel}","templated":true}]}}