{"id":619,"date":"2024-05-09T15:18:47","date_gmt":"2024-05-09T20:18:47","guid":{"rendered":"https:\/\/colombiabuenanota.com\/?p=619"},"modified":"2024-05-09T15:18:49","modified_gmt":"2024-05-09T20:18:49","slug":"temporada-de-lluvia-previene-enfermedades-respiratorias","status":"publish","type":"post","link":"https:\/\/colombiabuenanota.com\/index.php\/2024\/05\/09\/temporada-de-lluvia-previene-enfermedades-respiratorias\/","title":{"rendered":"\u00a0Temporada de lluvia en Colombia: Recomendaciones para prevenir enfermedades respiratorias"},"content":{"rendered":"\n<p>Actualmente, Colombia experimenta una transici\u00f3n gradual del fen\u00f3meno de El Ni\u00f1o hacia condiciones de Neutralidad. Sin embargo, se proyecta que La Ni\u00f1a sea la categor\u00eda m\u00e1s probable en diferentes regiones en los pr\u00f3ximos meses, seg\u00fan el \u00faltimo Informe de Predicci\u00f3n Clim\u00e1tica a corto, mediano y largo plazo en Colombia del Instituto de Hidrolog\u00eda, Meteorolog\u00eda y Estudios Ambientales (IDEAM). Estos cambios clim\u00e1ticos pueden traer repercusiones en la salud p\u00fablica, especialmente en el aumento de casos de Infecci\u00f3n Respiratoria Aguda (IRA).<\/p>\n\n\n\n<p>Con la llegada del invierno, las bajas temperaturas y la lluvia facilitan un ambiente propicio para la supervivencia y proliferaci\u00f3n de agentes pat\u00f3genos como los virus y las bacterias responsables de causar enfermedades respiratorias.<\/p>\n\n\n\n<h2 class=\"wp-block-heading\">Enfermedades que proliferan con la lluvia<\/h2>\n\n\n\n<p>La Infecci\u00f3n Respiratoria Aguda es un conjunto de patolog\u00edas que afectan a uno o varios \u00f3rganos del sistema respiratorio. Entre las enfermedades m\u00e1s comunes se encuentran: faringitis, otitis, amigdalitis, bronquitis, sinusitis, bronquiolitis y neumon\u00eda, de acuerdo con Dipsella Hern\u00e1ndez Morales, Coordinadora de Terapia Respiratoria del Hospital Infantil Universitario de San Jos\u00e9, quien tambi\u00e9n se\u00f1ala que la IRA es la primera causa de morbilidad y asistencia a los centros de salud que aqueja, en su mayor\u00eda, a los ni\u00f1os menores de 5 a\u00f1os.<\/p>\n\n\n\n<p>Seg\u00fan informaci\u00f3n del Hospital Infantil Universitario de San Jos\u00e9, los principales s\u00edntomas que caracterizan las Infecciones Agudas Respiratorias son: malestar general, fiebre, tos, flemas, secreci\u00f3n nasal, dolor de garganta, v\u00f3mito y dolor abdominal. Adem\u00e1s, resalta que los s\u00edntomas pueden durar entre 8 a 15 d\u00edas. De esta manera, se recomienda tener especial atenci\u00f3n ante la aparici\u00f3n de estas manifestaciones.<\/p>\n\n\n\n<h2 class=\"wp-block-heading\">Medidas preventivas en temporada de lluvia<\/h2>\n\n\n\n<p>Para el Instituto Nacional de Salud de Colombia (INS), es primordial que la poblaci\u00f3n en general tome medidas de prevenci\u00f3n contra las enfermedades respiratorias, en especial los ni\u00f1os menores de cinco a\u00f1os, los adultos de 60 a\u00f1os, personas con antecedentes de enfermedades pulmonares cr\u00f3nicas, con inmunosupresi\u00f3n y mujeres embarazadas, pues son los grupos m\u00e1s susceptibles a resultar gravemente afectados. De forma que, para estas poblaciones se recomienda como protecci\u00f3n adicional la aplicaci\u00f3n de la vacuna contra la influenza.<\/p>\n\n\n\n<p>Con el fin de prevenir la propagaci\u00f3n de enfermedades respiratorias, la doctora Hern\u00e1ndez Morales, sugiere seguir algunas medidas clave: lavarse las manos adecuadamente y con frecuencia, cubrirse la nariz y la boca al estornudar o toser con un pa\u00f1uelo desechable y tirarlo inmediatamente, usar mascarilla en caso de presentar s\u00edntomas respiratorios y evitar el contacto con personas vulnerables mientras se est\u00e9 enfermo, as\u00ed como evitar la exposici\u00f3n al humo de cigarrillo y a personas fumadoras en el entorno.<\/p>\n\n\n\n<p>Ante la llegada del fen\u00f3meno de La Ni\u00f1a y de la lluvia, es esencial tomar medidas preventivas adicionales como: evitar cambios bruscos de temperatura, ventilar las habitaciones diariamente y reducir los contaminantes del aire en el hogar. Asimismo, se debe tener precauci\u00f3n para evitar la exposici\u00f3n al mon\u00f3xido de carbono para as\u00ed proteger nuestra salud respiratoria y la de aquellos que nos rodean.<\/p>\n","protected":false},"excerpt":{"rendered":"<p>Actualmente, Colombia experimenta una transici\u00f3n gradual del fen\u00f3meno de El Ni\u00f1o hacia condiciones de Neutralidad. Sin embargo, se proyecta que La Ni\u00f1a sea la categor\u00eda m\u00e1s probable en diferentes regiones en los pr\u00f3ximos meses, seg\u00fan el \u00faltimo Informe de Predicci\u00f3n Clim\u00e1tica a corto, mediano y largo plazo en Colombia del Instituto de Hidrolog\u00eda, Meteorolog\u00eda y [&hellip;]<\/p>\n","protected":false},"author":2,"featured_media":620,"comment_status":"open","ping_status":"open","sticky":false,"template":"","format":"standard","meta":{"_jetpack_newsletter_access":"","_jetpack_dont_email_post_to_subs":false,"_jetpack_newsletter_tier_id":0,"_jetpack_memberships_contains_paywalled_content":false,"_jetpack_memberships_contains_paid_content":false,"footnotes":""},"categories":[12],"tags":[],"class_list":{"0":"post-619","1":"post","2":"type-post","3":"status-publish","4":"format-standard","5":"has-post-thumbnail","7":"category-salud"},"jetpack_sharing_enabled":true,"jetpack_featured_media_url":"https:\/\/i0.wp.com\/colombiabuenanota.com\/wp-content\/uploads\/2024\/05\/pexels-nikita-ananjevs-1243363-2559961.jpg?fit=700%2C525&ssl=1","jetpack-related-posts":[],"_links":{"self":[{"href":"https:\/\/colombiabuenanota.com\/index.php\/wp-json\/wp\/v2\/posts\/619","targetHints":{"allow":["GET"]}}],"collection":[{"href":"https:\/\/colombiabuenanota.com\/index.php\/wp-json\/wp\/v2\/posts"}],"about":[{"href":"https:\/\/colombiabuenanota.com\/index.php\/wp-json\/wp\/v2\/types\/post"}],"author":[{"embeddable":true,"href":"https:\/\/colombiabuenanota.com\/index.php\/wp-json\/wp\/v2\/users\/2"}],"replies":[{"embeddable":true,"href":"https:\/\/colombiabuenanota.com\/index.php\/wp-json\/wp\/v2\/comments?post=619"}],"version-history":[{"count":1,"href":"https:\/\/colombiabuenanota.com\/index.php\/wp-json\/wp\/v2\/posts\/619\/revisions"}],"predecessor-version":[{"id":621,"href":"https:\/\/colombiabuenanota.com\/index.php\/wp-json\/wp\/v2\/posts\/619\/revisions\/621"}],"wp:featuredmedia":[{"embeddable":true,"href":"https:\/\/colombiabuenanota.com\/index.php\/wp-json\/wp\/v2\/media\/620"}],"wp:attachment":[{"href":"https:\/\/colombiabuenanota.com\/index.php\/wp-json\/wp\/v2\/media?parent=619"}],"wp:term":[{"taxonomy":"category","embeddable":true,"href":"https:\/\/colombiabuenanota.com\/index.php\/wp-json\/wp\/v2\/categories?post=619"},{"taxonomy":"post_tag","embeddable":true,"href":"https:\/\/colombiabuenanota.com\/index.php\/wp-json\/wp\/v2\/tags?post=619"}],"curies":[{"name":"wp","href":"https:\/\/api.w.org\/{rel}","templated":true}]}}