{"id":595,"date":"2024-04-24T10:38:16","date_gmt":"2024-04-24T15:38:16","guid":{"rendered":"https:\/\/colombiabuenanota.com\/?p=595"},"modified":"2024-04-24T10:38:19","modified_gmt":"2024-04-24T15:38:19","slug":"artistas-abogadas-e-investigadoras-llegan-a-cali-para-evento-gratuito-sobre-derecho-arte-y-genero","status":"publish","type":"post","link":"https:\/\/colombiabuenanota.com\/index.php\/2024\/04\/24\/artistas-abogadas-e-investigadoras-llegan-a-cali-para-evento-gratuito-sobre-derecho-arte-y-genero\/","title":{"rendered":"Artistas, abogadas e investigadoras llegan a Cali para evento gratuito sobre derecho, arte y g\u00e9nero"},"content":{"rendered":"\n<p>Expertas nacionales e internacionales se reunir\u00e1n en Cali para participar en la jornada Derecho, Arte y G\u00e9nero, un evento organizado por la Red Alas y el proyecto La Imagen Justa, que busca abordar la relaci\u00f3n entre el derecho, el arte y el g\u00e9nero. Este encuentro tendr\u00e1 lugar el pr\u00f3ximo viernes 26 de abril en la cinemateca del Museo La Tertulia, con entrada libre con previa inscripci\u00f3n.<\/p>\n\n\n\n<h2 class=\"wp-block-heading\">Agenda<\/h2>\n\n\n\n<p>Durante la ma\u00f1ana, de 9:00 a.m. a 12:00 m., se abordar\u00e1 el tema &#8220;Construcciones de g\u00e9nero en la cultura visual y el derecho: Trastocamientos y di\u00e1logos&#8221;, explorando la relaci\u00f3n entre arte, educaci\u00f3n y derecho a trav\u00e9s de investigaciones interdisciplinarias. La profesora Chlo\u00e9 Georas, de la Universidad de Puerto Rico, junto con Paola Pereira, Ivy Bonilla, M\u00f3nica Parada y Carolina P\u00e9rez, discutir\u00e1n ejemplos que integran enfoques de g\u00e9nero, cultura visual y derecho.<\/p>\n\n\n\n<p>\u201cLas investigaciones que presentaremos surgen de un seminario que tuvo como objetivo proponer una visi\u00f3n cr\u00edtica de la cultura visual en sentido amplio, a trav\u00e9s de categor\u00edas construidas socialmente como el g\u00e9nero, la raza y el derecho, para entender c\u00f3mo se interpelan mutuamente. Abordamos tem\u00e1ticas que han sido grandes debates, como los derechos de autor, la violencia sexual, la pornograf\u00eda, la censura y la libertad de expresi\u00f3n\u201d, dijo Paola Pereira, abogade e investigadore interdisciplinar.<\/p>\n\n\n\n<p>Por la tarde, de 2:00 p.m. a 5:00 p.m., se presentar\u00e1 el proyecto La Imagen Justa, destacando su cat\u00e1logo visual, audiovisual y sonoro que facilita la exploraci\u00f3n pedag\u00f3gica de diversas disciplinas a trav\u00e9s del arte. Cristina Motta, directora de cine colombo-argentina y miembro de la Red Alas, explicar\u00e1 c\u00f3mo esta iniciativa promueve la interdisciplinariedad y aborda temas de g\u00e9nero y sexualidad.<\/p>\n\n\n\n<p>\u201cCreemos que la educaci\u00f3n legal va a ser m\u00e1s enriquecedora si busca ser m\u00e1s interdisciplinaria. Estamos convencidas de que la capacidad que tiene el arte de crear una sensibilizaci\u00f3n especial acerca de los procesos humanos hace que sean mucho m\u00e1s f\u00e1ciles los procesos de aprendizaje. Con este proyecto cultural buscamos ofrecer una selecci\u00f3n y rese\u00f1as de obras art\u00edsticas y literarias que planteen de una forma prioritaria el g\u00e9nero y la sexualidad\u201d, indic\u00f3 Motta.<\/p>\n\n\n\n<p>Adem\u00e1s, se realizar\u00e1 un conversatorio sobre &#8220;Artemisia Gentileschi: a prop\u00f3sito del arte femenino y feminista&#8221;, moderado por Helena Alviar, profesora de la Escuela de Derecho de Sciences Po (Par\u00eds), Patricia Zalamea, profesora de la Facultad de Artes y Humanidades de la Universidad de Los Andes, y Esteban Restrepo, director de la Maestr\u00eda en Derecho de la Universidad de Los Andes. Este di\u00e1logo explorar\u00e1 la relaci\u00f3n entre el derecho, la justicia feminista y la obra de Gentileschi, una destacada artista del siglo XVII.<\/p>\n\n\n\n<p>\u201cTener esta clase de eventos en Cali es tremendamente importante porque ponen en evidencia c\u00f3mo el g\u00e9nero es una categor\u00eda fundamental en las investigaciones acad\u00e9micas. El di\u00e1logo sobre c\u00f3mo la cultura visual contempor\u00e1nea y el derecho se entrelazan en la lucha por la equidad de g\u00e9nero y la justicia debe extenderse e integrar a toda la comunidad acad\u00e9mica de nuestra ciudad, as\u00ed como a las organizaciones que promueven la equidad de g\u00e9nero\u201d, expres\u00f3 Lina Buchely, directora del Observatorio para la Equidad de las Mujeres e integrante de la Red Alas.<\/p>\n\n\n\n<p>El evento, dirigido a estudiantes, docentes, investigadores, artistas y organizaciones sociales, busca fomentar un di\u00e1logo enriquecedor sobre la equidad de g\u00e9nero y la justicia desde m\u00faltiples perspectivas. La inscripci\u00f3n es gratuita y puede realizarse en bit.ly\/jornada-dag<\/p>\n","protected":false},"excerpt":{"rendered":"<p>Expertas nacionales e internacionales se reunir\u00e1n en Cali para participar en la jornada Derecho, Arte y G\u00e9nero, un evento organizado por la Red Alas y el proyecto La Imagen Justa, que busca abordar la relaci\u00f3n entre el derecho, el arte y el g\u00e9nero. Este encuentro tendr\u00e1 lugar el pr\u00f3ximo viernes 26 de abril en la [&hellip;]<\/p>\n","protected":false},"author":2,"featured_media":596,"comment_status":"open","ping_status":"open","sticky":false,"template":"","format":"standard","meta":{"_jetpack_newsletter_access":"","_jetpack_dont_email_post_to_subs":false,"_jetpack_newsletter_tier_id":0,"_jetpack_memberships_contains_paywalled_content":false,"_jetpack_memberships_contains_paid_content":false,"footnotes":""},"categories":[14],"tags":[135,291],"class_list":{"0":"post-595","1":"post","2":"type-post","3":"status-publish","4":"format-standard","5":"has-post-thumbnail","7":"category-ciudades-buena-nota","8":"tag-cali","9":"tag-icesi"},"jetpack_sharing_enabled":true,"jetpack_featured_media_url":"https:\/\/i0.wp.com\/colombiabuenanota.com\/wp-content\/uploads\/2024\/04\/WhatsApp-Image-2024-04-22-at-3.49.01-PM.jpeg?fit=700%2C251&ssl=1","jetpack-related-posts":[],"_links":{"self":[{"href":"https:\/\/colombiabuenanota.com\/index.php\/wp-json\/wp\/v2\/posts\/595","targetHints":{"allow":["GET"]}}],"collection":[{"href":"https:\/\/colombiabuenanota.com\/index.php\/wp-json\/wp\/v2\/posts"}],"about":[{"href":"https:\/\/colombiabuenanota.com\/index.php\/wp-json\/wp\/v2\/types\/post"}],"author":[{"embeddable":true,"href":"https:\/\/colombiabuenanota.com\/index.php\/wp-json\/wp\/v2\/users\/2"}],"replies":[{"embeddable":true,"href":"https:\/\/colombiabuenanota.com\/index.php\/wp-json\/wp\/v2\/comments?post=595"}],"version-history":[{"count":1,"href":"https:\/\/colombiabuenanota.com\/index.php\/wp-json\/wp\/v2\/posts\/595\/revisions"}],"predecessor-version":[{"id":597,"href":"https:\/\/colombiabuenanota.com\/index.php\/wp-json\/wp\/v2\/posts\/595\/revisions\/597"}],"wp:featuredmedia":[{"embeddable":true,"href":"https:\/\/colombiabuenanota.com\/index.php\/wp-json\/wp\/v2\/media\/596"}],"wp:attachment":[{"href":"https:\/\/colombiabuenanota.com\/index.php\/wp-json\/wp\/v2\/media?parent=595"}],"wp:term":[{"taxonomy":"category","embeddable":true,"href":"https:\/\/colombiabuenanota.com\/index.php\/wp-json\/wp\/v2\/categories?post=595"},{"taxonomy":"post_tag","embeddable":true,"href":"https:\/\/colombiabuenanota.com\/index.php\/wp-json\/wp\/v2\/tags?post=595"}],"curies":[{"name":"wp","href":"https:\/\/api.w.org\/{rel}","templated":true}]}}