{"id":592,"date":"2024-04-24T10:33:05","date_gmt":"2024-04-24T15:33:05","guid":{"rendered":"https:\/\/colombiabuenanota.com\/?p=592"},"modified":"2024-04-24T10:33:08","modified_gmt":"2024-04-24T15:33:08","slug":"ikea-comparte-detalles-de-su-segunda-tienda-en-el-pais-ubicada-en-cali","status":"publish","type":"post","link":"https:\/\/colombiabuenanota.com\/index.php\/2024\/04\/24\/ikea-comparte-detalles-de-su-segunda-tienda-en-el-pais-ubicada-en-cali\/","title":{"rendered":"IKEA comparte detalles de su segunda tienda en el pa\u00eds, ubicada en Cali"},"content":{"rendered":"\n<p><strong>.- <\/strong>Cerca de 15,500 metros cuadrados dar\u00e1n forma a la segunda tienda de IKEA en Colombia, que estar\u00e1 ubicada en el centro comercial Mallplaza Cali, en la Cl. 3 Cuarto de Legua #52-253, lo que facilitar\u00e1 que el 90% de los habitantes de la ciudad puedan acceder a la tienda en menos de 60 minutos. Este paso es clave para continuar con el plan de expansi\u00f3n de la compa\u00f1\u00eda en el pa\u00eds y la consolidaci\u00f3n de su propuesta en la regi\u00f3n vallecaucana.<\/p>\n\n\n\n<p>En el \u00faltimo mes de diciembre, IKEA inici\u00f3 sus operaciones en la zona a trav\u00e9s del canal de ventas online IKEA.com.co extendiendo su alcance a Cali, Jamund\u00ed, Palmira y Tulu\u00e1. Pero siempre estuvo prevista la apertura y operaci\u00f3n de una tienda f\u00edsica en la capital del Valle del Cauca. Con esta apertura, IKEA busca seguir enamorando a los cale\u00f1os con el dise\u00f1o, funcionalidad, calidad y sostenibilidad de sus productos a precios asequibles.<\/p>\n\n\n\n<p><em>\u201cIndudablemente abrir las puertas de nuestra segunda tienda en el pa\u00eds, nos llena de orgullo y de entusiasmo. Queremos ofrecerles, en esta oportunidad, a los cale\u00f1os, la experiencia IKEA donde podr\u00e1n inspirarse para crear espacios funcionales en sus hogares. Todo el equipo de Cali est\u00e1 emocionado y ansioso por darles la bienvenida a nuestra tienda y acompa\u00f1arlos en esta experiencia pensada para mejorar el d\u00eda a d\u00eda de los vallecaucanos\u201d,<\/em> comenta <strong>Jorge<\/strong><strong> Armando Casta\u00f1o, gerente de tienda IKEA Cali.<\/strong><\/p>\n\n\n\n<p>Quienes visiten IKEA podr\u00e1n acceder a una experiencia sueca \u00fanica en donde adem\u00e1s de ver la oferta en mobiliario y decoraci\u00f3n, tambi\u00e9n encontrar\u00e1n un restaurante en el que los visitantes podr\u00e1n degustar preparaciones ic\u00f3nicas como las alb\u00f3ndigas y otros productos n\u00f3rdicos, adem\u00e1s de platos t\u00edpicos del Valle del Cauca y Colombia. Por otro lado, cabe destacar que la tienda ser\u00e1 un espacio en donde todos ser\u00e1n bienvenidos incluyendo a perros y gatos, siendo un espacio para toda la familia.\u00a0<\/p>\n\n\n\n<h2 class=\"wp-block-heading\">El recorrido por la segunda tienda de Ikea<\/h2>\n\n\n\n<p>IKEA Cali contar\u00e1 con cerca de 15,500 metros cuadrados en tres pisos y una superficie de ventas de aproximadamente 7,000 metros cuadrados. Este espacio ofrecer\u00e1 el mismo recorrido que tienen todas las tiendas de la compa\u00f1\u00eda en m\u00e1s de 60 pa\u00edses. Una vez que los clientes ingresen a la tienda, encontrar\u00e1n papel, l\u00e1piz y cinta para medir, para dejar volar su imaginaci\u00f3n y crear espacios \u00fanicos. Con estos implementos en mano, podr\u00e1n recorrer 2 apartamentos completamente equipados y 21 salas de exhibici\u00f3n que recrean habitaciones reales y presentan las bondades de los muebles y productos de decoraci\u00f3n que esta compa\u00f1\u00eda sueca trae al pa\u00eds.&nbsp;<\/p>\n\n\n\n<p>Avanzando en la tienda, tambi\u00e9n encontrar\u00e1n el \u00e1rea de ni\u00f1os, dedicada a los juguetes, peluches y decoraci\u00f3n infantil, -que cumplen con los m\u00e1s estrictos est\u00e1ndares de seguridad con relaci\u00f3n a sus materiales- y un espacio completo dedicado al decohogar, donde los clientes podr\u00e1n encontrar todos esos detalles que har\u00e1n de su casa un lugar \u00fanico, para cada gusto y presupuesto. Aqu\u00ed podr\u00e1n optar por productos ic\u00f3nicos de la marca tales como velas, espejos y marcos, cojines y textiles de cama, entre muchos otros.&nbsp;&nbsp;<\/p>\n","protected":false},"excerpt":{"rendered":"<p>.- Cerca de 15,500 metros cuadrados dar\u00e1n forma a la segunda tienda de IKEA en Colombia, que estar\u00e1 ubicada en el centro comercial Mallplaza Cali, en la Cl. 3 Cuarto de Legua #52-253, lo que facilitar\u00e1 que el 90% de los habitantes de la ciudad puedan acceder a la tienda en menos de 60 minutos. [&hellip;]<\/p>\n","protected":false},"author":2,"featured_media":593,"comment_status":"open","ping_status":"open","sticky":false,"template":"","format":"standard","meta":{"_jetpack_newsletter_access":"","_jetpack_dont_email_post_to_subs":false,"_jetpack_newsletter_tier_id":0,"_jetpack_memberships_contains_paywalled_content":false,"_jetpack_memberships_contains_paid_content":false,"footnotes":""},"categories":[9],"tags":[135,203,221],"class_list":{"0":"post-592","1":"post","2":"type-post","3":"status-publish","4":"format-standard","5":"has-post-thumbnail","7":"category-economia","8":"tag-cali","9":"tag-ikea","10":"tag-mallplaza"},"jetpack_sharing_enabled":true,"jetpack_featured_media_url":"https:\/\/i0.wp.com\/colombiabuenanota.com\/wp-content\/uploads\/2024\/04\/WhatsApp-Image-2024-04-22-at-8.50.59-AM.jpeg?fit=700%2C466&ssl=1","jetpack-related-posts":[],"_links":{"self":[{"href":"https:\/\/colombiabuenanota.com\/index.php\/wp-json\/wp\/v2\/posts\/592","targetHints":{"allow":["GET"]}}],"collection":[{"href":"https:\/\/colombiabuenanota.com\/index.php\/wp-json\/wp\/v2\/posts"}],"about":[{"href":"https:\/\/colombiabuenanota.com\/index.php\/wp-json\/wp\/v2\/types\/post"}],"author":[{"embeddable":true,"href":"https:\/\/colombiabuenanota.com\/index.php\/wp-json\/wp\/v2\/users\/2"}],"replies":[{"embeddable":true,"href":"https:\/\/colombiabuenanota.com\/index.php\/wp-json\/wp\/v2\/comments?post=592"}],"version-history":[{"count":1,"href":"https:\/\/colombiabuenanota.com\/index.php\/wp-json\/wp\/v2\/posts\/592\/revisions"}],"predecessor-version":[{"id":594,"href":"https:\/\/colombiabuenanota.com\/index.php\/wp-json\/wp\/v2\/posts\/592\/revisions\/594"}],"wp:featuredmedia":[{"embeddable":true,"href":"https:\/\/colombiabuenanota.com\/index.php\/wp-json\/wp\/v2\/media\/593"}],"wp:attachment":[{"href":"https:\/\/colombiabuenanota.com\/index.php\/wp-json\/wp\/v2\/media?parent=592"}],"wp:term":[{"taxonomy":"category","embeddable":true,"href":"https:\/\/colombiabuenanota.com\/index.php\/wp-json\/wp\/v2\/categories?post=592"},{"taxonomy":"post_tag","embeddable":true,"href":"https:\/\/colombiabuenanota.com\/index.php\/wp-json\/wp\/v2\/tags?post=592"}],"curies":[{"name":"wp","href":"https:\/\/api.w.org\/{rel}","templated":true}]}}