{"id":588,"date":"2024-04-15T21:27:20","date_gmt":"2024-04-16T02:27:20","guid":{"rendered":"https:\/\/colombiabuenanota.com\/?p=588"},"modified":"2024-04-15T21:27:22","modified_gmt":"2024-04-16T02:27:22","slug":"ikea-aprende-de-los-calenos-para-ofrecerles-lo-mejor","status":"publish","type":"post","link":"https:\/\/colombiabuenanota.com\/index.php\/2024\/04\/15\/ikea-aprende-de-los-calenos-para-ofrecerles-lo-mejor\/","title":{"rendered":"Ikea aprende de los cale\u00f1os para ofrecerles lo mejor en precios y dise\u00f1os"},"content":{"rendered":"\n<p>Tuvimos la oportunidad de dialogar con Julia Becerra, gerente de dise\u00f1o de Ikea para Chile, Colombia y Per\u00fa dentro del proyecto de expansi\u00f3n que esta multinacional viene realizando en el mercado Latinoamericano, quien nos cont\u00f3 interesantes detalles sobre la tan esperada tienda que llegar\u00e1 a Cali, finalizando semestre. Aqu\u00ed te compartimos la entrevista.<\/p>\n\n\n\n<h2 class=\"wp-block-heading\"><strong>\u00a0Julia nos han contado qu\u00e9 Ikea, aunque tiene una base com\u00fan en todos los pa\u00edses con dise\u00f1os que son muy lindos y a muy buenos precios, pero que tienen una adaptaci\u00f3n a cada ciudad. Cu\u00e9ntanos un poco acerca de esto.<\/strong><\/h2>\n\n\n\n<p>R\/ S\u00ed, esto se encuentra enlazado sobre todo con el trabajo que yo realizo, en c\u00f3mo abres en cada ciudad. El surtido de Ikea, tanto de muebles como de complementos es el mismo para toda Colombia, no es que sean distintos ac\u00e1 que, en Bogot\u00e1, son los mismos; lo \u00fanico es que cuando hacemos el estudio de vida en cada ciudad ah\u00ed encontramos las caracter\u00edsticas que se conectan mejor con el cliente y entonces se potencian los productos, porque la forma de vida y los estilos son m\u00e1s caracter\u00edsticos en esa ciudad y eso est\u00e1 como s\u00faper vinculado en el estudio que hacemos de la forma de vida en cada en cada ciudad.<\/p>\n\n\n\n<p>Por ejemplo, aqu\u00ed en Cali una ciudad mucho m\u00e1s c\u00e1lida, entonces necesita reflejar eso con los colores m\u00e1s vibrantes, la conexi\u00f3n con la naturaleza; entonces eso evidentemente no lo vas a encontrar ni en Espa\u00f1a ni en Suecia, y despu\u00e9s un gui\u00f1o que es muy especial con la comida que en este caso aqu\u00ed vamos a tener en el restaurante el sancocho valluno, empanadas y el pandebono tambi\u00e9n, uno de mis favoritos. \u00d3sea, que los gui\u00f1os son para conectar m\u00e1s con el cliente de cada Ciudad.<\/p>\n\n\n\n<h2 class=\"wp-block-heading\"><strong>Cu\u00e9ntanos un poco acerca de c\u00f3mo se hace el estudio acerca de c\u00f3mo se vive en cada ciudad<\/strong><\/h2>\n\n\n\n<p>&nbsp;Se vistan las casas, eso es global, lo hacemos en todas las ciudades y se hace cada a\u00f1o. en este caso aqu\u00ed en Cali en el \u00e1rea metropolitana se han visitado a 40 familias de diferentes segmentos para tener una visi\u00f3n m\u00e1s real de c\u00f3mo se vive en los diferentes barrios y despu\u00e9s de esto se extraen &nbsp;las preocupaciones mayores, aqu\u00ed por ejemplo:<\/p>\n\n\n\n<ul class=\"wp-block-list\">\n<li>&nbsp;Hemos descubierto que el cale\u00f1o es acumulador, es una de las cosas que se van destacando en el estudio y esta tensi\u00f3n que se puede crear en tu vida en el hogar \u00bfc\u00f3mo se soluciona? \u00bfqu\u00e9 podemos nosotros ofrecer desde nuestro esp\u00edritu, desde nuestra especialidad como dise\u00f1adores? \u00bfqu\u00e9 es lo mejor para que t\u00fa puedas organizar en tu casa, para organizar con los ni\u00f1os? \u00bfqu\u00e9 tipo de cajas? y por ejemplo las cajas de pl\u00e1stico son m\u00e1s f\u00e1ciles para ellos porque encajan perfectamente en un mueble.<\/li>\n<\/ul>\n\n\n\n<ul class=\"wp-block-list\">\n<li>hemos descubierto es que la en Cali la influencia que hay musical es brutal, o sea, es algo que yo hasta ahora no lo hab\u00eda vivido en ning\u00fan pa\u00eds donde hemos abierto, entonces gira mucho en torno a socializar, a estar con amigos a estar con familia, entonces ah\u00ed es en donde Ikea s\u00ed que puede ofrecerte muchas soluciones, si tienes que extender tu mesa tenemos mesas extensibles, tienes que poner un extra de sillas, hay taburetes apilables\u2026 es a lo que nos vamos nosotros, en c\u00f3mo se &nbsp;multiplica tu espacio \u00bfsabes? tu espacio es de una forma y de golpe pasa de ser 5 a ser para 15.<\/li>\n<\/ul>\n\n\n\n<ul class=\"wp-block-list\">\n<li>Aqu\u00ed sois muy familiares, muy de compartir con los amigos, muy vinculados a la naturaleza entonces una de las cosas por ejemplo que s\u00ed que se va a encontrar en esta tienda y a lo mejor en otras tiendas no, son los balcones para poder disfrutar, porque Claro te lo da el clima<\/li>\n<\/ul>\n\n\n\n<ul class=\"wp-block-list\">\n<li>Hay un equipo de m\u00fasica en todas las casas y para ello es como s\u00faper importante tener muebles, espacios abiertos o muebles que puedan mover r\u00e1pidamente para la celebraci\u00f3n y eso hay muchos pa\u00edses que no lo tienen.<\/li>\n<\/ul>\n\n\n\n<p>Entonces una de las cosas que nosotros hemos valorado mucho es tener cosas flexibles, el c\u00f3mo vivir en un espacio fluido, o sea de momento lo tienes todo montado pero lo puedes mover, art\u00edculos que sean mucho m\u00e1s pr\u00e1cticos y en Ikea somos muy buenos en esa en esa parte.<\/p>\n\n\n\n<h2 class=\"wp-block-heading\"><strong>\u00bfQu\u00e9 vamos a encontrar en Ikea, diferente a otras tiendas?<\/strong><\/h2>\n\n\n\n<p>&nbsp;Yo creo que b\u00e1sicamente lo que nos diferencia de la competencia es que lo tenemos todo y eso es algo que parece como simple, pero dices no es as\u00ed, o sea, tenemos desde unas cortinas hasta un abrebotellas, todo lo que necesites para hacer tu vida m\u00e1s f\u00e1cil en el hogar est\u00e1 dentro de Ikea, entonces es esa experiencia de poder revisarlo todo en diferentes estilos y en diferentes niveles de precio. Eso es como s\u00faper interesante para alguien que est\u00e9 montando su hogar o que necesite un refresco en su casa.<\/p>\n\n\n\n<p>Tenemos m\u00e1s de en total 15.500 m\u00b2 en 3 plantas repartidas, o sea es un espacio grande que empieza con la inspiraci\u00f3n del hogar, con los salones, las cocinas, los cuartos, etc., luego vas al restaurante y despu\u00e9s llegas a la parte de market hall que es donde est\u00e1n todos los complementos. O sea que es una experiencia que puedes pasar el d\u00eda inspir\u00e1ndote.<\/p>\n\n\n\n<p>&nbsp;Nosotros por ejemplo con este estudio lo que queremos es acercarnos a las personas de cada ciudad y eso incluye la puesta en escena con toda la zona de exhibici\u00f3n tanto de show room con la zona de muebles, como la zona de accesorios.<\/p>\n\n\n\n<p>Por ejemplo, si yo represento a una persona que vive sola aqu\u00ed en Cali, es diferente a si soy parte de una familia grande multigeneracional, que necesitan tenerlo todo muy ordenado, con sus espacios privados tambi\u00e9n, porque claro tienen que convivir y tiene que hacerse f\u00e1cil, sobre todo ahora que los metrajes de los hogares son menores, pasa a ser m\u00e1s importante el tema de organizadores y nosotros ya hace a\u00f1os cuando empez\u00e1bamos a trabajar en c\u00f3mo organizar y maximizar los espacios dentro de las casas &nbsp;ya habl\u00e1bamos de metro c\u00fabico, o sea porque necesitas que todo est\u00e9 al mil\u00edmetro y la tendencia es esa en las grandes ciudades.<\/p>\n\n\n\n<h2 class=\"wp-block-heading\"><strong>\u00a0Quisiera nos contar\u00e1s un poquito tambi\u00e9n sobre la experiencia en las salas de exhibici\u00f3n<\/strong><\/h2>\n\n\n\n<p>Ikea ofrecen una experiencia muy diferente a la de otras tiendas porque haces que todo sea accesible, que t\u00fa lo puedas tocar, o sea nuestra exhibici\u00f3n es totalmente abierta y todos los espacios est\u00e1n pensados para que te puedas sentar en el sof\u00e1, puedas probar, porque en el estudio que se hizo ac\u00e1 sali\u00f3 que el cale\u00f1o quiere tocar las cosas, les gusta ir y mirar, porque llegar a comprarlo sin tener la vivencia, la experiencia va a ser m\u00e1s complicado.<\/p>\n\n\n\n<p>Entonces aqu\u00ed en Cali vamos a tener 2 apartamentos el primero con d50 m\u00b2 y el segundo de 35 m<sup>2 <\/sup>para presentar una experiencia de hogar y t\u00fa puedes entrar a recorrer, ver c\u00f3mo est\u00e1 la cocina, ver c\u00f3mo est\u00e1 el dormitorio de los nenes, el dormitorio de los padres y todas las soluciones de almacenaje, c\u00f3mo est\u00e1 aprovechado el espacio; o sea que tu vives la experiencia de esa familia, porque el objetivo es llegar a la mayor\u00eda de las personas y hacer su vida mucho m\u00e1s f\u00e1cil en el hogar.<\/p>\n\n\n\n<h2 class=\"wp-block-heading\"><strong>Cu\u00e9ntanos mejor de qu\u00e9 se trata el dise\u00f1o democr\u00e1tico<\/strong><\/h2>\n\n\n\n<p>Queremos &nbsp;romper con las &nbsp;barreras econ\u00f3micas, que encuentres cosas bonitas y que sean buenas para la capacidad de tu bolsillo y por eso tambi\u00e9n con los nuevos precios de apertura, hemos bajado de precio cerca de 900 productos en Colombia y vas a encontrar el sof\u00e1 lujoso grande de cuero, pero tambi\u00e9n un sof\u00e1 de 2 plazas que es un sof\u00e1 peque\u00f1o por menos de $1.000.000; y esa es la parte que siempre se cuida, por eso se trabaja con tanto con tanto esfuerzo y tenemos tambi\u00e9n el paquete plano que reduce los costos de env\u00edo y que hace que podamos tener esos precios tan econ\u00f3micos.<\/p>\n","protected":false},"excerpt":{"rendered":"<p>Tuvimos la oportunidad de dialogar con Julia Becerra, gerente de dise\u00f1o de Ikea para Chile, Colombia y Per\u00fa dentro del proyecto de expansi\u00f3n que esta multinacional viene realizando en el mercado Latinoamericano, quien nos cont\u00f3 interesantes detalles sobre la tan esperada tienda que llegar\u00e1 a Cali, finalizando semestre. Aqu\u00ed te compartimos la entrevista. \u00a0Julia nos [&hellip;]<\/p>\n","protected":false},"author":2,"featured_media":589,"comment_status":"open","ping_status":"open","sticky":false,"template":"","format":"standard","meta":{"_jetpack_newsletter_access":"","_jetpack_dont_email_post_to_subs":false,"_jetpack_newsletter_tier_id":0,"_jetpack_memberships_contains_paywalled_content":false,"_jetpack_memberships_contains_paid_content":false,"footnotes":""},"categories":[258],"tags":[135,203,265],"class_list":{"0":"post-588","1":"post","2":"type-post","3":"status-publish","4":"format-standard","5":"has-post-thumbnail","7":"category-actualidad","8":"tag-cali","9":"tag-ikea","10":"tag-mall-plaza"},"jetpack_sharing_enabled":true,"jetpack_featured_media_url":"https:\/\/i0.wp.com\/colombiabuenanota.com\/wp-content\/uploads\/2024\/04\/IKEA23SEP-6567.jpg?fit=700%2C466&ssl=1","jetpack-related-posts":[],"_links":{"self":[{"href":"https:\/\/colombiabuenanota.com\/index.php\/wp-json\/wp\/v2\/posts\/588","targetHints":{"allow":["GET"]}}],"collection":[{"href":"https:\/\/colombiabuenanota.com\/index.php\/wp-json\/wp\/v2\/posts"}],"about":[{"href":"https:\/\/colombiabuenanota.com\/index.php\/wp-json\/wp\/v2\/types\/post"}],"author":[{"embeddable":true,"href":"https:\/\/colombiabuenanota.com\/index.php\/wp-json\/wp\/v2\/users\/2"}],"replies":[{"embeddable":true,"href":"https:\/\/colombiabuenanota.com\/index.php\/wp-json\/wp\/v2\/comments?post=588"}],"version-history":[{"count":1,"href":"https:\/\/colombiabuenanota.com\/index.php\/wp-json\/wp\/v2\/posts\/588\/revisions"}],"predecessor-version":[{"id":590,"href":"https:\/\/colombiabuenanota.com\/index.php\/wp-json\/wp\/v2\/posts\/588\/revisions\/590"}],"wp:featuredmedia":[{"embeddable":true,"href":"https:\/\/colombiabuenanota.com\/index.php\/wp-json\/wp\/v2\/media\/589"}],"wp:attachment":[{"href":"https:\/\/colombiabuenanota.com\/index.php\/wp-json\/wp\/v2\/media?parent=588"}],"wp:term":[{"taxonomy":"category","embeddable":true,"href":"https:\/\/colombiabuenanota.com\/index.php\/wp-json\/wp\/v2\/categories?post=588"},{"taxonomy":"post_tag","embeddable":true,"href":"https:\/\/colombiabuenanota.com\/index.php\/wp-json\/wp\/v2\/tags?post=588"}],"curies":[{"name":"wp","href":"https:\/\/api.w.org\/{rel}","templated":true}]}}