{"id":585,"date":"2024-04-15T21:21:39","date_gmt":"2024-04-16T02:21:39","guid":{"rendered":"https:\/\/colombiabuenanota.com\/?p=585"},"modified":"2024-04-15T21:21:42","modified_gmt":"2024-04-16T02:21:42","slug":"como-han-sido-los-primeros-100-dias-de-los-alcaldes","status":"publish","type":"post","link":"https:\/\/colombiabuenanota.com\/index.php\/2024\/04\/15\/como-han-sido-los-primeros-100-dias-de-los-alcaldes\/","title":{"rendered":"\u00bfC\u00f3mo han sido los primeros 100 d\u00edas de los alcaldes de Bogot\u00e1, Cali y Medell\u00edn?"},"content":{"rendered":"\n<p>Despu\u00e9s de 100 d\u00edas de administraci\u00f3n, los alcaldes de las principales ciudades de Colombia se han movido en medio de desaf\u00edos y halagos, que van desde asuntos de seguridad hasta la asignaci\u00f3n de la COP26 a Cali, en las cuales los medios de comunicaci\u00f3n y\u00a0 la opini\u00f3n p\u00fablica, a trav\u00e9s de las redes sociales, han jugado un papel fundamental en impulsar la agenda p\u00fablica y medi\u00e1tica.<\/p>\n\n\n\n<p>LLYC, la firma global de asuntos corporativos y marketing, realiz\u00f3 un an\u00e1lisis de Big Data abarcando m\u00e1s de 30,000 menciones en los principales medios de comunicaci\u00f3n y en la red social X, en relaci\u00f3n con los alcaldes Carlos Fernando Gal\u00e1n, quien acumul\u00f3 m\u00e1s de 15,000 menciones; Federico Gutierrez con 11,000 menciones; y Alejandro Eder con 5,000 menciones en la conversaci\u00f3n digital durante sus 100 primeros d\u00edas respectivamente, obteniendo los siguientes hallazgos:\u00a0<\/p>\n\n\n\n<h2 class=\"wp-block-heading\"><strong>Carlos Fernando Gal\u00e1n: la seguridad, el proyecto metro y el racionamiento de agua<\/strong><\/h2>\n\n\n\n<p>Los videos de robos a mano armada en restaurantes, gastrobares y transporte p\u00fablico han impulsado la conversaci\u00f3n en redes sociales acerca de la preocupante situaci\u00f3n de seguridad que enfrenta la capital, llevando un aproximado de 4,100 menciones en los d\u00edas analizados. En algunos casos se mencionan cr\u00edticas al alcalde por la inseguridad en Bogot\u00e1, tanto despu\u00e9s de su posesi\u00f3n como durante la pandemia.<\/p>\n\n\n\n<p>Por otro lado, la conversaci\u00f3n medi\u00e1tica reflejada en 2,000 menciones acerca del Proyecto Metro ha sido un tema de discusi\u00f3n frecuente durante los primeros 100 d\u00edas y que viene de herencia de la administraci\u00f3n anterior. El alcalde ha sido generalmente reconocido por defender la primera l\u00ednea como est\u00e1 contratada en respuesta a las propuesta del Presidente Gustavo Petro de buscar subterranizar un tramo, propuesta con acogida negativa en la conversaci\u00f3n digital.<\/p>\n\n\n\n<p>En materia ambiental, la conversaci\u00f3n se movi\u00f3 en sus primeros d\u00edas por la intervenci\u00f3n del alcalde y de las autoridades en el control de incendios en los cerros de Bogot\u00e1, y m\u00e1s recientemente por la alarma generada por la crisis de abastecimiento de agua, con la advertencia de racionamientos implementados por el alcalde, acumulando un total de 1,500 menciones a la fecha.<\/p>\n\n\n\n<h2 class=\"wp-block-heading\"><strong>Federico Guti\u00e9rrez: explotaci\u00f3n sexual y la denuncia de \u201c501 hallazgos\u201d de la administraci\u00f3n anterior.<\/strong><\/h2>\n\n\n\n<p>El caso del estadounidense Timothy Livingston, encontrado con dos menores de edad en un hotel en el barrio El Poblado, en Medell\u00edn, hizo que medios de comunicaci\u00f3n, l\u00edderes de opini\u00f3n y personas del com\u00fan, colocaran su atenci\u00f3n a lo que suced\u00eda en la ciudad con respecto a las redes de prostituci\u00f3n infantil. Al menos unas 1,000 menciones movilizan al tema.<\/p>\n\n\n\n<p>Y no es para menos, pues una de las promesas de campa\u00f1a del ahora Alcalde de Medell\u00edn, era combatir la explotaci\u00f3n sexual al mismo tiempo que se vive un \u201cboom\u201d de turismo con la llegada de m\u00e1s de 3.000 turistas a la ciudad.<\/p>\n\n\n\n<p>Por otro lado, Federico Gutierrez entreg\u00f3 a la opini\u00f3n p\u00fablica 501 hallazgos por supuesta corrupci\u00f3n en la Alcald\u00eda de Daniel Quintero. Un hecho no menor, que en 300 mensajes analizados, incluyendo titulares en los principales medios del pa\u00eds, se evidencia que los usuarios de redes sociales a opinar en contra y a favor de las denuncias presentadas por el alcalde y a exigir claridad sobre el uso de los recursos p\u00fablicos.<\/p>\n\n\n\n<h2 class=\"wp-block-heading\"><strong>Alejandro \u00c9der: Cali como la sede de la COP 16 y el documento \u201cLibro Blanco\u201d<\/strong><\/h2>\n\n\n\n<p>En octubre de 2024 Cali recibir\u00e1 el evento m\u00e1s importante en materia de biodiversidad a nivel mundial, la COP16, un evento que re\u00fane a diferentes pa\u00edses del mundo para hablar sobre conservar la diversidad biol\u00f3gica, promover la sostenibilidad de la diversidad biol\u00f3gica y mejorar el reparto justo y equitativo de los beneficios derivados del uso de los recursos gen\u00e9ticos. Un evento que desde ya ha causado opiniones en redes sociales, donde destacan temas de medio ambiente, empleos y reconocimiento de la Ciudad de Cali, con 670 menciones.<\/p>\n\n\n\n<p>Por otro lado, Alejandro \u00c9der present\u00f3 el \u201cLibro Blanco\u201d una serie de documentos donde expuso distintas irregularidades de la administraci\u00f3n anterior y que atrajo a medios de comunicaci\u00f3n nacionales y regionales a conocer m\u00e1s sobre su denuncia. Esto, acompa\u00f1ado de las denuncias de Fico en Medell\u00edn, demuestran que el \u201cespejo retrovisor\u201d en las administraciones locales moviliza a la opini\u00f3n p\u00fablica y levanta el inter\u00e9s de la conversaci\u00f3n, con 150 mensajes en el per\u00edodo analizado.<\/p>\n\n\n\n<p><em>\u201cEl sentir que las instituciones no resuelven sus problemas motiva a la ciudadan\u00eda a manifestarse, es por esto que no sorprende que temas como inseguridad, corrupci\u00f3n y abuso sexual sean protagonistas de este an\u00e1lisis asociados a la gesti\u00f3n de los alcaldes. Es importante continuar evaluando con tecnolog\u00eda c\u00f3mo avanzan los grandes temas que determinar\u00e1n las agendas en Cali, Bogot\u00e1 y Medell\u00edn\u201d<\/em> afirm\u00f3 Luz \u00c1ngela S\u00e1nchez, Directora Senior de Asuntos P\u00fablicos en LLYC.<\/p>\n","protected":false},"excerpt":{"rendered":"<p>Despu\u00e9s de 100 d\u00edas de administraci\u00f3n, los alcaldes de las principales ciudades de Colombia se han movido en medio de desaf\u00edos y halagos, que van desde asuntos de seguridad hasta la asignaci\u00f3n de la COP26 a Cali, en las cuales los medios de comunicaci\u00f3n y\u00a0 la opini\u00f3n p\u00fablica, a trav\u00e9s de las redes sociales, han [&hellip;]<\/p>\n","protected":false},"author":2,"featured_media":586,"comment_status":"open","ping_status":"open","sticky":false,"template":"","format":"standard","meta":{"_jetpack_newsletter_access":"","_jetpack_dont_email_post_to_subs":false,"_jetpack_newsletter_tier_id":0,"_jetpack_memberships_contains_paywalled_content":false,"_jetpack_memberships_contains_paid_content":false,"footnotes":""},"categories":[258],"tags":[288,83,135,290],"class_list":{"0":"post-585","1":"post","2":"type-post","3":"status-publish","4":"format-standard","5":"has-post-thumbnail","7":"category-actualidad","8":"tag-alcaldes","9":"tag-bogota","10":"tag-cali","11":"tag-medellin"},"jetpack_sharing_enabled":true,"jetpack_featured_media_url":"https:\/\/i0.wp.com\/colombiabuenanota.com\/wp-content\/uploads\/2024\/04\/WhatsApp-Image-2024-04-11-at-2.35.29-PM.jpeg?fit=700%2C309&ssl=1","jetpack-related-posts":[],"_links":{"self":[{"href":"https:\/\/colombiabuenanota.com\/index.php\/wp-json\/wp\/v2\/posts\/585","targetHints":{"allow":["GET"]}}],"collection":[{"href":"https:\/\/colombiabuenanota.com\/index.php\/wp-json\/wp\/v2\/posts"}],"about":[{"href":"https:\/\/colombiabuenanota.com\/index.php\/wp-json\/wp\/v2\/types\/post"}],"author":[{"embeddable":true,"href":"https:\/\/colombiabuenanota.com\/index.php\/wp-json\/wp\/v2\/users\/2"}],"replies":[{"embeddable":true,"href":"https:\/\/colombiabuenanota.com\/index.php\/wp-json\/wp\/v2\/comments?post=585"}],"version-history":[{"count":1,"href":"https:\/\/colombiabuenanota.com\/index.php\/wp-json\/wp\/v2\/posts\/585\/revisions"}],"predecessor-version":[{"id":587,"href":"https:\/\/colombiabuenanota.com\/index.php\/wp-json\/wp\/v2\/posts\/585\/revisions\/587"}],"wp:featuredmedia":[{"embeddable":true,"href":"https:\/\/colombiabuenanota.com\/index.php\/wp-json\/wp\/v2\/media\/586"}],"wp:attachment":[{"href":"https:\/\/colombiabuenanota.com\/index.php\/wp-json\/wp\/v2\/media?parent=585"}],"wp:term":[{"taxonomy":"category","embeddable":true,"href":"https:\/\/colombiabuenanota.com\/index.php\/wp-json\/wp\/v2\/categories?post=585"},{"taxonomy":"post_tag","embeddable":true,"href":"https:\/\/colombiabuenanota.com\/index.php\/wp-json\/wp\/v2\/tags?post=585"}],"curies":[{"name":"wp","href":"https:\/\/api.w.org\/{rel}","templated":true}]}}