{"id":582,"date":"2024-04-15T21:15:13","date_gmt":"2024-04-16T02:15:13","guid":{"rendered":"https:\/\/colombiabuenanota.com\/?p=582"},"modified":"2024-04-15T21:15:16","modified_gmt":"2024-04-16T02:15:16","slug":"ultima-funcion-de-delirio-celebracion-la-fiesta-que-somos","status":"publish","type":"post","link":"https:\/\/colombiabuenanota.com\/index.php\/2024\/04\/15\/ultima-funcion-de-delirio-celebracion-la-fiesta-que-somos\/","title":{"rendered":"La \u00faltima funci\u00f3n de \u2018celebraci\u00f3n, la fiesta que somos\u2019 de Delirio ser\u00e1 inolvidable"},"content":{"rendered":"\n<p>El viernes 26 de abril se celebra el d\u00eda de la secretaria. Y esa es precisamente la fecha en que <strong>Delirio<\/strong> abrir\u00e1 su Carpa para que quienes a\u00fan no han tenido el placer de ver \u2018Celebraci\u00f3n, La fiesta que somos\u2019, asistan a la \u00faltima funci\u00f3n de esta obra que se viene presentando desde diciembre de 2022, batiendo r\u00e9cord de asistencia en cada presentaci\u00f3n. Se trata de una historia bailada que reivindica la diferencia, que honra nuestra memoria y escenifica un homenaje a la fiesta que somos los vallecaucanos, a la alegr\u00eda que nos hace grandes y al talento que nos hace poderosos. Una puesta en escena con la que hemos conquistado miles de corazones en nuestra ciudad, en nuestro departamento, en Colombia y en el mundo. La historia se desarrolla en un universo imaginario a trav\u00e9s de cuatro l\u00edneas argumentales: el origen y los ancestros Calima; la siembra y la cosecha; el viaje, la sierra y el mar; y la plaza y la ciudad.<\/p>\n\n\n\n<p>Liliana Ocampo, directora de la <strong>Fundaci\u00f3n Delirio<\/strong>, afirma que <em>\u201cnos sentimos orgullosos de haber batido r\u00e9cord de asistencia con esta obra que dignifica la esencia misma de los vallecaucanos, la celebraci\u00f3n, la fiesta, ese esp\u00edritu de alegr\u00eda que nos une. Por lo tanto, esta es la oportunidad ideal para cerrar exitosamente este ciclo de presentaciones, mientras vamos prepar\u00e1ndonos para ofrecerle a nuestro p\u00fablico un nuevo montaje que ya va muy adelantado\u201d<\/em>.<\/p>\n\n\n\n<p>Con<strong> \u2018Celebraci\u00f3n, la fiesta que somos\u2019, Delirio<\/strong> sigue consolid\u00e1ndose como un destino tur\u00edstico infaltable y en motivo de orgullo para Cali y el Valle del Cauca, por eso queremos compartir con todo nuestro p\u00fablico la buena noticia de que, una vez m\u00e1s, estamos listos para recibirlos el \u00faltimo viernes de cada mes en nuestra Carpa, para que disfrutemos juntos de ese esp\u00edritu imbatible de la salsa que hoy est\u00e1 m\u00e1s vivo que nunca.<\/p>\n\n\n\n<p>Tambi\u00e9n queremos informar que nos estamos preparando para estrenar, el pr\u00f3ximo mes de mayo, una nueva obra dise\u00f1ada para alterar los sentidos y enaltecer el ritmo que identifica a Cali como la capital mundial de la salsa. Los detalles de nuestro nuevo montaje ser\u00e1n dados a conocer pr\u00f3ximamente. De esta manera el colectivo de <strong>Delirio<\/strong> se apresta para ofrecer sus mejores pasos en la pista de baile, celebrando la vida, celebr\u00e1ndote a vos, a los nuestros y al hecho de que somos un pueblo poderoso, lo m\u00e1s lindo que hay sobre la tierra.<\/p>\n\n\n\n<p>De otro lado y durante todos los fines de semana del mes de abril, <strong>Delirio<\/strong> abrir\u00e1 las puertas de \u2018Paseo de la Aurora\u2019, nuestro parque tem\u00e1tico creado para la diversi\u00f3n de las familias cale\u00f1as y de otras regiones del pa\u00eds. Cada rinc\u00f3n de este maravilloso lugar est\u00e1 dise\u00f1ado para que, unidos, podamos disfrutar seguros de todo aquello que nos une con el sello caracter\u00edstico de calidad e innovaci\u00f3n de <strong>Delirio<\/strong>.<\/p>\n\n\n\n<h2 class=\"wp-block-heading\">Detalles de la \u00faltima presentaci\u00f3n de temporada de Delirio<\/h2>\n\n\n\n<p>Obra: \u2018Celebraci\u00f3n, la fiesta que somos\u2019, \u00faltima funci\u00f3n.<\/p>\n\n\n\n<p>Lugar: Carpa Delirio &#8211; Centro de Eventos Valle del Pac\u00edfico<\/p>\n\n\n\n<p>Direcci\u00f3n: Carrera 26 #12-328, Zona Industrial de Yumbo<\/p>\n\n\n\n<p>Edad m\u00ednima de ingreso: 18 A\u00f1os<\/p>\n\n\n\n<p>Apertura de puertas: 7:00 p.m.<\/p>\n\n\n\n<p>Hora de inicio: 9:30 p.m.<\/p>\n\n\n\n<p>Fecha: viernes 26 de abril de 2024.<\/p>\n\n\n\n<p>Informes boleter\u00eda Delirio y Paseo de la Aurora: tel\u00e9fono 310 372 6591.<\/p>\n","protected":false},"excerpt":{"rendered":"<p>El viernes 26 de abril se celebra el d\u00eda de la secretaria. Y esa es precisamente la fecha en que Delirio abrir\u00e1 su Carpa para que quienes a\u00fan no han tenido el placer de ver \u2018Celebraci\u00f3n, La fiesta que somos\u2019, asistan a la \u00faltima funci\u00f3n de esta obra que se viene presentando desde diciembre de [&hellip;]<\/p>\n","protected":false},"author":2,"featured_media":583,"comment_status":"open","ping_status":"open","sticky":false,"template":"","format":"standard","meta":{"_jetpack_newsletter_access":"","_jetpack_dont_email_post_to_subs":false,"_jetpack_newsletter_tier_id":0,"_jetpack_memberships_contains_paywalled_content":false,"_jetpack_memberships_contains_paid_content":false,"footnotes":""},"categories":[6],"tags":[135,104,92],"class_list":{"0":"post-582","1":"post","2":"type-post","3":"status-publish","4":"format-standard","5":"has-post-thumbnail","7":"category-cultura-y-turismo","8":"tag-cali","9":"tag-delirio","10":"tag-salsa"},"jetpack_sharing_enabled":true,"jetpack_featured_media_url":"https:\/\/i0.wp.com\/colombiabuenanota.com\/wp-content\/uploads\/2024\/04\/Delirio-Celebracion-152.jpg?fit=700%2C466&ssl=1","jetpack-related-posts":[],"_links":{"self":[{"href":"https:\/\/colombiabuenanota.com\/index.php\/wp-json\/wp\/v2\/posts\/582","targetHints":{"allow":["GET"]}}],"collection":[{"href":"https:\/\/colombiabuenanota.com\/index.php\/wp-json\/wp\/v2\/posts"}],"about":[{"href":"https:\/\/colombiabuenanota.com\/index.php\/wp-json\/wp\/v2\/types\/post"}],"author":[{"embeddable":true,"href":"https:\/\/colombiabuenanota.com\/index.php\/wp-json\/wp\/v2\/users\/2"}],"replies":[{"embeddable":true,"href":"https:\/\/colombiabuenanota.com\/index.php\/wp-json\/wp\/v2\/comments?post=582"}],"version-history":[{"count":1,"href":"https:\/\/colombiabuenanota.com\/index.php\/wp-json\/wp\/v2\/posts\/582\/revisions"}],"predecessor-version":[{"id":584,"href":"https:\/\/colombiabuenanota.com\/index.php\/wp-json\/wp\/v2\/posts\/582\/revisions\/584"}],"wp:featuredmedia":[{"embeddable":true,"href":"https:\/\/colombiabuenanota.com\/index.php\/wp-json\/wp\/v2\/media\/583"}],"wp:attachment":[{"href":"https:\/\/colombiabuenanota.com\/index.php\/wp-json\/wp\/v2\/media?parent=582"}],"wp:term":[{"taxonomy":"category","embeddable":true,"href":"https:\/\/colombiabuenanota.com\/index.php\/wp-json\/wp\/v2\/categories?post=582"},{"taxonomy":"post_tag","embeddable":true,"href":"https:\/\/colombiabuenanota.com\/index.php\/wp-json\/wp\/v2\/tags?post=582"}],"curies":[{"name":"wp","href":"https:\/\/api.w.org\/{rel}","templated":true}]}}