{"id":579,"date":"2024-04-10T23:43:03","date_gmt":"2024-04-11T04:43:03","guid":{"rendered":"https:\/\/colombiabuenanota.com\/?p=579"},"modified":"2024-04-10T23:43:06","modified_gmt":"2024-04-11T04:43:06","slug":"casa-ideas-llega-a-cali-con-una-tienda","status":"publish","type":"post","link":"https:\/\/colombiabuenanota.com\/index.php\/2024\/04\/10\/casa-ideas-llega-a-cali-con-una-tienda\/","title":{"rendered":"Casa Ideas llega a Cali"},"content":{"rendered":"\n<p>Tuvimos la oportunidad de hablar con el Ceo de la compa\u00f1\u00eda, el peruano Alfonso Vidal Palma, quien fue designado en este cargo despu\u00e9s de estar al mando de la compa\u00f1\u00eda en Per\u00fa durante 11 a\u00f1os, tambi\u00e9n de las franquicias y gerencia general de Chile. Esto fue lo que nos cont\u00f3:<\/p>\n\n\n\n<p>\u00bfCu\u00e9ntanos, la pregunta que no s\u00e9 cu\u00e1ntas veces has tenido que responder, por qu\u00e9 Colombia, por qu\u00e9 Cali?<\/p>\n\n\n\n<p>R\/ Bueno, no solo hay una respuesta, no hay una respuesta ganadora. Primero, en Colombia estamos operando desde hace cinco a\u00f1os y form\u00f3 parte de un plan estrat\u00e9gico de expansi\u00f3n internacional de la marca. Esta fue creada hace 31 a\u00f1os en Chile por el se\u00f1or Mauricio Russo y la se\u00f1ora Claudia Venegas, tiene presencia en Chile, Per\u00fa, en Colombia, en Bolivia y a partir del a\u00f1o pasado en M\u00e9xico. Hoy inauguramos la tienda n\u00famero 13 aqu\u00ed en Colombia y la 90 a nivel de toda la cadena.&nbsp; \u00bfPor qu\u00e9 Cali?, nosotros siempre ten\u00edamos el desaf\u00edo de estar en las principales ciudades de Colombia y Cali es una de ellas. Quisimos haber venido antes pero desafortunadamente no encontr\u00e1bamos los metros cuadrados y la ubicaci\u00f3n que haga que esto funcione, &nbsp;y no solo a nivel de negocios sino a nivel de comunidad, sabemos que este mall es uno de los m\u00e1s importantes de la ciudad (Jard\u00edn Plaza) y nos tomamos el tiempo porque necesitamos una tienda con unos muy buenos metrajes para llevar todo el mix de productos que tenemos a todas la ciudades y eso es lo que est\u00e1 pasando el d\u00eda de hoy. Hablamos de una tienda de dos pisos con m\u00e1s de mil cien metros cuadrados con toda la propuesta, as\u00ed que, si usted va una tienda en Lima, en Santiago de Chile o ciudad de M\u00e9xico, va a encontrar los mismos productos que aqu\u00ed en Cali.<\/p>\n\n\n\n<p>\u00bfCu\u00e1les son esas ideas ganadoras para la casa que vamos a encontrar en la tienda?<\/p>\n\n\n\n<p>R\/ Mira la verdad es que nosotros, digo siempre, nunca vendemos productos, solucionamos necesidades. Casa Ideas es una marca con prop\u00f3sito y no todas las marcas pueden decir eso. Nuestro prop\u00f3sito es llevar bienestar y alegr\u00eda a todas las familias que vienen a inspirarse a este punto, entonces no nos limitamos a vender una taza o un plato, solucionamos una necesidad, por ejemplo, yo tengo una cena y tengo que cortar una ensalada, aqu\u00ed consigues todo lo que necesita para esto, o disfrutar el caf\u00e9 o el t\u00e9. No es que la gente viene a comprar una toalla, sino que viene por el primer ba\u00f1o de su hijo, por tanto, la gente aqu\u00ed se inspira, y tengo todos los productos para satisfacer al cliente y llevar esa inspiraci\u00f3n a la casa. Pero tambi\u00e9n es importante saber que renovamos nuestras colecciones cada tres meses, es como los fast fashion de las marcas de vestuario. Nos enfocamos en los espacios del hogar, entonces la circulaci\u00f3n de la tienda es as\u00ed, es como una casa. Uno entra a su casa por la parte p\u00fablica, nunca van a ver un dormitorio de entrada en una tienda nuestra. Aqu\u00ed van a encontrar tres mil cien productos diferentes, porque tambi\u00e9n sabemos que cada cliente es \u00fanico y necesita representar esa individualidad en lo que est\u00e1 comprando. Nadie quiere tener la misma cocina.<\/p>\n\n\n\n<p>\u00bfUsted habl\u00f3 de comunidad, cu\u00e1l es el tipo de comunidad que buscan?<\/p>\n\n\n\n<p>R\/Nuestra comunidad es la gente que disfruta su hogar, que lo comparte, que lo trajina, que lo vive, que hace participe a su familia y amigos. Esos son nuestros clientes.<\/p>\n\n\n\n<p>Que tiene un estilo de vida\u2026<\/p>\n\n\n\n<p>R\/ Exactamente.<\/p>\n\n\n\n<p>\u00bfC\u00f3mo se va a celebrar la llegada de Casa Ideas a Cali?<\/p>\n\n\n\n<p>R\/ Bueno estamos dando descuentos por apertura, y tray\u00e9ndoles toda la propuesta de Casa Ideas, eso es lo que va a pasar.<\/p>\n\n\n\n<p>\u00bfSe hizo alg\u00fan estudio previo para la llegada de la tienda a la ciudad?<\/p>\n\n\n\n<p>R\/ Si, efectivamente, vimos el potencial de la ciudad, esto tiene que funcionar. El proceso demor\u00f3 porque ten\u00edamos la necesidad del tama\u00f1o de la tienda, la ubicaci\u00f3n y eso no es f\u00e1cil. Tenemos la posibilidad de tener dos tiendas m\u00e1s, pero vamos despacio.<\/p>\n\n\n\n<p>\u00bfCu\u00e1nto se invierte para abrir una nueva tienda?<\/p>\n\n\n\n<p>R\/ Normalmente gastamos 700 o 800 dolares el metro cuadrado.<\/p>\n\n\n\n<p>\u00bfY cu\u00e1ntos empleos genera una tienda como estas?<\/p>\n\n\n\n<p>R\/ Directamente entre 18 y 20 personas, pero indirectamente generemos otros empleos en la parte log\u00edstica, los camiones\u2026esas cosas.<\/p>\n","protected":false},"excerpt":{"rendered":"<p>Tuvimos la oportunidad de hablar con el Ceo de la compa\u00f1\u00eda, el peruano Alfonso Vidal Palma, quien fue designado en este cargo despu\u00e9s de estar al mando de la compa\u00f1\u00eda en Per\u00fa durante 11 a\u00f1os, tambi\u00e9n de las franquicias y gerencia general de Chile. Esto fue lo que nos cont\u00f3: \u00bfCu\u00e9ntanos, la pregunta que no [&hellip;]<\/p>\n","protected":false},"author":2,"featured_media":580,"comment_status":"open","ping_status":"open","sticky":false,"template":"","format":"standard","meta":{"_jetpack_newsletter_access":"","_jetpack_dont_email_post_to_subs":false,"_jetpack_newsletter_tier_id":0,"_jetpack_memberships_contains_paywalled_content":false,"_jetpack_memberships_contains_paid_content":false,"footnotes":""},"categories":[9],"tags":[135,286,287],"class_list":{"0":"post-579","1":"post","2":"type-post","3":"status-publish","4":"format-standard","5":"has-post-thumbnail","7":"category-economia","8":"tag-cali","9":"tag-casa-ideas","10":"tag-tienda"},"jetpack_sharing_enabled":true,"jetpack_featured_media_url":"https:\/\/i0.wp.com\/colombiabuenanota.com\/wp-content\/uploads\/2024\/04\/WhatsApp-Image-2024-04-10-at-11.27.44-PM.jpeg?fit=700%2C700&ssl=1","jetpack-related-posts":[],"_links":{"self":[{"href":"https:\/\/colombiabuenanota.com\/index.php\/wp-json\/wp\/v2\/posts\/579","targetHints":{"allow":["GET"]}}],"collection":[{"href":"https:\/\/colombiabuenanota.com\/index.php\/wp-json\/wp\/v2\/posts"}],"about":[{"href":"https:\/\/colombiabuenanota.com\/index.php\/wp-json\/wp\/v2\/types\/post"}],"author":[{"embeddable":true,"href":"https:\/\/colombiabuenanota.com\/index.php\/wp-json\/wp\/v2\/users\/2"}],"replies":[{"embeddable":true,"href":"https:\/\/colombiabuenanota.com\/index.php\/wp-json\/wp\/v2\/comments?post=579"}],"version-history":[{"count":1,"href":"https:\/\/colombiabuenanota.com\/index.php\/wp-json\/wp\/v2\/posts\/579\/revisions"}],"predecessor-version":[{"id":581,"href":"https:\/\/colombiabuenanota.com\/index.php\/wp-json\/wp\/v2\/posts\/579\/revisions\/581"}],"wp:featuredmedia":[{"embeddable":true,"href":"https:\/\/colombiabuenanota.com\/index.php\/wp-json\/wp\/v2\/media\/580"}],"wp:attachment":[{"href":"https:\/\/colombiabuenanota.com\/index.php\/wp-json\/wp\/v2\/media?parent=579"}],"wp:term":[{"taxonomy":"category","embeddable":true,"href":"https:\/\/colombiabuenanota.com\/index.php\/wp-json\/wp\/v2\/categories?post=579"},{"taxonomy":"post_tag","embeddable":true,"href":"https:\/\/colombiabuenanota.com\/index.php\/wp-json\/wp\/v2\/tags?post=579"}],"curies":[{"name":"wp","href":"https:\/\/api.w.org\/{rel}","templated":true}]}}