{"id":570,"date":"2024-04-10T13:04:22","date_gmt":"2024-04-10T18:04:22","guid":{"rendered":"https:\/\/colombiabuenanota.com\/?p=570"},"modified":"2024-04-10T13:04:25","modified_gmt":"2024-04-10T18:04:25","slug":"manuela-castano-nueva-miss-universe-cali-2024","status":"publish","type":"post","link":"https:\/\/colombiabuenanota.com\/index.php\/2024\/04\/10\/manuela-castano-nueva-miss-universe-cali-2024\/","title":{"rendered":"Manuela Casta\u00f1o: Miss Universe Cali 2024"},"content":{"rendered":"\n<p>La ceremonia de elecci\u00f3n y coronaci\u00f3n se llev\u00f3 a cabo el domingo 07 de abril a las 8 de la noche en el teatro estudio del canal regional Telepac\u00edfico.<\/p>\n\n\n\n<p>La noche empez\u00f3 con un opening a cargo de las aspirantes, quienes se presentaron ante la concurrencia a s\u00ed mismas. Posteriormente, cada una tuvo tres salidas para ser apreciadas por el jurado calificador: traje de ba\u00f1o enterizo, traje de ba\u00f1o de dos piezas y traje de gala. Cada aspirante escogi\u00f3 una pregunta para contestarla frente al jurado calificador.<\/p>\n\n\n\n<p>Los miembros del jurado fueron 3 personalidades conocedoras del mundo de la belleza: Natalie Ackerman Montealegre (presidenta de Miss Universe Colombia), Claudia Lugo (esteticista profesional y directora ejecutiva de Miss Universe Cali) y Alexander Estacio&nbsp;(odont\u00f3logo profesional y dise\u00f1ador de sonrisas).<\/p>\n\n\n\n<h2 class=\"wp-block-heading\">Sobre la nueva Miss Universe Cali<\/h2>\n\n\n\n<p> Manuela es una cale\u00f1a de 28 a\u00f1os, 1,68 de estatura y graduada de Finanzas y Relaciones Internacionales que el pr\u00f3ximo 02 de junio representar\u00e1 a la ciudad en la final de Miss Universe Colombia en Barranquilla. Las aficiones de Manuela Casta\u00f1o son los caballos de paso fino, la lectura y bailar salsa. es una mujer l\u00edder que trabaja en la empresa familiar, a trav\u00e9s de la cual ayuda a familias de escasos recursos, mediante la generaci\u00f3n de empleo y entrega de alimentos. Adem\u00e1s, est\u00e1 a la cabeza de un proyecto de educaci\u00f3n gracias al cual fue exaltada recientemente por la Gobernaci\u00f3n del Valle del Cauca.<\/p>\n","protected":false},"excerpt":{"rendered":"<p>La ceremonia de elecci\u00f3n y coronaci\u00f3n se llev\u00f3 a cabo el domingo 07 de abril a las 8 de la noche en el teatro estudio del canal regional Telepac\u00edfico. La noche empez\u00f3 con un opening a cargo de las aspirantes, quienes se presentaron ante la concurrencia a s\u00ed mismas. Posteriormente, cada una tuvo tres salidas [&hellip;]<\/p>\n","protected":false},"author":2,"featured_media":571,"comment_status":"open","ping_status":"open","sticky":false,"template":"","format":"standard","meta":{"_jetpack_newsletter_access":"","_jetpack_dont_email_post_to_subs":false,"_jetpack_newsletter_tier_id":0,"_jetpack_memberships_contains_paywalled_content":false,"_jetpack_memberships_contains_paid_content":false,"footnotes":""},"categories":[6],"tags":[135,284,282,283],"class_list":{"0":"post-570","1":"post","2":"type-post","3":"status-publish","4":"format-standard","5":"has-post-thumbnail","7":"category-cultura-y-turismo","8":"tag-cali","9":"tag-manuela-castano","10":"tag-miss-universe","11":"tag-miss-universo"},"jetpack_sharing_enabled":true,"jetpack_featured_media_url":"https:\/\/i0.wp.com\/colombiabuenanota.com\/wp-content\/uploads\/2024\/04\/WhatsApp-Image-2024-04-08-at-12.09.55-PM.jpeg?fit=700%2C1050&ssl=1","jetpack-related-posts":[],"_links":{"self":[{"href":"https:\/\/colombiabuenanota.com\/index.php\/wp-json\/wp\/v2\/posts\/570","targetHints":{"allow":["GET"]}}],"collection":[{"href":"https:\/\/colombiabuenanota.com\/index.php\/wp-json\/wp\/v2\/posts"}],"about":[{"href":"https:\/\/colombiabuenanota.com\/index.php\/wp-json\/wp\/v2\/types\/post"}],"author":[{"embeddable":true,"href":"https:\/\/colombiabuenanota.com\/index.php\/wp-json\/wp\/v2\/users\/2"}],"replies":[{"embeddable":true,"href":"https:\/\/colombiabuenanota.com\/index.php\/wp-json\/wp\/v2\/comments?post=570"}],"version-history":[{"count":1,"href":"https:\/\/colombiabuenanota.com\/index.php\/wp-json\/wp\/v2\/posts\/570\/revisions"}],"predecessor-version":[{"id":572,"href":"https:\/\/colombiabuenanota.com\/index.php\/wp-json\/wp\/v2\/posts\/570\/revisions\/572"}],"wp:featuredmedia":[{"embeddable":true,"href":"https:\/\/colombiabuenanota.com\/index.php\/wp-json\/wp\/v2\/media\/571"}],"wp:attachment":[{"href":"https:\/\/colombiabuenanota.com\/index.php\/wp-json\/wp\/v2\/media?parent=570"}],"wp:term":[{"taxonomy":"category","embeddable":true,"href":"https:\/\/colombiabuenanota.com\/index.php\/wp-json\/wp\/v2\/categories?post=570"},{"taxonomy":"post_tag","embeddable":true,"href":"https:\/\/colombiabuenanota.com\/index.php\/wp-json\/wp\/v2\/tags?post=570"}],"curies":[{"name":"wp","href":"https:\/\/api.w.org\/{rel}","templated":true}]}}