{"id":479,"date":"2024-02-27T07:00:00","date_gmt":"2024-02-27T12:00:00","guid":{"rendered":"https:\/\/colombiabuenanota.com\/?p=479"},"modified":"2024-02-26T11:06:45","modified_gmt":"2024-02-26T16:06:45","slug":"dia-mundial-de-la-anosmia-el-mundo-de-los-aromas-perdidos","status":"publish","type":"post","link":"https:\/\/colombiabuenanota.com\/index.php\/2024\/02\/27\/dia-mundial-de-la-anosmia-el-mundo-de-los-aromas-perdidos\/","title":{"rendered":"D\u00eda Mundial de la Anosmia, el mundo de los aromas perdidos"},"content":{"rendered":"\n<p>Levantarse y no poder percibir el aroma del caf\u00e9 reci\u00e9n hecho, las fragancias de la naturaleza y tantos otros olores que pueden marcar la vida para siempre, es un problema que deben afrontar millones de personas que sufren de <strong>anosmia o la p\u00e9rdida del olfato<\/strong>. De acuerdo con la Organizaci\u00f3n Mundial de la Salud (OMS), una de cada 20 personas en el mundo se ve afectada por este trastorno.<\/p>\n\n\n\n<p>En el marco de la conmemoraci\u00f3n del D\u00eda Mundial de la Anosmia, este 27 de febrero, los profesionales del sector m\u00e9dico hacen un llamado a quienes padecen la enfermedad, o tienen indicios de ella, para que acudan a un especialista, debido a que, si bien no es una afecci\u00f3n mortal, s\u00ed puede afectar dr\u00e1sticamente su calidad de vida. <\/p>\n\n\n\n<h2 class=\"wp-block-heading\">La afectaci\u00f3n de la Anosmia a la calidad de vida<\/h2>\n\n\n\n<p>De acuerdo con el doctor Ricardo Silva, otorrinolaring\u00f3logo miembro de la Asociaci\u00f3n Colombiana de Otorrinolaringolog\u00eda \u2013 ACORL y presidente del cap\u00edtulo de rinolog\u00eda: \u201cEstos pacientes no solo sufren la falta de la capacidad de oler, sino que, adem\u00e1s, su cotidianidad y productividad se ven afectadas, ya que presentan problemas para dormir, lo cual genera poco descanso y bajo rendimiento en sus labores diarias\u201d. De igual modo, la anosmia perjudica el estado emocional de quienes la experimentan, dado que, como lo han se\u00f1alado estudios cient\u00edficos, desencadena altas cargas de irritabilidad y frustraci\u00f3n, as\u00ed como dificultad para concentrarse.<\/p>\n\n\n\n<p>Otra seria afectaci\u00f3n asociada a la <strong>anosmia<\/strong> es que, como algunas v\u00edas nerviosas son compartidas por los sentidos del olfato y del gusto, la p\u00e9rdida del uno afecta necesariamente al otro.<\/p>\n\n\n\n<p> \u201cAlgunas personas van al m\u00e9dico porque piensan que perdieron el sentido del gusto, y se sorprenden al saber que, en realidad, lo que perdieron fue el del olfato\u201d, cuenta el doctor Ricardo Silva. El especialista tambi\u00e9n explica que los olores tienen dos v\u00edas para ser percibidos e interpretados por el cerebro y as\u00ed relacionar el olfato con el gusto: es decir, tenemos una v\u00eda anterior, que usamos habitualmente al tomar aire y captar los olores por las fosas nasales; y una v\u00eda posterior, que es donde, al masticar y al inicio de la degluci\u00f3n, se desprenden olores que ingresan hacia las neuronas sensoriales olfativas  por lanasofaringe. Un ejemplo claro es que durante un episodio gripal con la nariz congestionada los olores no llegan a los receptores olfatorios para ser estimulados y al comer, si no se captan los olores, el sabor de las comidas tambi\u00e9n se reduce.<strong> \u201cSin el olor, los alimentos nos suelen parecer desabridos y con poco o ning\u00fan gusto\u201d, <\/strong>agrega.<\/p>\n\n\n\n<h2 class=\"wp-block-heading\">Posibles casos de la  Anosmia<\/h2>\n\n\n\n<p>La anosmia se debe, en algunos casos, a enfermedades como la rinosinusitis cr\u00f3nica con p\u00f3lipos nasales (RSCcPN), definida por los especialistas como la inflamaci\u00f3n de la mucosa que recubre la nariz y los senos paranasales. Cerca del 90% de estos pacientes presentan alteraciones en el olfato, entre ellas la anosmia, y de ah\u00ed la importancia de que el m\u00e9dico defina el mejor tratamiento posible. Por otro lado, infecciones causadas por virus como el covid-19 o coronavirus tambi\u00e9n han estado asociadas a la anosmia, que suele resolverse.<\/p>\n\n\n\n<h2 class=\"wp-block-heading\">\u00bfSe puede tratar la anosmia?<\/h2>\n\n\n\n<p>El D\u00eda Mundial de la Anosmia es una ocasi\u00f3n propicia para decirles a estos pacientes que su problema puede tener soluci\u00f3n. No solo a trav\u00e9s de los medicamentos y tratamientos para atacar sus posibles causas, como la rinosinusitis cr\u00f3nica y los p\u00f3lipos, sino tambi\u00e9n a trav\u00e9s del reentrenamiento olfativo. \u201cEs una terapia efectiva, adem\u00e1s de beneficiosa, extremadamente f\u00e1cil y autodirigida, sin efectos secundarios significativos. Adem\u00e1s, parece estar asociada con&nbsp;mejores resultadosen pacientes con p\u00e9rdida olfativa post-infecciosa\u201d, expone el Dr. Silva.<\/p>\n\n\n\n<p>El especialista a\u00f1ade que hay diferentes <em>kits<\/em> de aromas y formas de reentrenamiento en las que b\u00e1sicamente el paciente se expone a olores peri\u00f3dicamente, idealmente, a diario. Este tratamiento supone una mejora de la funci\u00f3n olfativa general para los pacientes.<\/p>\n\n\n\n<p>En el D\u00eda Mundial de la Anosmia, la Asociaci\u00f3n Colombiana de Otorrinolaringolog\u00eda ACORL se une a la campa\u00f1a <strong>\u201cel mundo de los aromas perdidos\u201d <\/strong>para mejorar el conocimiento de esta enfermedad, con programas educativos para hacer visibles enfermedades inadvertidas que pueden afectar la calidad de vida de las personas, resaltando la importancia de buscar ayuda de un m\u00e9dico especialista ante la presencia de la <strong>Anosmia.<\/strong><\/p>\n","protected":false},"excerpt":{"rendered":"<p>La anosmia o p\u00e9rdida del olfato afecta a una de cada 20 personas en el mundo a nivel f\u00edsico y emocionalmente.<\/p>\n","protected":false},"author":2,"featured_media":480,"comment_status":"open","ping_status":"open","sticky":false,"template":"","format":"standard","meta":{"_jetpack_newsletter_access":"","_jetpack_dont_email_post_to_subs":false,"_jetpack_newsletter_tier_id":0,"_jetpack_memberships_contains_paywalled_content":false,"_jetpack_memberships_contains_paid_content":false,"footnotes":""},"categories":[12],"tags":[235,236,25],"class_list":{"0":"post-479","1":"post","2":"type-post","3":"status-publish","4":"format-standard","5":"has-post-thumbnail","7":"category-salud","8":"tag-anosmia","9":"tag-olfato","10":"tag-salud"},"jetpack_sharing_enabled":true,"jetpack_featured_media_url":"https:\/\/i0.wp.com\/colombiabuenanota.com\/wp-content\/uploads\/2024\/02\/WhatsApp-Image-2024-02-23-at-11.26.55-AM.jpeg?fit=700%2C466&ssl=1","jetpack-related-posts":[],"_links":{"self":[{"href":"https:\/\/colombiabuenanota.com\/index.php\/wp-json\/wp\/v2\/posts\/479","targetHints":{"allow":["GET"]}}],"collection":[{"href":"https:\/\/colombiabuenanota.com\/index.php\/wp-json\/wp\/v2\/posts"}],"about":[{"href":"https:\/\/colombiabuenanota.com\/index.php\/wp-json\/wp\/v2\/types\/post"}],"author":[{"embeddable":true,"href":"https:\/\/colombiabuenanota.com\/index.php\/wp-json\/wp\/v2\/users\/2"}],"replies":[{"embeddable":true,"href":"https:\/\/colombiabuenanota.com\/index.php\/wp-json\/wp\/v2\/comments?post=479"}],"version-history":[{"count":1,"href":"https:\/\/colombiabuenanota.com\/index.php\/wp-json\/wp\/v2\/posts\/479\/revisions"}],"predecessor-version":[{"id":481,"href":"https:\/\/colombiabuenanota.com\/index.php\/wp-json\/wp\/v2\/posts\/479\/revisions\/481"}],"wp:featuredmedia":[{"embeddable":true,"href":"https:\/\/colombiabuenanota.com\/index.php\/wp-json\/wp\/v2\/media\/480"}],"wp:attachment":[{"href":"https:\/\/colombiabuenanota.com\/index.php\/wp-json\/wp\/v2\/media?parent=479"}],"wp:term":[{"taxonomy":"category","embeddable":true,"href":"https:\/\/colombiabuenanota.com\/index.php\/wp-json\/wp\/v2\/categories?post=479"},{"taxonomy":"post_tag","embeddable":true,"href":"https:\/\/colombiabuenanota.com\/index.php\/wp-json\/wp\/v2\/tags?post=479"}],"curies":[{"name":"wp","href":"https:\/\/api.w.org\/{rel}","templated":true}]}}