{"id":358,"date":"2024-01-24T19:29:12","date_gmt":"2024-01-25T00:29:12","guid":{"rendered":"https:\/\/colombiabuenanota.com\/?p=358"},"modified":"2024-01-24T19:29:15","modified_gmt":"2024-01-25T00:29:15","slug":"delirio-sigue-en-modo-feria-hasta-este-viernes-26-de-enero","status":"publish","type":"post","link":"https:\/\/colombiabuenanota.com\/index.php\/2024\/01\/24\/delirio-sigue-en-modo-feria-hasta-este-viernes-26-de-enero\/","title":{"rendered":"Delirio sigue en modo Feria hasta este viernes 26 de enero"},"content":{"rendered":"\n<p>A todos los que est\u00e1n en Cali y que deliran a ritmo de Salsa, el espect\u00e1culo 100% cale\u00f1o les trae grandes noticias:<\/p>\n\n\n\n<p><strong>Delirio<\/strong> est\u00e1 listo para bailar con el p\u00fablico en su <strong>Carpa<\/strong> con la <strong>Edici\u00f3n Especial de Feria<\/strong>. Enero es el mes en el que los cale\u00f1os regresan de sus vacaciones y retoman su rutina laboral, volviendo a unirse entre propios y visitantes, para reivindicar su cultura alegre y salsera, y que mejor que en el espect\u00e1culo n\u00famero uno de Colombia para el mundo: <strong>Delirio.<\/strong> <\/p>\n\n\n\n<p>En enero se puede seguir celebrando esa alegr\u00eda que identifica a los cale\u00f1os trav\u00e9s de la salsa, el ritmo que mueve los corazones y los pies y que al mismo tiempo es el motor que nos impulsa a abrazar todo aquello que une: la familia, los amigos, la m\u00fasica, el baile.<\/p>\n\n\n\n<h2 class=\"wp-block-heading\"><strong>\u2018Delirio, Edici\u00f3n Especial de Feria 2024\u2019<\/strong><\/h2>\n\n\n\n<p>Los artistas est\u00e1n listos y ansiosos para apoderarse del nuevo a\u00f1o como solo <strong>Delirio <\/strong>sabe hacerlo, conmocionando los sentidos con pasos r\u00e1pidos, salsa de la mejor y una ecuaci\u00f3n que lo identifica a nivel mundial: Salsa, Circo y Orquesta. Y la buena noticia es que este mes tendr\u00e1 <strong>La \u00d1apa de la Feria<\/strong>, en la cual quiere darles la oportunidad a todos los que se perdieron de la Edici\u00f3n Especial de Feria de disfrutarla con un 25% de descuento sobre el valor de cada entrada.<\/p>\n\n\n\n<p><strong>Delirio<\/strong> es un espect\u00e1culo que se ha puesto de moda y su prop\u00f3sito es seguir siendo el lugar preferido de artistas, deportistas, m\u00fasicos, reinas de belleza, empresarios, influenciadores y publico a todo nivel. Debido a esto y con el prop\u00f3sito de que cale\u00f1os, colombianos y extranjeros no se queden sin vivir la experiencia del formato cabaret que han presentando desde hace 17 a\u00f1os. q<\/p>\n\n\n\n<p><strong>Delirio<\/strong> se ha convertido en un destino tur\u00edstico infaltable y en motivo de orgullo para Cali y el Valle del Cauca, por eso quiere compartir con todo su p\u00fablico la buena noticia de que est\u00e1n listos para recibirlos el \u00faltimo viernes de cada mes en su Carpa, para  disfrutar junto con sus visitantes, de ese esp\u00edritu imbatible de la salsa que hoy est\u00e1 m\u00e1s vivo que nunca.<\/p>\n\n\n\n<h2 class=\"wp-block-heading\">La funci\u00f3n del 26 de enero en Delirio<\/h2>\n\n\n\n<p>Lo que <strong>Delirio<\/strong> tiene preparado para su funci\u00f3n del viernes 26 de enero son una serie de momentos musicales y danc\u00edsticos especialmente dise\u00f1ados para conmocionar los sentidos. Tanto el opening como los n\u00fameros centrales y el cierre, estar\u00e1n cargados de simbolismos que comunican comuni\u00f3n, libertad y celebraci\u00f3n, valores que identifican a sus artistas y fortalecen su identidad. <\/p>\n\n\n\n<p><em>\u201cNuestro objetivo es involucrar al p\u00fablico y nuestros artistas para construir juntos una nueva forma de ver esta celebraci\u00f3n, reconociendo momentos de nuestra cultura, valorando sus formas positivas, festejando la integraci\u00f3n como oportunidad para construir algo mejor y superador\u201d<\/em>, afirma Liliana Ocampo, directora de la <strong>Fundaci\u00f3n Delirio<\/strong>.<\/p>\n\n\n\n<p>Esta \u2018Edici\u00f3n Especial\u2019 de Delirio est\u00e1 inspirada en las tradiciones de Cali y del Pac\u00edfico colombiano, que se unen en una puesta en escena donde las velitas, los faroles, y el ic\u00f3nico maestro y director del Grupo Niche Jairo Varela con sus m\u00e1s reconocidas canciones, junto con las campaneras, los carros antiguos, el Carnaval del Cali viejo y la tradicional verbena, se convierten en una gran fiesta, un homenaje a Cali donde Delirio involucra a todo el p\u00fablico presente.<\/p>\n\n\n\n<h2 class=\"wp-block-heading\">Algunas canciones que brillan en el repertorio<\/h2>\n\n\n\n<p>La fiesta se enciende con la m\u00fasica que se lleva en el coraz\u00f3n, por eso dentro del repertorio de canciones que hacen parte de <strong>Delirio<\/strong>, se han incluido \u00e9xitos como Farolito, Los Sabanales, Seis Chorreao, Ron de Vinola, El Hijo Ausente, entre otros.<\/p>\n\n\n\n<p>.<\/p>\n\n\n\n<h2 class=\"wp-block-heading\">Datos claves para asistir a la Funci\u00f3n de Delirio este 26 de enero<\/h2>\n\n\n\n<ul class=\"wp-block-list\">\n<li><strong>Obra:<\/strong> \u2018Delirio, Edici\u00f3n Especial de Feria 2024\u2019<\/li>\n\n\n\n<li><strong>Lugar:<\/strong> Carpa Delirio \u2013 Contiguo al Centro de Eventos Valle del Pac\u00edfico<\/li>\n\n\n\n<li><strong>Direcci\u00f3n:<\/strong> Carrera 26 #12- 328, Zona Industrial de Yumbo<\/li>\n\n\n\n<li><strong>Edad m\u00ednima de ingreso:<\/strong> 18 A\u00f1os<\/li>\n\n\n\n<li><strong>Apertura de puertas:<\/strong> 7:00 p.m.<\/li>\n\n\n\n<li><strong>Hora de inicio:<\/strong> 9:30 p.m.<\/li>\n\n\n\n<li><strong>Fecha:<\/strong> viernes 26 de enero de 2024.<\/li>\n\n\n\n<li><strong>Boleter\u00eda:<\/strong> <a href=\"https:\/\/tuboleta.com\/eventos\/detalle\/carpa-delirio-edicion-especial-2024\/726304037365\" target=\"_blank\" rel=\"noopener\"><strong>https:\/\/tuboleta.com\/eventos\/detalle\/carpa-delirio-edicion-especial-2024\/726304037365<\/strong><\/a><\/li>\n<\/ul>\n","protected":false},"excerpt":{"rendered":"<p>A todos los que est\u00e1n en Cali y que deliran a ritmo de Salsa, el espect\u00e1culo 100% cale\u00f1o les trae grandes noticias: Delirio est\u00e1 listo para bailar con el p\u00fablico en su Carpa con la Edici\u00f3n Especial de Feria. Enero es el mes en el que los cale\u00f1os regresan de sus vacaciones y retoman su [&hellip;]<\/p>\n","protected":false},"author":1,"featured_media":359,"comment_status":"open","ping_status":"open","sticky":false,"template":"","format":"standard","meta":{"_jetpack_newsletter_access":"","_jetpack_dont_email_post_to_subs":false,"_jetpack_newsletter_tier_id":0,"_jetpack_memberships_contains_paywalled_content":false,"_jetpack_memberships_contains_paid_content":false,"footnotes":""},"categories":[6],"tags":[135,104,128,92],"class_list":{"0":"post-358","1":"post","2":"type-post","3":"status-publish","4":"format-standard","5":"has-post-thumbnail","7":"category-cultura-y-turismo","8":"tag-cali","9":"tag-delirio","10":"tag-feria-de-cali","11":"tag-salsa"},"jetpack_sharing_enabled":true,"jetpack_featured_media_url":"https:\/\/i0.wp.com\/colombiabuenanota.com\/wp-content\/uploads\/2024\/01\/Delirio-Celebracion-151-1.jpg?fit=700%2C466&ssl=1","jetpack-related-posts":[],"_links":{"self":[{"href":"https:\/\/colombiabuenanota.com\/index.php\/wp-json\/wp\/v2\/posts\/358","targetHints":{"allow":["GET"]}}],"collection":[{"href":"https:\/\/colombiabuenanota.com\/index.php\/wp-json\/wp\/v2\/posts"}],"about":[{"href":"https:\/\/colombiabuenanota.com\/index.php\/wp-json\/wp\/v2\/types\/post"}],"author":[{"embeddable":true,"href":"https:\/\/colombiabuenanota.com\/index.php\/wp-json\/wp\/v2\/users\/1"}],"replies":[{"embeddable":true,"href":"https:\/\/colombiabuenanota.com\/index.php\/wp-json\/wp\/v2\/comments?post=358"}],"version-history":[{"count":1,"href":"https:\/\/colombiabuenanota.com\/index.php\/wp-json\/wp\/v2\/posts\/358\/revisions"}],"predecessor-version":[{"id":360,"href":"https:\/\/colombiabuenanota.com\/index.php\/wp-json\/wp\/v2\/posts\/358\/revisions\/360"}],"wp:featuredmedia":[{"embeddable":true,"href":"https:\/\/colombiabuenanota.com\/index.php\/wp-json\/wp\/v2\/media\/359"}],"wp:attachment":[{"href":"https:\/\/colombiabuenanota.com\/index.php\/wp-json\/wp\/v2\/media?parent=358"}],"wp:term":[{"taxonomy":"category","embeddable":true,"href":"https:\/\/colombiabuenanota.com\/index.php\/wp-json\/wp\/v2\/categories?post=358"},{"taxonomy":"post_tag","embeddable":true,"href":"https:\/\/colombiabuenanota.com\/index.php\/wp-json\/wp\/v2\/tags?post=358"}],"curies":[{"name":"wp","href":"https:\/\/api.w.org\/{rel}","templated":true}]}}