{"id":352,"date":"2024-01-24T18:45:29","date_gmt":"2024-01-24T23:45:29","guid":{"rendered":"https:\/\/colombiabuenanota.com\/?p=352"},"modified":"2024-01-24T18:45:42","modified_gmt":"2024-01-24T23:45:42","slug":"profe-arl-la-estrategia-de-seguros-bolivar-para-promover-la-salud-y-seguridad-en-el-trabajo","status":"publish","type":"post","link":"https:\/\/colombiabuenanota.com\/index.php\/2024\/01\/24\/profe-arl-la-estrategia-de-seguros-bolivar-para-promover-la-salud-y-seguridad-en-el-trabajo\/","title":{"rendered":"Profe ARL: La estrategia de Seguros Bol\u00edvar para promover la salud y seguridad en el trabajo"},"content":{"rendered":"\n<p>Desde el 22 de enero y hasta el 5 de febrero, se llevar\u00e1 a cabo Profe ARL 2024 de Seguros Bol\u00edvar en nueve ciudades del pa\u00eds: Bogot\u00e1, Bucaramanga, Barranquilla, Cali, Cartagena, Medell\u00edn, Pereira, Neiva y Villavicencio, donde se presentar\u00e1n conferencias sobre las tendencias de seguridad y salud laboral, con el objetivo de transformar la educaci\u00f3n y enriquecer los procesos de vida de cada uno de los trabajadores desde las ideas, descubrimientos y oportunidades actuales.<\/p>\n\n\n\n<h2 class=\"wp-block-heading\">Fechas y lugares de Profe ARL<\/h2>\n\n\n\n<figure class=\"wp-block-table\"><table><tbody><tr><td><strong>Ciudad<\/strong><\/td><td><strong>Fecha<\/strong><\/td><td><strong>Lugar<\/strong><\/td><\/tr><tr><td>Cali<\/td><td>22 de enero<\/td><td>Hotel Marriott Cali<\/td><\/tr><tr><td>Bucaramanga<\/td><td>23 de enero<\/td><td>Holiday Inn Bucaramanga Cacique<\/td><\/tr><tr><td>Pereira<\/td><td>24 de enero<\/td><td>Hotel Sonesta Pereira<\/td><\/tr><tr><td>Neiva<\/td><td>26 de enero<\/td><td>Centro Cultural y de Convenciones Jos\u00e9 Eustasio Rivera<\/td><\/tr><tr><td>Medell\u00edn<\/td><td>29&nbsp; de enero<\/td><td>Country Club Medell\u00edn<\/td><\/tr><tr><td>Bogot\u00e1<\/td><td>30 de enero<\/td><td>Cubo Colsubsidio<\/td><\/tr><tr><td>Barranquilla<\/td><td>1 de febrero<\/td><td>Hotel Hilton Garden Barranquilla<\/td><\/tr><tr><td>Cartagena<\/td><td>2 de febrero<\/td><td>Hotel Estelar Cartagena<\/td><\/tr><tr><td>Villavicencio<\/td><td>5 de febrero<\/td><td>Hotel Estelar Villavicencio<\/td><\/tr><\/tbody><\/table><\/figure>\n\n\n\n<p>\u201cEstamos comprometidos en llevar la seguridad laboral a un nivel superior, nos aseguramos de que nuestros afiliados cuenten con las soluciones m\u00e1s vanguardistas y efectivas a su disposici\u00f3n, as\u00ed es como somos su socio de confianza. Por eso, seguimos avanzando en nuestra b\u00fasqueda constante de mejoras, estando inmersos en estudios para incorporar sobre metodolog\u00edas adicionales<em>\u201d,<\/em> coment\u00f3 \u00c1lvaro Carillo, presidente de Seguros Bol\u00edvar.<br><br><\/p>\n\n\n\n<h2 class=\"wp-block-heading\">Novedades de Profe ARL 2024<\/h2>\n\n\n\n<p>Para esta versi\u00f3n de Profe ARL, se espera que asistan m\u00e1s de 4.000 personas de manera&nbsp; presencial y virtual. Como invitada y <em>speaker<\/em> estar\u00e1 Luisa Echeverr\u00eda, consultora e investigadora en Educaci\u00f3n Internacional y doctora en la misma rama de la Universidad de Murcia, ha liderado proyectos estrat\u00e9gicos y contribuido en el fortalecimiento de instituciones de educaci\u00f3n superior colombianas. En este espacio, Echeverr\u00eda tendr\u00e1 su conferencia <em>Aprendizaje para toda la vida<\/em>, que busca inspirar sobre la importancia de aplicar este concepto de manera personal y organizacional, ampli\u00e1ndolo en diferentes \u00e1mbitos de la vida, m\u00e1s all\u00e1 de la edad o las aulas de clase.<\/p>\n\n\n\n<p>As\u00ed mismo, para este a\u00f1o Profe ARL socializar\u00e1 las novedades que facilitar\u00e1n a las empresas la prevenci\u00f3n y gesti\u00f3n de riesgos laborales, algunas de ellas son:<\/p>\n\n\n\n<p><br>&#8211;<strong>Evolutivos del software de plan emergencias,<\/strong> sus principales innovaciones son:<\/p>\n\n\n\n<p><em>Evaluaci\u00f3n de Riesgo por Ubicaci\u00f3n<\/em>, al ingresar la direcci\u00f3n de su inmueble, el sistema arrojar\u00e1 autom\u00e1ticamente el nivel de riesgo asociado a diversos factores naturales y situaciones de orden p\u00fablico.<\/p>\n\n\n\n<p><em>An\u00e1lisis de Vulnerabilidad Estructural<\/em>, <em>software<\/em> que ofrece una calificaci\u00f3n objetiva de la estructura de su edificaci\u00f3n.<\/p>\n\n\n\n<p><em>Gesti\u00f3n de Riesgos para el Teletrabajo<\/em>, sistema que facilita la identificaci\u00f3n de riesgos para empleados que trabajan desde casa o en ubicaciones remotas, consolidando y organizando toda la informaci\u00f3n relevante en una sola base de datos.<\/p>\n\n\n\n<p><strong>-Rehand, <\/strong>tecnolog\u00eda que funciona por medio de Inteligencia Artificial &#8211; IA, para transformar el tratamiento m\u00e9dico, ofreciendo terapias personalizadas y ejercicios espec\u00edficos para la rehabilitaci\u00f3n por una lesi\u00f3n en mano, mu\u00f1eca o codo que se adaptan a las necesidades individuales, mejorando la experiencia de recuperaci\u00f3n y garantizando resultados m\u00e1s efectivos y r\u00e1pidos.<\/p>\n\n\n\n<p>&#8211;<strong>Eave, <\/strong>mejora la seguridad en entornos ruidosos, es un innovador protector auditivo que evita el paso del ruido que puede generar una lesi\u00f3n en el o\u00eddo y a la vez permite el paso del los sonidos de la voz humana permitiendo que el trabajador no se a\u00edsle en su turno de trabajo.<\/p>\n\n\n\n<p>En la versi\u00f3n de Profe ARL 2023, se present\u00f3 <em>Kinebot<\/em>, un <em>software<\/em> de IA y <em>computer vision<\/em> que ayud\u00f3 a procesar m\u00e1s de 7.000 v\u00eddeos de puestos de trabajo y logr\u00f3 la reducci\u00f3n del 80% en tiempos de recopilaci\u00f3n y costos de an\u00e1lisis. Adem\u00e1s con la medici\u00f3n precisa de los movimientos y esfuerzos de una persona en su trabajo podemos hacer mejoras en los procesos y la ergonom\u00eda para evitar lesiones. Para este 2024, la ARL Bol\u00edvar ofrece una amplia gama de tecnolog\u00edas disruptivas para la gesti\u00f3n de riesgos dentro de las organizaciones como lo son la seguridad vial, la exposici\u00f3n al ruido, el aprendizaje, entre otros.<\/p>\n\n\n\n<p>\u201cDesde nuestra experiencia con Profe ARL, nos hemos apoyado en herramientas de aprendizaje para la gesti\u00f3n de riesgos presentes en los espacios de trabajo y dem\u00e1s \u00e1mbitos.&nbsp; Ha sido un camino donde nuestros procesos de formaci\u00f3n se han convertido en un recurso invaluable que podemos aplicar en cualquier etapa de nuestro desarrollo personal y profesional\u201d, afirma Paola Daza, directora ejecutiva de ARL y Bienestar Empresarial de Seguros Bol\u00edvar.<\/p>\n\n\n\n<p>El programa Profe, dando lugar a su objetivo de hacer a los trabajadores colombianos m\u00e1s seguros y felices, evidencia un 85% de participaci\u00f3n activa, un 96% de satisfacci\u00f3n y un alto nivel en el cumplimiento de las normativas de seguridad en el trabajo, tras el compromiso de m\u00e1s de 140.000 empleados. Porque un pa\u00eds donde los trabajadores crecen seguros y tranquilos, es un pa\u00eds que progresa.<\/p>\n","protected":false},"excerpt":{"rendered":"<p>Desde el 22 de enero y hasta el 5 de febrero, se llevar\u00e1 a cabo Profe ARL 2024 de Seguros Bol\u00edvar en nueve ciudades del pa\u00eds: Bogot\u00e1, Bucaramanga, Barranquilla, Cali, Cartagena, Medell\u00edn, Pereira, Neiva y Villavicencio, donde se presentar\u00e1n conferencias sobre las tendencias de seguridad y salud laboral, con el objetivo de transformar la educaci\u00f3n [&hellip;]<\/p>\n","protected":false},"author":1,"featured_media":353,"comment_status":"open","ping_status":"open","sticky":false,"template":"","format":"standard","meta":{"_jetpack_newsletter_access":"","_jetpack_dont_email_post_to_subs":false,"_jetpack_newsletter_tier_id":0,"_jetpack_memberships_contains_paywalled_content":false,"_jetpack_memberships_contains_paid_content":false,"footnotes":""},"categories":[12],"tags":[168,166,169],"class_list":{"0":"post-352","1":"post","2":"type-post","3":"status-publish","4":"format-standard","5":"has-post-thumbnail","7":"category-salud","8":"tag-arl","9":"tag-seguros-bolivar","10":"tag-siso"},"jetpack_sharing_enabled":true,"jetpack_featured_media_url":"https:\/\/i0.wp.com\/colombiabuenanota.com\/wp-content\/uploads\/2024\/01\/WhatsApp-Image-2024-01-22-at-11.23.13-AM.jpeg?fit=700%2C525&ssl=1","jetpack-related-posts":[],"_links":{"self":[{"href":"https:\/\/colombiabuenanota.com\/index.php\/wp-json\/wp\/v2\/posts\/352","targetHints":{"allow":["GET"]}}],"collection":[{"href":"https:\/\/colombiabuenanota.com\/index.php\/wp-json\/wp\/v2\/posts"}],"about":[{"href":"https:\/\/colombiabuenanota.com\/index.php\/wp-json\/wp\/v2\/types\/post"}],"author":[{"embeddable":true,"href":"https:\/\/colombiabuenanota.com\/index.php\/wp-json\/wp\/v2\/users\/1"}],"replies":[{"embeddable":true,"href":"https:\/\/colombiabuenanota.com\/index.php\/wp-json\/wp\/v2\/comments?post=352"}],"version-history":[{"count":1,"href":"https:\/\/colombiabuenanota.com\/index.php\/wp-json\/wp\/v2\/posts\/352\/revisions"}],"predecessor-version":[{"id":354,"href":"https:\/\/colombiabuenanota.com\/index.php\/wp-json\/wp\/v2\/posts\/352\/revisions\/354"}],"wp:featuredmedia":[{"embeddable":true,"href":"https:\/\/colombiabuenanota.com\/index.php\/wp-json\/wp\/v2\/media\/353"}],"wp:attachment":[{"href":"https:\/\/colombiabuenanota.com\/index.php\/wp-json\/wp\/v2\/media?parent=352"}],"wp:term":[{"taxonomy":"category","embeddable":true,"href":"https:\/\/colombiabuenanota.com\/index.php\/wp-json\/wp\/v2\/categories?post=352"},{"taxonomy":"post_tag","embeddable":true,"href":"https:\/\/colombiabuenanota.com\/index.php\/wp-json\/wp\/v2\/tags?post=352"}],"curies":[{"name":"wp","href":"https:\/\/api.w.org\/{rel}","templated":true}]}}