{"id":277,"date":"2023-12-13T09:19:01","date_gmt":"2023-12-13T14:19:01","guid":{"rendered":"https:\/\/colombiabuenanota.com\/?p=277"},"modified":"2023-12-13T09:19:03","modified_gmt":"2023-12-13T14:19:03","slug":"visita-paseo-de-la-aurora-en-sus-ultimas-aperturas-de-2023","status":"publish","type":"post","link":"https:\/\/colombiabuenanota.com\/index.php\/2023\/12\/13\/visita-paseo-de-la-aurora-en-sus-ultimas-aperturas-de-2023\/","title":{"rendered":"Visita Paseo de la aurora en sus \u00faltimas aperturas de 2023"},"content":{"rendered":"\n<p>El pr\u00f3ximo s\u00e1bado 16 y domingo 17 de diciembre ser\u00e1n las \u00faltimas fechas del a\u00f1o 2023 para <strong>Paseo de la Aurora<\/strong>, el parque tem\u00e1tico de entretenimiento familiar de <strong>Delirio<\/strong> que fue creado como un espacio para que las familias y los amigos puedan disfrutar seguras de todo aquello que nos une con el sello caracter\u00edstico de calidad e innovaci\u00f3n de <strong>Delirio<\/strong>.<\/p>\n\n\n\n<p>Invitamos a cale\u00f1os y visitantes, acompa\u00f1ados de sus hijos y mascotas, para que aprovechen este \u00faltimo fin de semana del a\u00f1o y vivan la alegr\u00eda presente en nuestras zonas verdes pobladas de personajes t\u00edpicos, zona de picnic, presentaciones art\u00edsticas, clases de baile gratuitas con nuestros bailarines campeones mundiales de salsa, zona de entretenimiento para ni\u00f1os y una gran oferta gastron\u00f3mica. Los ni\u00f1os menores de 12 a\u00f1os entran gratis presentando en la entrada del parque tarjeta de identidad o documento valido con fecha de nacimiento. Para los adultos, entre m\u00e1s grande sea el grupo menos cuesta cada boleta.<\/p>\n\n\n\n<p>El horario del parque es de 12 del mediod\u00eda a 8 de la noche. Las boletas pueden ser adquiridas en la taquilla o a trav\u00e9s de este link: <a href=\"https:\/\/paseodelaaurora-delirio.com\/products\/entrada-paseo-de-la-aurora\" target=\"_blank\" rel=\"noopener\">https:\/\/paseodelaaurora-delirio.com\/products\/entrada-paseo-de-la-aurora<\/a><\/p>\n\n\n\n<p><strong>Programaci\u00f3n de la tarde para toda la familia:<\/strong><\/p>\n\n\n\n<p>12:00 m.\u00a0\u00a0\u00a0\u00a0 Apertura de puertas<\/p>\n\n\n\n<p>1:00 p.m.\u00a0\u00a0\u00a0 Bienvenidas art\u00edsticas guiadas<\/p>\n\n\n\n<p>3:00 p.m\u00a0\u00a0\u00a0\u00a0 Muestra art\u00edstica Salsa cale\u00f1a + Clase de Salsa cale\u00f1a<\/p>\n\n\n\n<p>4:00 p.m.\u00a0\u00a0\u00a0 Muestra art\u00edstica Pac\u00edfico + Clase de salsa choke<\/p>\n\n\n\n<p>5:00 p.m.\u00a0\u00a0\u00a0 Muestra art\u00edstica Pueblos m\u00e1gicos<\/p>\n\n\n\n<p>5:30 p.m.\u00a0\u00a0\u00a0 Corrinche en Punto del Mel\u00f3mano<\/p>\n\n\n\n<p>6:15 p.m.\u00a0\u00a0\u00a0 Celebraci\u00f3n cumplea\u00f1eros<\/p>\n\n\n\n<p>6:30 p.m.\u00a0\u00a0\u00a0 Show Central escenario principal<\/p>\n\n\n\n<p>8:00 p.m.\u00a0\u00a0\u00a0 Cierre del parque<\/p>\n\n\n\n<p><strong>Momentos especiales para los ni\u00f1os:<\/strong><\/p>\n\n\n\n<p>2 a 6:00 p.m.\u00a0 Clases de circo (costo adicional)<\/p>\n\n\n\n<p>3:40 p.m.\u00a0\u00a0\u00a0\u00a0 \u00a0\u00a0 B\u00fasqueda del tesoro de Mayo (mascota del parque)<\/p>\n\n\n\n<p>4:40 p.m.\u00a0\u00a0\u00a0 \u00a0\u00a0\u00a0 Bailando con la T\u00eda Aurora<\/p>\n\n\n\n<p>5:20 p.m.\u00a0\u00a0\u00a0 \u00a0\u00a0\u00a0 Ni\u00f1os en escena<\/p>\n\n\n\n<p><\/p>\n\n\n\n<p>Paseo de la Aurora, parque tem\u00e1tico de Delirio<\/p>\n\n\n\n<p>Lugar: Carpa Delirio &#8211; Centro de Eventos Valle del Pac\u00edfico<\/p>\n\n\n\n<p>Direcci\u00f3n: Carrera 26 #12-328, Zona Industrial de Yumbo<\/p>\n\n\n\n<p>Apertura de puertas: 12 m.<\/p>\n\n\n\n<p>Hora de cierre: 8:00 p.m.<\/p>\n","protected":false},"excerpt":{"rendered":"<p>El pr\u00f3ximo s\u00e1bado 16 y domingo 17 de diciembre ser\u00e1n las \u00faltimas fechas del a\u00f1o 2023 para Paseo de la Aurora, el parque tem\u00e1tico de entretenimiento familiar de Delirio que fue creado como un espacio para que las familias y los amigos puedan disfrutar seguras de todo aquello que nos une con el sello caracter\u00edstico [&hellip;]<\/p>\n","protected":false},"author":1,"featured_media":278,"comment_status":"open","ping_status":"open","sticky":false,"template":"","format":"standard","meta":{"_jetpack_newsletter_access":"","_jetpack_dont_email_post_to_subs":false,"_jetpack_newsletter_tier_id":0,"_jetpack_memberships_contains_paywalled_content":false,"_jetpack_memberships_contains_paid_content":false,"footnotes":""},"categories":[6],"tags":[104,105,106],"class_list":{"0":"post-277","1":"post","2":"type-post","3":"status-publish","4":"format-standard","5":"has-post-thumbnail","7":"category-cultura-y-turismo","8":"tag-delirio","9":"tag-parque-tematico","10":"tag-paseo-de-la-aurora"},"jetpack_sharing_enabled":true,"jetpack_featured_media_url":"https:\/\/i0.wp.com\/colombiabuenanota.com\/wp-content\/uploads\/2023\/12\/EGR7231.jpg?fit=700%2C466&ssl=1","jetpack-related-posts":[],"_links":{"self":[{"href":"https:\/\/colombiabuenanota.com\/index.php\/wp-json\/wp\/v2\/posts\/277","targetHints":{"allow":["GET"]}}],"collection":[{"href":"https:\/\/colombiabuenanota.com\/index.php\/wp-json\/wp\/v2\/posts"}],"about":[{"href":"https:\/\/colombiabuenanota.com\/index.php\/wp-json\/wp\/v2\/types\/post"}],"author":[{"embeddable":true,"href":"https:\/\/colombiabuenanota.com\/index.php\/wp-json\/wp\/v2\/users\/1"}],"replies":[{"embeddable":true,"href":"https:\/\/colombiabuenanota.com\/index.php\/wp-json\/wp\/v2\/comments?post=277"}],"version-history":[{"count":1,"href":"https:\/\/colombiabuenanota.com\/index.php\/wp-json\/wp\/v2\/posts\/277\/revisions"}],"predecessor-version":[{"id":279,"href":"https:\/\/colombiabuenanota.com\/index.php\/wp-json\/wp\/v2\/posts\/277\/revisions\/279"}],"wp:featuredmedia":[{"embeddable":true,"href":"https:\/\/colombiabuenanota.com\/index.php\/wp-json\/wp\/v2\/media\/278"}],"wp:attachment":[{"href":"https:\/\/colombiabuenanota.com\/index.php\/wp-json\/wp\/v2\/media?parent=277"}],"wp:term":[{"taxonomy":"category","embeddable":true,"href":"https:\/\/colombiabuenanota.com\/index.php\/wp-json\/wp\/v2\/categories?post=277"},{"taxonomy":"post_tag","embeddable":true,"href":"https:\/\/colombiabuenanota.com\/index.php\/wp-json\/wp\/v2\/tags?post=277"}],"curies":[{"name":"wp","href":"https:\/\/api.w.org\/{rel}","templated":true}]}}