{"id":263,"date":"2023-12-12T21:59:53","date_gmt":"2023-12-13T02:59:53","guid":{"rendered":"https:\/\/colombiabuenanota.com\/?p=263"},"modified":"2023-12-12T22:02:21","modified_gmt":"2023-12-13T03:02:21","slug":"willy-garcia-celebra-30-anos-de-carrera-con-gira-nacional","status":"publish","type":"post","link":"https:\/\/colombiabuenanota.com\/index.php\/2023\/12\/12\/willy-garcia-celebra-30-anos-de-carrera-con-gira-nacional\/","title":{"rendered":"Willy Garc\u00eda Celebra 30 A\u00f1os de Carrera con Gira Nacional"},"content":{"rendered":"\n<p>Pocos artistas han dejado una huella tan profunda en la salsa colombiana como Willy Garc\u00eda, quien celebra tres d\u00e9cadas de pasi\u00f3n y admiraci\u00f3n. Nacido en Buenaventura, Willy ha marcado hitos en la m\u00fasica desde sus primeros d\u00edas con La Suprema Corte en 1989, contribuyendo a \u00e9xitos como &#8220;Escombros&#8221;, \u201cPor qu\u00e9 fallaste\u201d y \u201cQuiero quedarme en ti\u201d, as\u00ed como con su papel crucial en el Grupo Niche, con canciones ic\u00f3nicas como &#8220;Gotas de Lluvia&#8221;, \u201cLa Magia de tus Besos\u201d y \u201cEres\u201d.<\/p>\n\n\n\n<p>Willy se convirti\u00f3 en una figura influyente en la escena salsera, destacando con el fen\u00f3meno de Son de Cali, agrupaci\u00f3n con la que fue nominado al Grammy Anglo por el \u00e1lbum \u201cCreciendo\u201d que contiene \u00e9xitos como \u201cLo que te sobre\u201d y \u201cLa Sospecha\u201d.<\/p>\n\n\n\n<p>Se consolid\u00f3 como solista en 2011 con &#8220;Sigo Presente&#8221;, un \u00e1lbum que incluye \u00e9xitos como \u201cPerd\u00f3n\u201d y \u201cMorir\u00eda Bes\u00e1ndote\u201d. Seis \u00e1lbumes m\u00e1s en solitario lo han terminado de afianzar en los lugares m\u00e1s destacados de la salsa a nivel nacional e internacional.<\/p>\n\n\n\n<p>Willy Garc\u00eda no solo ha conquistado las listas de Billboard, ha ocupado los primeros lugares de la radio en pa\u00edses como Colombia, Ecuador y Rep\u00fablica Dominicana, ha sido nominado dos veces al Latin Grammy, fue ganador del premio Afrocolombiano del A\u00f1o del diario El Espectador en 2021 y obtuvo varias nominaciones a los premios Heat del canal HTV. Su legado musical ha resistido el paso del tiempo, y su impacto contin\u00faa resonando en Colombia y m\u00e1s all\u00e1.<\/p>\n\n\n\n<p>Gracias a su gran conciencia social, Willy Garc\u00eda fund\u00f3 la escuela de formaci\u00f3n art\u00edstica y estudio de grabaci\u00f3n Yo Tengo Fe, con la que apoya a m\u00e1s de 200 j\u00f3venes artistas de Buenaventura con quienes ya ha publicado trabajos musicales.<\/p>\n\n\n\n<p>En el \u00e1mbito actual, Willy no solo celebra sus logros pasados, sino que sigue brillando con fuerza. Sus dos \u00faltimos sencillos, &#8220;Mi Amuleto&#8221; con 5 millones de visualizaciones y &#8220;Amanec\u00ed con Ganas de Ti&#8221; con 1.5 millones de visualizaciones en YouTube, son prueba de su vigencia y conexi\u00f3n con el p\u00fablico.<\/p>\n\n\n\n<p>Para conmemorar estos 30 a\u00f1os de carrera, Willy Garc\u00eda anuncia una gira nacional, que incluir\u00e1 destacadas presentaciones en Medell\u00edn (La Macarena, 16 de marzo), en Bogot\u00e1 (Movistar Arena, 6 de abril) y posteriormente en Cali, Quibd\u00f3 y Buenaventura.<\/p>\n\n\n\n<p>Este aniversario es un testimonio no solamente de su trayectoria sino tambi\u00e9n de su relevancia continua en la m\u00fasica latina. \u00danase a nosotros en la celebraci\u00f3n de la contribuci\u00f3n \u00fanica de Willy Garc\u00eda a la Salsa y la cultura musical colombiana.<\/p>\n\n\n\n<figure class=\"wp-block-embed is-type-wp-embed is-provider-taquillalive wp-block-embed-taquillalive\"><div class=\"wp-block-embed__wrapper\">\n<blockquote class=\"wp-embedded-content\" data-secret=\"6CnegeVuVc\"><a href=\"https:\/\/www.taquillalive.com\/performance-details\/\" target=\"_blank\" rel=\"noopener\">Performance Details<\/a><\/blockquote><iframe loading=\"lazy\" class=\"wp-embedded-content\" sandbox=\"allow-scripts\" security=\"restricted\" style=\"position: absolute; clip: rect(1px, 1px, 1px, 1px);\" title=\"&#8220;Performance Details&#8221; &#8212; Taquillalive\" src=\"https:\/\/www.taquillalive.com\/performance-details\/embed\/#?secret=HvH6eaZFAe#?secret=6CnegeVuVc\" data-secret=\"6CnegeVuVc\" width=\"600\" height=\"338\" frameborder=\"0\" marginwidth=\"0\" marginheight=\"0\" scrolling=\"no\"><\/iframe>\n<\/div><\/figure>\n","protected":false},"excerpt":{"rendered":"<p>Pocos artistas han dejado una huella tan profunda en la salsa colombiana como Willy Garc\u00eda, quien celebra tres d\u00e9cadas de pasi\u00f3n y admiraci\u00f3n. Nacido en Buenaventura, Willy ha marcado hitos en la m\u00fasica desde sus primeros d\u00edas con La Suprema Corte en 1989, contribuyendo a \u00e9xitos como &#8220;Escombros&#8221;, \u201cPor qu\u00e9 fallaste\u201d y \u201cQuiero quedarme en [&hellip;]<\/p>\n","protected":false},"author":1,"featured_media":266,"comment_status":"open","ping_status":"open","sticky":false,"template":"","format":"standard","meta":{"_jetpack_newsletter_access":"","_jetpack_dont_email_post_to_subs":false,"_jetpack_newsletter_tier_id":0,"_jetpack_memberships_contains_paywalled_content":false,"_jetpack_memberships_contains_paid_content":false,"footnotes":""},"categories":[6],"tags":[93,92,94,91],"class_list":{"0":"post-263","1":"post","2":"type-post","3":"status-publish","4":"format-standard","5":"has-post-thumbnail","7":"category-cultura-y-turismo","8":"tag-grupo-niche","9":"tag-salsa","10":"tag-son-de-cali","11":"tag-willy-garcia"},"jetpack_sharing_enabled":true,"jetpack_featured_media_url":"https:\/\/i0.wp.com\/colombiabuenanota.com\/wp-content\/uploads\/2023\/12\/WhatsApp-Image-2023-12-11-at-4.14.43-PM.jpeg?fit=700%2C887&ssl=1","jetpack-related-posts":[],"_links":{"self":[{"href":"https:\/\/colombiabuenanota.com\/index.php\/wp-json\/wp\/v2\/posts\/263","targetHints":{"allow":["GET"]}}],"collection":[{"href":"https:\/\/colombiabuenanota.com\/index.php\/wp-json\/wp\/v2\/posts"}],"about":[{"href":"https:\/\/colombiabuenanota.com\/index.php\/wp-json\/wp\/v2\/types\/post"}],"author":[{"embeddable":true,"href":"https:\/\/colombiabuenanota.com\/index.php\/wp-json\/wp\/v2\/users\/1"}],"replies":[{"embeddable":true,"href":"https:\/\/colombiabuenanota.com\/index.php\/wp-json\/wp\/v2\/comments?post=263"}],"version-history":[{"count":1,"href":"https:\/\/colombiabuenanota.com\/index.php\/wp-json\/wp\/v2\/posts\/263\/revisions"}],"predecessor-version":[{"id":264,"href":"https:\/\/colombiabuenanota.com\/index.php\/wp-json\/wp\/v2\/posts\/263\/revisions\/264"}],"wp:featuredmedia":[{"embeddable":true,"href":"https:\/\/colombiabuenanota.com\/index.php\/wp-json\/wp\/v2\/media\/266"}],"wp:attachment":[{"href":"https:\/\/colombiabuenanota.com\/index.php\/wp-json\/wp\/v2\/media?parent=263"}],"wp:term":[{"taxonomy":"category","embeddable":true,"href":"https:\/\/colombiabuenanota.com\/index.php\/wp-json\/wp\/v2\/categories?post=263"},{"taxonomy":"post_tag","embeddable":true,"href":"https:\/\/colombiabuenanota.com\/index.php\/wp-json\/wp\/v2\/tags?post=263"}],"curies":[{"name":"wp","href":"https:\/\/api.w.org\/{rel}","templated":true}]}}