{"id":254,"date":"2023-12-12T21:32:04","date_gmt":"2023-12-13T02:32:04","guid":{"rendered":"https:\/\/colombiabuenanota.com\/?p=254"},"modified":"2023-12-12T21:32:05","modified_gmt":"2023-12-13T02:32:05","slug":"mana-tendra-2-nuevas-fechas-de-conciertos-en-bogota","status":"publish","type":"post","link":"https:\/\/colombiabuenanota.com\/index.php\/2023\/12\/12\/mana-tendra-2-nuevas-fechas-de-conciertos-en-bogota\/","title":{"rendered":"Man\u00e1 tendr\u00e1 2 nuevas fechas de conciertos en Bogot\u00e1"},"content":{"rendered":"\n<p>En menos de un mes Man\u00e1 agota la boleter\u00eda de las dos primeras fechas para su concierto en el Movistar Arena de Bogot\u00e1 y a petici\u00f3n de su p\u00fablico, abre una tercera. Es as\u00ed, c\u00f3mo el 10 de abril, la ic\u00f3nica banda sumar\u00e1 un nuevo r\u00e9cord: la primera banda internacional latina en hacer 3 shows consecutivos en este emblem\u00e1tico escenario capitalino. Cabe resaltar que los clientes de los Bancos Aval (Bogot\u00e1, Occidente, Popular y Av Villas) y dale!, podr\u00e1n acceder a la preventa exclusiva facilit\u00e1ndoles a sus clientes el poder pagar con las tarjetas d\u00e9bito y cr\u00e9dito, y recibir beneficios exclusivos.<\/p>\n\n\n\n<p>Desde el 15 de diciembre se habilitar\u00e1n los boletos a trav\u00e9s\u00a0de la p\u00e1gina de Tu Boleta.<\/p>\n\n\n\n<p>Para las dos primeras presentaciones del 12 y 13 de abril, los boletos ya est\u00e1n agotados.<\/p>\n\n\n\n<p>Presentado y Producido por P\u00c1RAMO e ISLA PRESENTA en Colombia,<em>&nbsp;el&nbsp;<strong>M\u00c9XICO LINDO Y QUERIDO TOUR<\/strong><\/em>&nbsp;est\u00e1 actualmente terminando de recorrer EE.UU. y cerrar\u00e1 el a\u00f1o con 38 fechas&nbsp;<em>sold out,&nbsp;<\/em>donde se incluye su residencia en Los \u00c1ngeles (California), que vendi\u00f3 m\u00e1s de 240.000 entradas y agot\u00f3 16 fechas. Man\u00e1 arrancar\u00e1 el 2024 con su gira en Latinoam\u00e9rica, visitar\u00e1 Paraguay, Argentina, Chile, M\u00e9xico, Colombia, Per\u00fa, Ecuador y Guatemala y luego Espa\u00f1a.<\/p>\n\n\n\n<p>Considerado el grupo de rock en espa\u00f1ol m\u00e1s influyente del mundo y uno de los nombres latinos m\u00e1s importantes de todos los tiempos, MAN\u00c1 lleva casi 40 a\u00f1os trascendiendo generaciones con su m\u00fasica, tal y como demuestra una vez m\u00e1s con&nbsp;<strong><em>M\u00c9XICO LINDO Y QUERIDO TOUR<\/em><\/strong><em>.&nbsp;<\/em>Un reencuentro con la fuerza y la magia de sus directos y con sus temas m\u00e1s ic\u00f3nicos y populares, como&nbsp;<strong><em>Oye mi amor, Rayando el sol, Clavado en un bar, En el muelle de San Blas, Amor clandestino, Mariposa traicionera, Vivir sin aire o Labios compartidos<\/em><\/strong>, entre muchos otros.<\/p>\n\n\n\n<p>Actualmente promociona su m\u00e1s reciente sencillo Amor Clandestino junto a Eden Mu\u0144oz.<\/p>\n\n\n\n<p><em>\u201cEn #ExperienciasAval nos hace felices apoyar el regres\u00f3 al pa\u00eds de la reconocida agrupaci\u00f3n mexicana Man\u00e1, con una tercera fecha para el pr\u00f3ximo a\u00f1o ya que en poco tiempo logr\u00f3 sold out de su primera y segunda fecha programada para el pr\u00f3ximo 12 y 13 de abril. Por eso, les recordamos a nuestros clientes y fans que se mueren por&nbsp;&nbsp;disfrutar su repertorio que a\u00fan tienen tiempo para acceder a la preventa exclusiva de este gran concierto\u201d<\/em>&nbsp;asegur\u00f3&nbsp;<strong>Mar\u00eda Fernanda S\u00e1nchez, Gerente de Mercadeo &amp; ESG de Grupo Aval.<\/strong><\/p>\n\n\n\n<p>La preventa exclusiva para clientes de los Bancos Aval (Bogot\u00e1, Occidente, Popular y Av Villas) y dale! comenzar\u00e1 el 13 de diciembre a las 9:00 am y se extender\u00e1 hasta el 15 de diciembre a las 8:59 am. a trav\u00e9s de TuBoleta.<\/p>\n","protected":false},"excerpt":{"rendered":"<p>En menos de un mes Man\u00e1 agota la boleter\u00eda de las dos primeras fechas para su concierto en el Movistar Arena de Bogot\u00e1 y a petici\u00f3n de su p\u00fablico, abre una tercera. Es as\u00ed, c\u00f3mo el 10 de abril, la ic\u00f3nica banda sumar\u00e1 un nuevo r\u00e9cord: la primera banda internacional latina en hacer 3 shows [&hellip;]<\/p>\n","protected":false},"author":1,"featured_media":255,"comment_status":"open","ping_status":"open","sticky":false,"template":"","format":"standard","meta":{"_jetpack_newsletter_access":"","_jetpack_dont_email_post_to_subs":false,"_jetpack_newsletter_tier_id":0,"_jetpack_memberships_contains_paywalled_content":false,"_jetpack_memberships_contains_paid_content":false,"footnotes":""},"categories":[6],"tags":[83,84,80,81,82],"class_list":{"0":"post-254","1":"post","2":"type-post","3":"status-publish","4":"format-standard","5":"has-post-thumbnail","7":"category-cultura-y-turismo","8":"tag-bogota","9":"tag-concierto","10":"tag-mana","11":"tag-movistar-arena","12":"tag-tu-boleta"},"jetpack_sharing_enabled":true,"jetpack_featured_media_url":"https:\/\/i0.wp.com\/colombiabuenanota.com\/wp-content\/uploads\/2023\/12\/Mana-tercera-fecha-Movistar-Arena.png?fit=700%2C875&ssl=1","jetpack-related-posts":[],"_links":{"self":[{"href":"https:\/\/colombiabuenanota.com\/index.php\/wp-json\/wp\/v2\/posts\/254","targetHints":{"allow":["GET"]}}],"collection":[{"href":"https:\/\/colombiabuenanota.com\/index.php\/wp-json\/wp\/v2\/posts"}],"about":[{"href":"https:\/\/colombiabuenanota.com\/index.php\/wp-json\/wp\/v2\/types\/post"}],"author":[{"embeddable":true,"href":"https:\/\/colombiabuenanota.com\/index.php\/wp-json\/wp\/v2\/users\/1"}],"replies":[{"embeddable":true,"href":"https:\/\/colombiabuenanota.com\/index.php\/wp-json\/wp\/v2\/comments?post=254"}],"version-history":[{"count":1,"href":"https:\/\/colombiabuenanota.com\/index.php\/wp-json\/wp\/v2\/posts\/254\/revisions"}],"predecessor-version":[{"id":256,"href":"https:\/\/colombiabuenanota.com\/index.php\/wp-json\/wp\/v2\/posts\/254\/revisions\/256"}],"wp:featuredmedia":[{"embeddable":true,"href":"https:\/\/colombiabuenanota.com\/index.php\/wp-json\/wp\/v2\/media\/255"}],"wp:attachment":[{"href":"https:\/\/colombiabuenanota.com\/index.php\/wp-json\/wp\/v2\/media?parent=254"}],"wp:term":[{"taxonomy":"category","embeddable":true,"href":"https:\/\/colombiabuenanota.com\/index.php\/wp-json\/wp\/v2\/categories?post=254"},{"taxonomy":"post_tag","embeddable":true,"href":"https:\/\/colombiabuenanota.com\/index.php\/wp-json\/wp\/v2\/tags?post=254"}],"curies":[{"name":"wp","href":"https:\/\/api.w.org\/{rel}","templated":true}]}}