{"id":2058,"date":"2025-11-20T16:57:53","date_gmt":"2025-11-20T21:57:53","guid":{"rendered":"https:\/\/colombiabuenanota.com\/?p=2058"},"modified":"2025-11-20T16:57:57","modified_gmt":"2025-11-20T21:57:57","slug":"salon-nacional-de-artistas","status":"publish","type":"post","link":"https:\/\/colombiabuenanota.com\/index.php\/2025\/11\/20\/salon-nacional-de-artistas\/","title":{"rendered":"El 47 Sal\u00f3n Nacional de Artistas se consolida en el Cauca"},"content":{"rendered":"\n<p>El 47 Sal\u00f3n Nacional de Artistas \u2013 <em>KAUKA, asamblea de mundos posibles<\/em> \u2013 inici\u00f3 su programaci\u00f3n en el Cauca el pasado 24 de octubre, consolid\u00e1ndose como el programa m\u00e1s importante del arte contempor\u00e1neo en Colombia y uno de los procesos culturales m\u00e1s significativos del pa\u00eds. En esta edici\u00f3n, el Sal\u00f3n se desmarca de los centros tradicionales para situarse en el suroccidente colombiano, donde se teje una conversaci\u00f3n amplia entre arte, territorio y comunidad.<\/p>\n\n\n\n<p>Lejos de ser un evento regional cerrado, esta edici\u00f3n reafirma su vocaci\u00f3n nacional e internacional al convocar a m\u00e1s de 100 participantes provenientes de Cali, Medell\u00edn, Tulu\u00e1, Barranquilla, Puerto Tejada, Puerto Colombia, Caquet\u00e1, Popay\u00e1n, Sucre, Silvia, Galeras, Pereira, Bogot\u00e1, entre otros, as\u00ed como artistas internacionales de Sud\u00e1frica, Per\u00fa, M\u00e9xico, Brasil, Guatemala, Bolivia, Argentina, Venezuela y Rep\u00fablica Dominicana, bajo una propuesta curatorial, liderada por <strong>Carolina Chac\u00f3n Bernal, Catalina Vargas Tovar, Consejo Ancestral Willka Yaku (Eyder Fabio Calamb\u00e1s-Tr\u00f3chez y Phuyu Uma Jenniffer \u00c1vila-Jord\u00e1n), Eblin Grueso Cuero y Laura Campaz Minota<\/strong>.<\/p>\n\n\n\n<p>Participan nombres y procesos como <strong>Zapanteras Negras del colectivo Edelo (M\u00e9xico), Elvira Espejo Ayca (Bolivia), Lukas Avenda\u00f1o (M\u00e9xico), Sandra Gamarra (Per\u00fa), Furia Marica, Proceso Liberaci\u00f3n Madre Tierra, Yanacroma, Fundaci\u00f3n Alto Canal de Timbiqu\u00ed, Guardia Ind\u00edgena del CRIC, Mercedes Angola, Shirlene Malambo, Popayork, Transaliades, Red de Museos Campesinos<\/strong> y muchos m\u00e1s, que representan la diversidad de pr\u00e1cticas, lenguajes y experiencias que habitan el arte contempor\u00e1neo hoy.<\/p>\n\n\n\n<p><em>\u201cEste Sal\u00f3n Nacional nace en el Cauca, pero no se queda en el Cauca. Se enra\u00edza aqu\u00ed para tejer desde el territorio di\u00e1logos con artistas y procesos de todo el pa\u00eds y del mundo. Es un sal\u00f3n que piensa lo nacional desde lo situado, que reconoce que las luchas, memorias y saberes del Cauca resuenan con las de muchos otros territorios de Colombia y del Sur Global. Es una invitaci\u00f3n a recorrer el territorio y reconocer en \u00e9l los m\u00faltiples mundos posibles que lo habitan\u201d<\/em>, afirma el <strong>Comit\u00e9 Curatorial<\/strong>.<\/p>\n\n\n\n<h2 class=\"wp-block-heading\"><strong>El Sal\u00f3n Nacional de Artistas se despliega por todo el Cauca y convoca a Colombia<\/strong><\/h2>\n\n\n\n<p>El 47SNA se desplegar\u00e1 en m\u00e1s de 15 municipios del Cauca \u2014Popay\u00e1n, Santander de Quilichao, Puerto Tejada, Wampia-Silvia, El Tuno-Pat\u00eda, Santa Mar\u00eda de Timbiqu\u00ed, Guapi, Inz\u00e1, Villa Rica, Dominguillo, entre otros\u2014 y contar\u00e1 con la participaci\u00f3n de artistxs y colectivos provenientes de diferentes regiones del pa\u00eds.<\/p>\n\n\n\n<p>A partir de este momento y hasta el 15 de diciembre el p\u00fablico podr\u00e1 <strong>disfrutar de la programaci\u00f3n art\u00edstica del 47SNA: <\/strong><a href=\"http:\/\/www.47sna.com\" target=\"_blank\" rel=\"noopener\">www.47sna.com<\/a>.&nbsp;<\/p>\n\n\n\n<h2 class=\"wp-block-heading\"><strong>Las sedes y horarios en los que el p\u00fablico podr\u00e1 visitar las exposiciones son:<\/strong><br><\/h2>\n\n\n\n<p><strong>Popay\u00e1n<\/strong><\/p>\n\n\n\n<p><strong>MAMPO &#8211; Casa Arte<\/strong><\/p>\n\n\n\n<p>Direcci\u00f3n: calle 4 #1-14, Barrio La Pamba<\/p>\n\n\n\n<p>Horario: mi\u00e9rcoles a lunes (martes cerrado), 9:00 a.m. &#8211; 5:00 p.m.<\/p>\n\n\n\n<p><strong>Casa Museo Guillermo Le\u00f3n Valencia<\/strong><\/p>\n\n\n\n<p>Direcci\u00f3n: calle 5 #9 -82, Centro hist\u00f3rico<\/p>\n\n\n\n<p>Horario: martes a domingo (lunes cerrado), 10:00 a.m. &#8211; 12:00 m. \/ 2:00 p.m. &#8211; 5:00 p.m.<\/p>\n\n\n\n<p><strong>Museo de Historia Natural de la Universidad del Cauca<\/strong><\/p>\n\n\n\n<p>Direcci\u00f3n: carrera 2 #1A-25, Centro hist\u00f3rico<\/p>\n\n\n\n<p>Horario: lunes a s\u00e1bado (domingo cerrado), 9:00 a.m. &#8211; 12:00 m. \/ 2:00 p.m. &#8211; 4:00 p.m.<\/p>\n\n\n\n<p><strong>Centro de Memoria Pante\u00f3n de los Pr\u00f3ceres<\/strong><\/p>\n\n\n\n<p>Direcci\u00f3n: carrera 7A, Centro hist\u00f3rico<\/p>\n\n\n\n<p>Horario: lunes a s\u00e1bado (domingo cerrado), 9:00 a. m. &#8211; 1:00 p.m. \/ 2:00 p.m. &#8211; 5:00 p.m.<\/p>\n\n\n\n<p><strong>\u200b\u200bCasa del Empedrado<\/strong><\/p>\n\n\n\n<p>Direcci\u00f3n: calle 8 #7-49 Centro hist\u00f3rico<\/p>\n\n\n\n<p>Horario: lunes a s\u00e1bado (domingo cerrado), 9:00 a. m. &#8211; 12:00 m. \/ 2:00 p.m. &#8211; 6:00 p.m.<\/p>\n\n\n\n<p><strong>Casa de Franz Faust&nbsp;<\/strong><\/p>\n\n\n\n<p>Direcci\u00f3n: casa del artista (solamente con inscripci\u00f3n previa)<\/p>\n\n\n\n<p>Horario: mi\u00e9rcoles y s\u00e1bados, 3:00 p.m. &#8211; 5:45 p.m.<\/p>\n\n\n\n<p><strong>Santander de Quilichao<\/strong><\/p>\n\n\n\n<p><strong>Secretar\u00eda de Educaci\u00f3n y Cultura &#8211; Sal\u00f3n de la Excelencia<\/strong><\/p>\n\n\n\n<p>Direcci\u00f3n: calle 4 #9-34<\/p>\n\n\n\n<p>Horario: mi\u00e9rcoles a lunes (martes cerrado), 9:00 a.m. &#8211; 5:00 p.m.<\/p>\n\n\n\n<p><strong>Capilla Santa B\u00e1rbara de Dominguillo<\/strong><\/p>\n\n\n\n<p>Vereda Dominguillo<\/p>\n\n\n\n<p>Horario: viernes a lunes (martes a jueves cerrado), 9:00 a.m. &#8211; 5:00 p.m.<\/p>\n\n\n\n<p><strong>Puerto Tejada<\/strong><\/p>\n\n\n\n<p><strong>Escuela Taller del Norte del Cauca<\/strong><\/p>\n\n\n\n<p>Direcci\u00f3n: carrera 18 #14-29, Barrio Las Dos Aguas<\/p>\n\n\n\n<p>Horario: lunes a s\u00e1bado (domingo cerrado), 9:00 a. m. &#8211; 1:00 p.m. \/ 2:00 p.m. &#8211; 5:00 p.m.<\/p>\n\n\n\n<p><em>*Todas las actividades son gratuitas y abiertas al p\u00fablico.<\/em><\/p>\n\n\n\n<p><em>\u201cInvitamos a todxs lxs colombianxs y al p\u00fablico internacional a ser parte de este proceso que se realizar\u00e1 hasta el pr\u00f3ximo 15 de diciembre. KAUKA no es solo para quienes viven en el Cauca, es un espacio abierto donde se tejen memorias, resistencias y futuros posibles desde este territorio, pero en di\u00e1logo permanente con el pa\u00eds y el mundo. Es un sal\u00f3n que honra lo local sin encerrarse en ello, que celebra lo comunitario sin excluir lo contempor\u00e1neo, que piensa lo nacional desde la pluralidad de sus territorios\u201d,<\/em> afirma <strong>Alejandra Sarria<\/strong>, Coordinadora del Grupo de Artes Pl\u00e1sticas y Visuales.<\/p>\n","protected":false},"excerpt":{"rendered":"<p>El 47 Sal\u00f3n Nacional de Artistas \u2013 KAUKA, asamblea de mundos posibles \u2013 inici\u00f3 su programaci\u00f3n en el Cauca el pasado 24 de octubre, consolid\u00e1ndose como el programa m\u00e1s importante del arte contempor\u00e1neo en Colombia y uno de los procesos culturales m\u00e1s significativos del pa\u00eds. En esta edici\u00f3n, el Sal\u00f3n se desmarca de los centros [&hellip;]<\/p>\n","protected":false},"author":2,"featured_media":2059,"comment_status":"open","ping_status":"open","sticky":false,"template":"","format":"standard","meta":{"_jetpack_newsletter_access":"","_jetpack_dont_email_post_to_subs":false,"_jetpack_newsletter_tier_id":0,"_jetpack_memberships_contains_paywalled_content":false,"_jetpack_memberships_contains_paid_content":false,"footnotes":""},"categories":[14],"tags":[],"class_list":{"0":"post-2058","1":"post","2":"type-post","3":"status-publish","4":"format-standard","5":"has-post-thumbnail","7":"category-ciudades-buena-nota"},"jetpack_sharing_enabled":true,"jetpack_featured_media_url":"https:\/\/i0.wp.com\/colombiabuenanota.com\/wp-content\/uploads\/2025\/11\/4.-PH-Tony-Beltran.jpg?fit=700%2C466&ssl=1","jetpack-related-posts":[],"_links":{"self":[{"href":"https:\/\/colombiabuenanota.com\/index.php\/wp-json\/wp\/v2\/posts\/2058","targetHints":{"allow":["GET"]}}],"collection":[{"href":"https:\/\/colombiabuenanota.com\/index.php\/wp-json\/wp\/v2\/posts"}],"about":[{"href":"https:\/\/colombiabuenanota.com\/index.php\/wp-json\/wp\/v2\/types\/post"}],"author":[{"embeddable":true,"href":"https:\/\/colombiabuenanota.com\/index.php\/wp-json\/wp\/v2\/users\/2"}],"replies":[{"embeddable":true,"href":"https:\/\/colombiabuenanota.com\/index.php\/wp-json\/wp\/v2\/comments?post=2058"}],"version-history":[{"count":1,"href":"https:\/\/colombiabuenanota.com\/index.php\/wp-json\/wp\/v2\/posts\/2058\/revisions"}],"predecessor-version":[{"id":2060,"href":"https:\/\/colombiabuenanota.com\/index.php\/wp-json\/wp\/v2\/posts\/2058\/revisions\/2060"}],"wp:featuredmedia":[{"embeddable":true,"href":"https:\/\/colombiabuenanota.com\/index.php\/wp-json\/wp\/v2\/media\/2059"}],"wp:attachment":[{"href":"https:\/\/colombiabuenanota.com\/index.php\/wp-json\/wp\/v2\/media?parent=2058"}],"wp:term":[{"taxonomy":"category","embeddable":true,"href":"https:\/\/colombiabuenanota.com\/index.php\/wp-json\/wp\/v2\/categories?post=2058"},{"taxonomy":"post_tag","embeddable":true,"href":"https:\/\/colombiabuenanota.com\/index.php\/wp-json\/wp\/v2\/tags?post=2058"}],"curies":[{"name":"wp","href":"https:\/\/api.w.org\/{rel}","templated":true}]}}