{"id":2055,"date":"2025-11-19T07:18:50","date_gmt":"2025-11-19T12:18:50","guid":{"rendered":"https:\/\/colombiabuenanota.com\/?p=2055"},"modified":"2025-11-19T07:18:53","modified_gmt":"2025-11-19T12:18:53","slug":"colombia-diabetes","status":"publish","type":"post","link":"https:\/\/colombiabuenanota.com\/index.php\/2025\/11\/19\/colombia-diabetes\/","title":{"rendered":"En Colombia, 3 millones de adultos viven con diabetes"},"content":{"rendered":"\n<p>En el marco del mes Mundial de la Diabetes, especialistas de Am\u00e9rica Latina hacen un llamado a fortalecer el diagn\u00f3stico oportuno y a derribar los mitos que rodean esta enfermedad, con el fin de garantizar que las personas reciban la atenci\u00f3n m\u00e9dica que necesitan y accedan a un tratamiento adecuado. Actualmente se estima que 112 millones de adultos \u2014de 18 a\u00f1os o m\u00e1s\u2014 viven con diabetes en la regi\u00f3n.<\/p>\n\n\n\n<p>La Maestra Ana L\u00eda Garc\u00eda, directora general de la Fundaci\u00f3n Instituto Mexicano del Seguro Social (IMSS), la Doctora Gabriela Rovira, vicepresidente de la Sociedad Argentina de Diabetes, la Doctora Liliana Orozco, gerente, directora cient\u00edfica y cofundadora de Yo Tambi\u00e9n Vivo con Diabetes y la Doctora Liliana Silva G\u00f3mez, directora m\u00e9dica del \u00e1rea cardiometab\u00f3lica para LATAM en Sanofi, aseguraron durante una rueda de prensa que la prevalencia de la enfermedad en la regi\u00f3n se ha triplicado desde 1990, convirti\u00e9ndose en uno de los principales desaf\u00edos de salud p\u00fablica.<\/p>\n\n\n\n<p>\u201cHoy Latinoam\u00e9rica enfrenta una doble urgencia: prevenir nuevos casos mediante pol\u00edticas de salud p\u00fablica y asegurar que las personas con diabetes reciban diagn\u00f3stico oportuno y tratamiento adecuado. Existen m\u00faltiples mitos alrededor del padecimiento que retan el acercamiento y tratamiento de los pacientes Necesitamos derribar estas ideas con la difusi\u00f3n de informaci\u00f3n basada en evidencia y la capacitaci\u00f3n m\u00e9dica continua\u201d, afirm\u00f3 la Dra. Liliana Silva G\u00f3mez.<\/p>\n\n\n\n<p>La diabetes es una enfermedad metab\u00f3lica cr\u00f3nica caracterizada por niveles elevados de az\u00facar en sangre y es una de las principales causas de ceguera, insuficiencia renal, ataques card\u00edacos, accidentes cerebrovasculares y p\u00e9rdida de miembros inferiores1 Adem\u00e1s, es la tercera causa principal de p\u00e9rdida de a\u00f1os de vida por muerte prematura, con un estimado de ocho millones de a\u00f1os perdidos. <\/p>\n\n\n\n<p>Asimismo, los factores de riesgo para la diabetes tipo 2 est\u00e1n presentes en ni\u00f1os y adolescentes de LATAM: 16% y 19% de ni\u00f1os tiene obesidad, mientras que 81 % de los adolescentes practica actividad f\u00edsica insuficiente. Un factor clave para lograr un mejor control de la diabetes es la adherencia al tratamiento prescrito por el m\u00e9dico. Las opciones terap\u00e9uticas actuales incluyen desde diversos medicamentos orales hasta terapias inyectables como la insulina, que permiten un manejo personalizado seg\u00fan las necesidades de cada paciente. La continuidad en el tratamiento, junto con el seguimiento m\u00e9dico regular, as\u00ed como mantener un estilo de vida saludable, son elementos fundamentales para prevenir complicaciones y mantener una calidad de vida \u00f3ptima.<\/p>\n\n\n\n<p>Por su parte, en Colombia se estima que 3 millones de adultos viven con diabetes; adicionalmente, se calcula que la proporci\u00f3n de pacientes sin diagnosticar asciende a 16%. De igual forma, la mayor\u00eda de las personas en este grupo residen en las regiones Central (27,35%) y Caribe (20,42%). La mayor\u00eda de los casos presentaban diabetes tipo 2 (75,85%).<\/p>\n\n\n\n<p>Ante este panorama, la Doctora Liliana Silva G\u00f3mez asegur\u00f3 que la enfermedad puede ser tratada y sus consecuencias pueden prevenirse o retrasarse mediante un plan de alimentaci\u00f3n saludable, actividad f\u00edsica regular, tratamiento m\u00e9dico adecuado y monitoreo cl\u00ednico constante.<\/p>\n\n\n\n<p>Finalmente, las expertas reafirmaron que la investigaci\u00f3n, la capacitaci\u00f3n m\u00e9dica continua, la innovaci\u00f3n terap\u00e9utica y la colaboraci\u00f3n p\u00fablica y privada entre los sistemas de salud de la regi\u00f3n es el camino para ampliar el acceso a tratamientos, mejorar la calidad de vida de las personas que viven con diabetes y detener el aumento de la enfermedad.<\/p>\n","protected":false},"excerpt":{"rendered":"<p>En el marco del mes Mundial de la Diabetes, especialistas de Am\u00e9rica Latina hacen un llamado a fortalecer el diagn\u00f3stico oportuno y a derribar los mitos que rodean esta enfermedad, con el fin de garantizar que las personas reciban la atenci\u00f3n m\u00e9dica que necesitan y accedan a un tratamiento adecuado. Actualmente se estima que 112 [&hellip;]<\/p>\n","protected":false},"author":2,"featured_media":2056,"comment_status":"open","ping_status":"open","sticky":false,"template":"","format":"standard","meta":{"_jetpack_newsletter_access":"","_jetpack_dont_email_post_to_subs":false,"_jetpack_newsletter_tier_id":0,"_jetpack_memberships_contains_paywalled_content":false,"_jetpack_memberships_contains_paid_content":false,"footnotes":""},"categories":[12],"tags":[],"class_list":{"0":"post-2055","1":"post","2":"type-post","3":"status-publish","4":"format-standard","5":"has-post-thumbnail","7":"category-salud"},"jetpack_sharing_enabled":true,"jetpack_featured_media_url":"https:\/\/i0.wp.com\/colombiabuenanota.com\/wp-content\/uploads\/2025\/11\/mujer-diabetica-de-alto-angulo-comprobando-su-nivel-de-glucosa.jpg?fit=700%2C466&ssl=1","jetpack-related-posts":[],"_links":{"self":[{"href":"https:\/\/colombiabuenanota.com\/index.php\/wp-json\/wp\/v2\/posts\/2055","targetHints":{"allow":["GET"]}}],"collection":[{"href":"https:\/\/colombiabuenanota.com\/index.php\/wp-json\/wp\/v2\/posts"}],"about":[{"href":"https:\/\/colombiabuenanota.com\/index.php\/wp-json\/wp\/v2\/types\/post"}],"author":[{"embeddable":true,"href":"https:\/\/colombiabuenanota.com\/index.php\/wp-json\/wp\/v2\/users\/2"}],"replies":[{"embeddable":true,"href":"https:\/\/colombiabuenanota.com\/index.php\/wp-json\/wp\/v2\/comments?post=2055"}],"version-history":[{"count":1,"href":"https:\/\/colombiabuenanota.com\/index.php\/wp-json\/wp\/v2\/posts\/2055\/revisions"}],"predecessor-version":[{"id":2057,"href":"https:\/\/colombiabuenanota.com\/index.php\/wp-json\/wp\/v2\/posts\/2055\/revisions\/2057"}],"wp:featuredmedia":[{"embeddable":true,"href":"https:\/\/colombiabuenanota.com\/index.php\/wp-json\/wp\/v2\/media\/2056"}],"wp:attachment":[{"href":"https:\/\/colombiabuenanota.com\/index.php\/wp-json\/wp\/v2\/media?parent=2055"}],"wp:term":[{"taxonomy":"category","embeddable":true,"href":"https:\/\/colombiabuenanota.com\/index.php\/wp-json\/wp\/v2\/categories?post=2055"},{"taxonomy":"post_tag","embeddable":true,"href":"https:\/\/colombiabuenanota.com\/index.php\/wp-json\/wp\/v2\/tags?post=2055"}],"curies":[{"name":"wp","href":"https:\/\/api.w.org\/{rel}","templated":true}]}}