{"id":1846,"date":"2025-08-27T20:08:59","date_gmt":"2025-08-28T01:08:59","guid":{"rendered":"https:\/\/colombiabuenanota.com\/?p=1846"},"modified":"2025-08-27T20:09:02","modified_gmt":"2025-08-28T01:09:02","slug":"smart-colombia","status":"publish","type":"post","link":"https:\/\/colombiabuenanota.com\/index.php\/2025\/08\/27\/smart-colombia\/","title":{"rendered":"smart ya es una realidad en la movilidad de Colombia"},"content":{"rendered":"\n<p><em>\u201cCuando todo parece haber sido inventado, es momento de abrir la mente<\/em>\u201d<strong>,<\/strong> asegur\u00f3 Catalina G\u00f3mez, directora de marketing y desarrollo de red para smart y Mercedes-Benz Colombia, con esta filosof\u00eda smart inicia oficialmente su operaci\u00f3n comercial en Colombia. Con ello, el pa\u00eds suma una nueva propuesta al segmento de movilidad el\u00e9ctrica, caracterizada por su enfoque urbano, tecnol\u00f3gico y sostenible<\/p>\n\n\n\n<p>Compactos, tecnol\u00f3gicos, eficientes y con un dise\u00f1o que rompe con lo convencional, los nuevos modelos 100\u202f% el\u00e9ctricos smart #1 y smart #3 que llegaron a Colombia, estar\u00e1n disponibles en la red de concesionarios de Mercedes-Benz en Bogot\u00e1, Medell\u00edn y Cali.<\/p>\n\n\n\n<p><em>\u201cLa llegada de smart a Colombia no es solo la introducci\u00f3n de una nueva marca: es un paso decisivo en la transformaci\u00f3n hacia una movilidad m\u00e1s inteligente. Colombia es uno de los actores m\u00e1s relevantes en la industria automotriz de Am\u00e9rica Latina, ya que registra ventas superiores a las 200.000 unidades al a\u00f1o y evidencia una recuperaci\u00f3n sostenida, especialmente en el segmento el\u00e9ctrico. Este lanzamiento representa un hito estrat\u00e9gico que refuerza nuestra visi\u00f3n de futuro, en la que movilidad y sostenibilidad van de la mano<\/em>\u201d, asegur\u00f3 Mario Fernando Correa, gerente general de Inchcape smart y Mercedes-Benz en Colombia.<\/p>\n\n\n\n<p>Inicialmente, smart llega a Colombia con dos modelos completamente el\u00e9ctricos: smart #1 y smart #3. Aunque los dos parten de la premisa de dise\u00f1o inteligente y tecnolog\u00eda avanzada, cada uno ofrece caracter\u00edsticas y equipamientos distintos. Dise\u00f1ados por Mercedes-Benz sobre una plataforma dedicada exclusivamente a veh\u00edculos el\u00e9ctricos.<\/p>\n\n\n\n<p>El smart #1 combina agilidad y dise\u00f1o minimalista con hasta 420\u202fkm de autonom\u00eda. Su interior tiene una pantalla 12,8 pulgadas, un sistema operativo propio, comandos por voz y conexi\u00f3n total. Presenta tres versiones: Pure, PRO+ y BRABUS; esta \u00faltima logra un upgrade en el dise\u00f1o, hacia lo deportivo, con una configuraci\u00f3n de tracci\u00f3n total y hasta 422 caballos de potencia.<\/p>\n\n\n\n<p>Por su parte, el smart #3 tambi\u00e9n est\u00e1 disponible en tres versiones: Pro, Pro+ y la deportiva BRABUS, que ofrece mayor equipamiento; con hasta 435\u202fkm de autonom\u00eda y aceleraci\u00f3n de 0 a 100\u202fkm\/h en apenas 3,7 segundos.<\/p>\n\n\n\n<p>Los dos modelos, est\u00e1n equipados con el sistema smart Pilot Assist, m\u00faltiples modos de manejo y tecnolog\u00eda de conectividad que hacen m\u00e1s simple y segura la experiencia para el conductor. Dentro de sus caracter\u00edsticas m\u00e1s importantes, se encuentra el control de crucero adaptativo, permitiendo al veh\u00edculo mantener una velocidad y una distancia preestablecida con relaci\u00f3n al veh\u00edculo que lo precede. Adem\u00e1s, el sistema cuenta con reconocimiento de se\u00f1ales de tr\u00e1fico, funci\u00f3n que muy pocas marcas tienen actualmente en el mercado.<\/p>\n\n\n\n<p>En t\u00e9rminos de seguridad, todas las versiones de la marca incluyen siete airbags y adem\u00e1s obtuvieron una puntuaci\u00f3n de 5 estrellas en las pruebas de seguridad Euro NCAP y C-NCAP.<\/p>\n\n\n\n<p>smart se define a trav\u00e9s de tres caracter\u00edsticas fundamentales que hacen de esta una marca completamente diferente: dise\u00f1o sofisticado, tecnolog\u00eda con prop\u00f3sito y confort sin igual, invitando a los colombianos a romper paradigmas y adoptar una nueva forma de movilidad m\u00e1s limpia, funcional y coherente con los estilos de vida actuales.<\/p>\n\n\n\n<p>En el 2024, smart fue premiado con cuatro reconocimientos importantes, entre ellos el Red Dot Award: Product Design 2024 y el iF Design Award 2024, entregados al #3 por su dise\u00f1o. simult\u00e1neamente, el #1 fue reconocido como el mejor SUV el\u00e9ctrico peque\u00f1o de 2024, en los What Car? Awards.<\/p>\n\n\n\n<h2 class=\"wp-block-heading\">Smart: Un origen que rompi\u00f3 esquemas<\/h2>\n\n\n\n<p>smart, la ic\u00f3nica marca que naci\u00f3 en la d\u00e9cada de los 90 como una alianza visionaria entre Mercedes-Benz y el creador de los relojes Swatch, naci\u00f3 con la intenci\u00f3n de replantear por completo la movilidad urbana. Desde su creaci\u00f3n, la marca ha combinado lo mejor de la ingenier\u00eda alemana con una visi\u00f3n de dise\u00f1o audaz e inesperada.<\/p>\n\n\n\n<p>El nombre smart nace de la uni\u00f3n entre Swatch, Mercedes-Benz y la palabra \u201cart\u201d (arte), una combinaci\u00f3n de ingenier\u00eda, dise\u00f1o y actitud que dio como resultado un concepto revolucionario: un auto compacto, funcional y est\u00e9ticamente disruptivo, respondiendo a las din\u00e1micas de las ciudades modernas.<\/p>\n\n\n\n<p>El primer modelo fue el smart \u2018fortwo\u2019, un compacto f\u00e1cil de parquear que cautiv\u00f3 a quienes quer\u00edan una soluci\u00f3n f\u00e1cil para moverse en la ciudad. Hoy, bajo la alianza entre Mercedes-Benz y el grupo Geely, mantiene su esencia urbana y su apuesta por la innovaci\u00f3n; la marca contin\u00faa desarrollando soluciones de movilidad urbana conectadas, sostenibles y alineadas con un estilo de vida moderno, inteligente y consciente.<\/p>\n\n\n\n<p>Con este lanzamiento, Inchcape reafirma su liderazgo en el segmento de veh\u00edculos el\u00e9ctricos en Am\u00e9rica Latina \u2014donde ya posee una participaci\u00f3n del 17\u202f%\u2014 y, fortalece su estrategia de ofrecer soluciones de movilidad que respondan a las demandas de sostenibilidad e innovaci\u00f3n del mercado colombiano.<\/p>\n","protected":false},"excerpt":{"rendered":"<p>\u201cCuando todo parece haber sido inventado, es momento de abrir la mente\u201d, asegur\u00f3 Catalina G\u00f3mez, directora de marketing y desarrollo de red para smart y Mercedes-Benz Colombia, con esta filosof\u00eda smart inicia oficialmente su operaci\u00f3n comercial en Colombia. Con ello, el pa\u00eds suma una nueva propuesta al segmento de movilidad el\u00e9ctrica, caracterizada por su enfoque [&hellip;]<\/p>\n","protected":false},"author":2,"featured_media":1847,"comment_status":"open","ping_status":"open","sticky":false,"template":"","format":"standard","meta":{"_jetpack_newsletter_access":"","_jetpack_dont_email_post_to_subs":false,"_jetpack_newsletter_tier_id":0,"_jetpack_memberships_contains_paywalled_content":false,"_jetpack_memberships_contains_paid_content":false,"footnotes":""},"categories":[9],"tags":[],"class_list":{"0":"post-1846","1":"post","2":"type-post","3":"status-publish","4":"format-standard","5":"has-post-thumbnail","7":"category-economia"},"jetpack_sharing_enabled":true,"jetpack_featured_media_url":"https:\/\/i0.wp.com\/colombiabuenanota.com\/wp-content\/uploads\/2025\/08\/smart.jpg?fit=700%2C481&ssl=1","jetpack-related-posts":[],"_links":{"self":[{"href":"https:\/\/colombiabuenanota.com\/index.php\/wp-json\/wp\/v2\/posts\/1846","targetHints":{"allow":["GET"]}}],"collection":[{"href":"https:\/\/colombiabuenanota.com\/index.php\/wp-json\/wp\/v2\/posts"}],"about":[{"href":"https:\/\/colombiabuenanota.com\/index.php\/wp-json\/wp\/v2\/types\/post"}],"author":[{"embeddable":true,"href":"https:\/\/colombiabuenanota.com\/index.php\/wp-json\/wp\/v2\/users\/2"}],"replies":[{"embeddable":true,"href":"https:\/\/colombiabuenanota.com\/index.php\/wp-json\/wp\/v2\/comments?post=1846"}],"version-history":[{"count":1,"href":"https:\/\/colombiabuenanota.com\/index.php\/wp-json\/wp\/v2\/posts\/1846\/revisions"}],"predecessor-version":[{"id":1848,"href":"https:\/\/colombiabuenanota.com\/index.php\/wp-json\/wp\/v2\/posts\/1846\/revisions\/1848"}],"wp:featuredmedia":[{"embeddable":true,"href":"https:\/\/colombiabuenanota.com\/index.php\/wp-json\/wp\/v2\/media\/1847"}],"wp:attachment":[{"href":"https:\/\/colombiabuenanota.com\/index.php\/wp-json\/wp\/v2\/media?parent=1846"}],"wp:term":[{"taxonomy":"category","embeddable":true,"href":"https:\/\/colombiabuenanota.com\/index.php\/wp-json\/wp\/v2\/categories?post=1846"},{"taxonomy":"post_tag","embeddable":true,"href":"https:\/\/colombiabuenanota.com\/index.php\/wp-json\/wp\/v2\/tags?post=1846"}],"curies":[{"name":"wp","href":"https:\/\/api.w.org\/{rel}","templated":true}]}}