{"id":1837,"date":"2025-08-27T16:58:37","date_gmt":"2025-08-27T21:58:37","guid":{"rendered":"https:\/\/colombiabuenanota.com\/?p=1837"},"modified":"2025-08-27T16:58:40","modified_gmt":"2025-08-27T21:58:40","slug":"nacimientos-multiples","status":"publish","type":"post","link":"https:\/\/colombiabuenanota.com\/index.php\/2025\/08\/27\/nacimientos-multiples\/","title":{"rendered":"En Colombia, 7 de cada 10 nacimientos m\u00faltiples son prematuros"},"content":{"rendered":"\n<p>En Colombia, el 1,73% de los nacimientos son m\u00faltiples y 1 de cada 9 es prematuro, lo que significa que miles de beb\u00e9s cada a\u00f1o comienzan su vida con un sistema inmune m\u00e1s vulnerable. La situaci\u00f3n es a\u00fan m\u00e1s cr\u00edtica en los nacimientos m\u00faltiples: 7 de cada 10 ocurren de forma prematura, aumentando el riesgo de hospitalizaciones y complicaciones graves.<\/p>\n\n\n\n<p>En el Valle del Cauca, esta realidad tiene un impacto significativo. En 2023, se registraron 690 nacimientos m\u00faltiples en el departamento, de los cuales 339 ocurrieron en Cali, ciudad que ocupa el cuarto lugar a nivel nacional en este tipo de nacimientos. Pese a esta alta incidencia, la cobertura de vacunaci\u00f3n en prematuros presenta brechas que dejan a muchos sin la protecci\u00f3n que necesitan para prevenir enfermedades.<\/p>\n\n\n\n<p>\u201cLa fecha de nacimiento no deber\u00eda decidir qui\u00e9n vive protegido y qui\u00e9n no. Todos los beb\u00e9s prematuros, sin importar su grado de prematuridad, necesitan recibir sus vacunas en el tiempo indicado\u201d, se\u00f1ala Juan Pablo Bernal, gerente de la Liga de los M\u00faltiples.<\/p>\n\n\n\n<p>Para visibilizar esta situaci\u00f3n, la Liga de los M\u00faltiples viene organizando en todo el pa\u00eds la serie de conversatorios \u201cMultiplicando voces: la ruta nacional de las familias m\u00faltiples\u201d, con el objetivo de abordar las barreras que enfrentan y generar consensos que permitan garantizar esquemas completos de vacunaci\u00f3n para todos los prematuros, sin excepciones.<\/p>\n\n\n\n<p>\u201cLa vacunaci\u00f3n en prematuros no es un lujo, es una urgencia. Cada semana que pasa sin protegerlos es una oportunidad perdida para salvar vidas\u201d, advierte Bernal.<\/p>\n\n\n\n<p>La pr\u00f3xima mesa de trabajo, que se realizar\u00e1 el 29 de agosto en Cali, reunir\u00e1 a expertos regionales y nacionales para definir estrategias que aseguren una cobertura inclusiva y oportuna, evitando que cualquier beb\u00e9 prematuro del Valle del Cauca o del resto del pa\u00eds quede desprotegido.<\/p>\n","protected":false},"excerpt":{"rendered":"<p>En Colombia, el 1,73% de los nacimientos son m\u00faltiples y 1 de cada 9 es prematuro, lo que significa que miles de beb\u00e9s cada a\u00f1o comienzan su vida con un sistema inmune m\u00e1s vulnerable. La situaci\u00f3n es a\u00fan m\u00e1s cr\u00edtica en los nacimientos m\u00faltiples: 7 de cada 10 ocurren de forma prematura, aumentando el riesgo [&hellip;]<\/p>\n","protected":false},"author":2,"featured_media":1838,"comment_status":"open","ping_status":"open","sticky":false,"template":"","format":"standard","meta":{"_jetpack_newsletter_access":"","_jetpack_dont_email_post_to_subs":false,"_jetpack_newsletter_tier_id":0,"_jetpack_memberships_contains_paywalled_content":false,"_jetpack_memberships_contains_paid_content":false,"footnotes":""},"categories":[12],"tags":[],"class_list":{"0":"post-1837","1":"post","2":"type-post","3":"status-publish","4":"format-standard","5":"has-post-thumbnail","7":"category-salud"},"jetpack_sharing_enabled":true,"jetpack_featured_media_url":"https:\/\/i0.wp.com\/colombiabuenanota.com\/wp-content\/uploads\/2025\/08\/Imagen-de-WhatsApp-2025-08-25-a-las-15.38.50_6af6fe79.jpg?fit=700%2C466&ssl=1","jetpack-related-posts":[],"_links":{"self":[{"href":"https:\/\/colombiabuenanota.com\/index.php\/wp-json\/wp\/v2\/posts\/1837","targetHints":{"allow":["GET"]}}],"collection":[{"href":"https:\/\/colombiabuenanota.com\/index.php\/wp-json\/wp\/v2\/posts"}],"about":[{"href":"https:\/\/colombiabuenanota.com\/index.php\/wp-json\/wp\/v2\/types\/post"}],"author":[{"embeddable":true,"href":"https:\/\/colombiabuenanota.com\/index.php\/wp-json\/wp\/v2\/users\/2"}],"replies":[{"embeddable":true,"href":"https:\/\/colombiabuenanota.com\/index.php\/wp-json\/wp\/v2\/comments?post=1837"}],"version-history":[{"count":1,"href":"https:\/\/colombiabuenanota.com\/index.php\/wp-json\/wp\/v2\/posts\/1837\/revisions"}],"predecessor-version":[{"id":1839,"href":"https:\/\/colombiabuenanota.com\/index.php\/wp-json\/wp\/v2\/posts\/1837\/revisions\/1839"}],"wp:featuredmedia":[{"embeddable":true,"href":"https:\/\/colombiabuenanota.com\/index.php\/wp-json\/wp\/v2\/media\/1838"}],"wp:attachment":[{"href":"https:\/\/colombiabuenanota.com\/index.php\/wp-json\/wp\/v2\/media?parent=1837"}],"wp:term":[{"taxonomy":"category","embeddable":true,"href":"https:\/\/colombiabuenanota.com\/index.php\/wp-json\/wp\/v2\/categories?post=1837"},{"taxonomy":"post_tag","embeddable":true,"href":"https:\/\/colombiabuenanota.com\/index.php\/wp-json\/wp\/v2\/tags?post=1837"}],"curies":[{"name":"wp","href":"https:\/\/api.w.org\/{rel}","templated":true}]}}