{"id":1688,"date":"2025-05-31T11:00:00","date_gmt":"2025-05-31T16:00:00","guid":{"rendered":"https:\/\/colombiabuenanota.com\/?p=1688"},"modified":"2025-05-28T19:54:42","modified_gmt":"2025-05-29T00:54:42","slug":"luis-salido-no-pude","status":"publish","type":"post","link":"https:\/\/colombiabuenanota.com\/index.php\/2025\/05\/31\/luis-salido-no-pude\/","title":{"rendered":"Luis Salido lanza su Single &#8216;No pude&#8217;"},"content":{"rendered":"\n<p>El artista cordob\u00e9s&nbsp;<strong>Luis Salido&nbsp;<\/strong>contin\u00faa consolidando su carrera en el panorama musical. Apenas han pasado dos a\u00f1os desde que debut\u00f3 con su primer sencillo,&nbsp;<em>Madrid<\/em>, una emotiva balada pop. En este 2025, da un paso m\u00e1s all\u00e1 con el lanzamiento de su proyecto m\u00e1s ambicioso hasta la fecha: un EP que promete no dejar indiferente a nadie.<\/p>\n\n\n\n<p>El primer adelanto de este nuevo trabajo se titula&nbsp;<strong>&#8220;No pude&#8221;<\/strong>, y estar\u00e1 disponible en todas las plataformas digitales a partir del&nbsp;<strong>23 de mayo de 2025<\/strong>. Con este tema, Luis Salido rompe con el estilo de sus lanzamientos anteriores y apuesta por un en\u00e9rgico&nbsp;<strong>pop-rock<\/strong>&nbsp;que invita a bailar desde la primera nota. El propio artista confiesa sentirse \u201cm\u00e1s c\u00f3modo y con m\u00e1s ganas a la hora de interpretarla\u201d, deseando comprobar c\u00f3mo sonar\u00e1 en sus pr\u00f3ximos conciertos en directo.<\/p>\n\n\n\n<p>Luis Salido no solo interpreta, sino que tambi\u00e9n firma la composici\u00f3n y producci\u00f3n del tema, en colaboraci\u00f3n con dos reconocidos nombres del panorama musical: el cantautor y productor colombiano&nbsp;<strong>Rob Su\u00e1rez<\/strong>, y&nbsp;<strong>Mariana Hern\u00e1ndez (EMEH 97)<\/strong>, tambi\u00e9n colombiana y residente en Bogot\u00e1. &#8220;Son las personas adecuadas para dar un cambio y con las que trabajo muy a gusto&#8221;, afirma Luis. La complicidad entre los tres se refleja en una canci\u00f3n vibrante, que narra una historia de desamor con la que \u201ccualquiera puede sentirse identificado\u201d.<\/p>\n\n\n\n<p><em>&#8220;No pude&#8221;<\/em>&nbsp;es fruto de una colaboraci\u00f3n internacional con sello latino. La producci\u00f3n del tema se llev\u00f3 a cabo entre&nbsp;<strong>Estados Unidos, Espa\u00f1a y Colombia<\/strong>: la voz fue grabada en&nbsp;<strong>Madrid<\/strong>, donde reside actualmente Luis; la producci\u00f3n musical se desarroll\u00f3 en&nbsp;<strong>Bogot\u00e1<\/strong>, ciudad donde viven y trabajan Rob y Mariana; y la producci\u00f3n ejecutiva estuvo a cargo de los puertorrique\u00f1os&nbsp;<strong>Mar\u00eda Luna<\/strong>&nbsp;y&nbsp;<strong>Josu\u00e9 Ricardo Rivas<\/strong>, radicados en&nbsp;<strong>Estados Unidos<\/strong>. Un trabajo a tres bandas que refleja la riqueza de influencias que nutren el sonido de este nuevo EP.<\/p>\n\n\n\n<h2 class=\"wp-block-heading\"><strong>Luis Salido:<\/strong> <strong>Una vida con banda sonora<\/strong><\/h2>\n\n\n\n<p>La relaci\u00f3n de Luis Salido con la m\u00fasica comenz\u00f3 desde muy peque\u00f1o. A los&nbsp;<strong>3 a\u00f1os<\/strong>&nbsp;ya tocaba la bater\u00eda; a los&nbsp;<strong>12<\/strong>, la guitarra; y a los&nbsp;<strong>14<\/strong>&nbsp;compon\u00eda sus primeras canciones. Con solo&nbsp;<strong>20 a\u00f1os<\/strong>, se mud\u00f3 a Madrid con un objetivo claro: apostar por su carrera art\u00edstica. El resultado no tard\u00f3 en llegar. Su primer tema,&nbsp;<em>Madrid<\/em>, fue una carta de amor a la ciudad que le abri\u00f3 las puertas. Le siguieron&nbsp;<em>Amor a primera risa<\/em>&nbsp;y, m\u00e1s recientemente,&nbsp;<em>Qu\u00e9date<\/em>, un tema que ya es considerado uno de sus mayores \u00e9xitos.<\/p>\n\n\n\n<p>Con&nbsp;<strong>&#8220;No pude&#8221;<\/strong>, Luis Salido inaugura una&nbsp;<strong>nueva etapa musical<\/strong>&nbsp;en la que explora sonidos latinos y pop, sentando las bases de lo que ser\u00e1 su primer EP: una colecci\u00f3n de canciones personales, bailables y con mucho coraz\u00f3n.<\/p>\n\n\n\n<h2 class=\"wp-block-heading\"><strong>De actuar en la vida a hacerse viral<\/strong><\/h2>\n\n\n\n<p>Las redes sociales han sido testigo del crecimiento de Luis Salido. Uno de los momentos m\u00e1s virales de su carrera ocurri\u00f3 en plena\u00a0<strong>Gran V\u00eda de Madrid<\/strong>, cuando\u00a0<strong>Fito Cabrales<\/strong>\u00a0se uni\u00f3 espont\u00e1neamente a su actuaci\u00f3n callejera para cantar juntos\u00a0<em>Soldadito marinero<\/em>. El v\u00eddeo dio la vuelta al mundo con millones de reproducciones, colocando a Luis en el foco medi\u00e1tico y confirm\u00e1ndole que estaba en el camino correcto.Tanto impact\u00f3 este suceso que est\u00e1 patentado en el libro en vi\u00f1etas de Fito Cabrales:\u00a0<em>Fito. Y por supuesto,la luna\u00a0<\/em>(2023).\u00a0<\/p>\n\n\n\n<h2 class=\"wp-block-heading\"><strong>Conoce a Luis Salido<\/strong><\/h2>\n\n\n\n<p><strong>Luis Salido<\/strong>, de&nbsp;<strong>24 a\u00f1os<\/strong>, es cantante, compositor y m\u00fasico nacido en C\u00f3rdoba, con una proyecci\u00f3n art\u00edstica en constante ascenso. Desde muy joven se ha dedicado a la m\u00fasica, comenzando con la bater\u00eda y evolucionando hacia la guitarra, el canto y la composici\u00f3n. A los&nbsp;<strong>19 a\u00f1os<\/strong>, tom\u00f3 la decisi\u00f3n de mudarse a Madrid y comenzar a lanzar su propio repertorio.<\/p>\n\n\n\n<p>Durante estos a\u00f1os ha compartido escenario con artistas como&nbsp;<strong>Fito Cabrales<\/strong>&nbsp;y&nbsp;<strong>Andr\u00e9s Su\u00e1rez<\/strong>, y ha participado en eventos de gran relevancia, como el Especial de Nochevieja de TVE, donde actu\u00f3 junto a&nbsp;<strong>Antonio Garrido<\/strong>&nbsp;y&nbsp;<strong>Los Secretos<\/strong>. Tambi\u00e9n ha trabajado con profesionales de prestigio como&nbsp;<strong>Mariana Hern\u00e1ndez<\/strong>, productora de artistas como&nbsp;<strong>Luis Fonsi<\/strong>&nbsp;y&nbsp;<strong>Ela Taubert<\/strong>, y el reconocido cantante y compositor colombiano&nbsp;<strong>Rob Su\u00e1rez<\/strong>.<\/p>\n\n\n\n<p>Con una combinaci\u00f3n de talento, carisma y trabajo constante, Luis Salido se posiciona como una de las voces m\u00e1s prometedoras del pop en espa\u00f1ol.<\/p>\n","protected":false},"excerpt":{"rendered":"<p>El artista cordob\u00e9s&nbsp;Luis Salido&nbsp;contin\u00faa consolidando su carrera en el panorama musical. Apenas han pasado dos a\u00f1os desde que debut\u00f3 con su primer sencillo,&nbsp;Madrid, una emotiva balada pop. En este 2025, da un paso m\u00e1s all\u00e1 con el lanzamiento de su proyecto m\u00e1s ambicioso hasta la fecha: un EP que promete no dejar indiferente a nadie. [&hellip;]<\/p>\n","protected":false},"author":2,"featured_media":1689,"comment_status":"open","ping_status":"open","sticky":false,"template":"","format":"standard","meta":{"_jetpack_newsletter_access":"","_jetpack_dont_email_post_to_subs":false,"_jetpack_newsletter_tier_id":0,"_jetpack_memberships_contains_paywalled_content":false,"_jetpack_memberships_contains_paid_content":false,"footnotes":""},"categories":[6],"tags":[],"class_list":{"0":"post-1688","1":"post","2":"type-post","3":"status-publish","4":"format-standard","5":"has-post-thumbnail","7":"category-cultura-y-turismo"},"jetpack_sharing_enabled":true,"jetpack_featured_media_url":"https:\/\/i0.wp.com\/colombiabuenanota.com\/wp-content\/uploads\/2025\/05\/Foto-16-5-24-21-19-19.jpg?fit=700%2C874&ssl=1","jetpack-related-posts":[],"_links":{"self":[{"href":"https:\/\/colombiabuenanota.com\/index.php\/wp-json\/wp\/v2\/posts\/1688","targetHints":{"allow":["GET"]}}],"collection":[{"href":"https:\/\/colombiabuenanota.com\/index.php\/wp-json\/wp\/v2\/posts"}],"about":[{"href":"https:\/\/colombiabuenanota.com\/index.php\/wp-json\/wp\/v2\/types\/post"}],"author":[{"embeddable":true,"href":"https:\/\/colombiabuenanota.com\/index.php\/wp-json\/wp\/v2\/users\/2"}],"replies":[{"embeddable":true,"href":"https:\/\/colombiabuenanota.com\/index.php\/wp-json\/wp\/v2\/comments?post=1688"}],"version-history":[{"count":1,"href":"https:\/\/colombiabuenanota.com\/index.php\/wp-json\/wp\/v2\/posts\/1688\/revisions"}],"predecessor-version":[{"id":1690,"href":"https:\/\/colombiabuenanota.com\/index.php\/wp-json\/wp\/v2\/posts\/1688\/revisions\/1690"}],"wp:featuredmedia":[{"embeddable":true,"href":"https:\/\/colombiabuenanota.com\/index.php\/wp-json\/wp\/v2\/media\/1689"}],"wp:attachment":[{"href":"https:\/\/colombiabuenanota.com\/index.php\/wp-json\/wp\/v2\/media?parent=1688"}],"wp:term":[{"taxonomy":"category","embeddable":true,"href":"https:\/\/colombiabuenanota.com\/index.php\/wp-json\/wp\/v2\/categories?post=1688"},{"taxonomy":"post_tag","embeddable":true,"href":"https:\/\/colombiabuenanota.com\/index.php\/wp-json\/wp\/v2\/tags?post=1688"}],"curies":[{"name":"wp","href":"https:\/\/api.w.org\/{rel}","templated":true}]}}