{"id":1604,"date":"2025-05-12T12:15:26","date_gmt":"2025-05-12T17:15:26","guid":{"rendered":"https:\/\/colombiabuenanota.com\/?p=1604"},"modified":"2025-05-12T12:15:29","modified_gmt":"2025-05-12T17:15:29","slug":"el-muss-de-fresa-de-los-80-regresa-con-edicion-limitada","status":"publish","type":"post","link":"https:\/\/colombiabuenanota.com\/index.php\/2025\/05\/12\/el-muss-de-fresa-de-los-80-regresa-con-edicion-limitada\/","title":{"rendered":"El Muss de fresa de los 80 regresa con edici\u00f3n limitada"},"content":{"rendered":"\n<p>Despu\u00e9s de d\u00e9cadas, el ic\u00f3nico shampoo Muss Fresita, que marc\u00f3 la infancia de miles de colombianos en los a\u00f1os 80, regresa en una edici\u00f3n limitada para despertar la nostalgia de aquellos que crecieron con su inconfundible aroma a fresa y presentar a las nuevas generaciones la magia de un cl\u00e1sico.<\/p>\n\n\n\n<p>Este relanzamiento estrat\u00e9gico se produce en un momento clave para el mercado de cuidado capilar infantil en Colombia. Seg\u00fan datos de Recamier, la subl\u00ednea Muss Kids registr\u00f3 un crecimiento del 54% en 2024. Un contexto favorable para el regreso de Muss Fresita, lanzado originalmente en 1985 y que incluye ingredientes como amino\u00e1cidos de seda que permiten un cuidado especial para el cabello de los m\u00e1s peque\u00f1os.<\/p>\n\n\n\n<p>&#8220;<em>Estamos emocionados de revivir la magia de Muss Fresita, un shampoo que marc\u00f3 la infancia de muchas mam\u00e1s y que ahora regresa para crear nuevos recuerdos con sus hijos. Muss Fresita es m\u00e1s que un aroma; es un lazo intergeneracional que une corazones y llena de alegr\u00eda cada momento del ba\u00f1o. Queremos que las familias revivan esos momentos especiales y creen nuevos recuerdos con este producto que es muy importante en la historia de Muss<\/em>&#8220;, explica Paola Valderrama, Gerente de Marca de Recamier.<\/p>\n\n\n\n<p>Muss Fresita se destac\u00f3 por ser el primer shampoo con aroma a fresa en el mercado colombiano. De hecho, estudios demuestran que el estado de \u00e1nimo mejora en un 40% tras la exposici\u00f3n a olores agradables, convirtiendo el ba\u00f1o en una experiencia sensorial \u00fanica para los ni\u00f1os.<\/p>\n\n\n\n<p>Y es que para j\u00f3venes como Ang\u00e9lica Ria\u00f1o este shampoo fue fundamental en su infancia. \u201c<em>Para m\u00ed Muss Fresita lo es todo. Cuando era ni\u00f1a no me gustaba ser pelirroja, ser diferente, hasta que un d\u00eda mi mam\u00e1 lleg\u00f3 con este shampoo que ol\u00eda a fresita y ten\u00eda una mu\u00f1equita pelirroja. Eso para m\u00ed fue sentirme incluida, lo cambi\u00f3 todo. Actualmente tengo una sobrina y s\u00e9 que lo usar\u00e1 todo el tiempo<\/em>\u201d.<\/p>\n\n\n\n<h2 class=\"wp-block-heading\">Recomendaciones de Muss para cuidar el cabello de los m\u00e1s peque\u00f1os<\/h2>\n\n\n\n<p>Expertos de Muss Kids comparten consejos de cuidado capilar para proteger el cabello de ni\u00f1os y ni\u00f1as:<\/p>\n\n\n\n<ul class=\"wp-block-list\">\n<li><strong>Lavado suave: <\/strong>Opta por productos est\u00e1n formulados con ingredientes de origen natural que proporcionan una limpieza suave y efectiva, sin irritar el cuero cabelludo.<\/li>\n\n\n\n<li><strong>Desenreda delicadamente:<\/strong> Despu\u00e9s del lavado, el cabello de los ni\u00f1os puede enredarse f\u00e1cilmente, especialmente si es rizado o largo. Usa un peine de dientes anchos o un cepillo dise\u00f1ado espec\u00edficamente para ni\u00f1os, comienza a desenredar desde las puntas y avanza hacia las ra\u00edces para minimizar el tironeo y las molestias.<\/li>\n\n\n\n<li><strong>Usa accesorios como gorras o sombreros:<\/strong> La exposici\u00f3n prolongada al sol puede provocar sequedad, decoloraci\u00f3n y da\u00f1o en el cuero cabelludo. Para ello, los accesorios adem\u00e1s de ser divertidos pueden protegerlos.<\/li>\n\n\n\n<li><strong>Ritual de cuidado especial:<\/strong> Establece un ritual de cuidado del cabello que incluya suaves masajes en el cuero cabelludo. Es una excelente manera de relajarlo y hacer que se sienta tranquilo.<\/li>\n<\/ul>\n\n\n\n<p>Muss, la marca de cuidado capilar que fusiona la ciencia y la naturaleza, anunci\u00f3 que la edici\u00f3n limitada estar\u00e1 disponible a nivel nacional durante tres meses, permitiendo que todos los colombianos tengan la oportunidad de recordar o conocer por primera vez el encanto de Muss Fresita.<\/p>\n","protected":false},"excerpt":{"rendered":"<p>Despu\u00e9s de d\u00e9cadas, el ic\u00f3nico shampoo Muss Fresita, que marc\u00f3 la infancia de miles de colombianos en los a\u00f1os 80, regresa en una edici\u00f3n limitada para despertar la nostalgia de aquellos que crecieron con su inconfundible aroma a fresa y presentar a las nuevas generaciones la magia de un cl\u00e1sico. Este relanzamiento estrat\u00e9gico se produce [&hellip;]<\/p>\n","protected":false},"author":2,"featured_media":1605,"comment_status":"open","ping_status":"open","sticky":false,"template":"","format":"standard","meta":{"_jetpack_newsletter_access":"","_jetpack_dont_email_post_to_subs":false,"_jetpack_newsletter_tier_id":0,"_jetpack_memberships_contains_paywalled_content":false,"_jetpack_memberships_contains_paid_content":false,"footnotes":""},"categories":[9],"tags":[],"class_list":{"0":"post-1604","1":"post","2":"type-post","3":"status-publish","4":"format-standard","5":"has-post-thumbnail","7":"category-economia"},"jetpack_sharing_enabled":true,"jetpack_featured_media_url":"https:\/\/i0.wp.com\/colombiabuenanota.com\/wp-content\/uploads\/2025\/05\/Muss.jpg?fit=700%2C1244&ssl=1","jetpack-related-posts":[],"_links":{"self":[{"href":"https:\/\/colombiabuenanota.com\/index.php\/wp-json\/wp\/v2\/posts\/1604","targetHints":{"allow":["GET"]}}],"collection":[{"href":"https:\/\/colombiabuenanota.com\/index.php\/wp-json\/wp\/v2\/posts"}],"about":[{"href":"https:\/\/colombiabuenanota.com\/index.php\/wp-json\/wp\/v2\/types\/post"}],"author":[{"embeddable":true,"href":"https:\/\/colombiabuenanota.com\/index.php\/wp-json\/wp\/v2\/users\/2"}],"replies":[{"embeddable":true,"href":"https:\/\/colombiabuenanota.com\/index.php\/wp-json\/wp\/v2\/comments?post=1604"}],"version-history":[{"count":1,"href":"https:\/\/colombiabuenanota.com\/index.php\/wp-json\/wp\/v2\/posts\/1604\/revisions"}],"predecessor-version":[{"id":1606,"href":"https:\/\/colombiabuenanota.com\/index.php\/wp-json\/wp\/v2\/posts\/1604\/revisions\/1606"}],"wp:featuredmedia":[{"embeddable":true,"href":"https:\/\/colombiabuenanota.com\/index.php\/wp-json\/wp\/v2\/media\/1605"}],"wp:attachment":[{"href":"https:\/\/colombiabuenanota.com\/index.php\/wp-json\/wp\/v2\/media?parent=1604"}],"wp:term":[{"taxonomy":"category","embeddable":true,"href":"https:\/\/colombiabuenanota.com\/index.php\/wp-json\/wp\/v2\/categories?post=1604"},{"taxonomy":"post_tag","embeddable":true,"href":"https:\/\/colombiabuenanota.com\/index.php\/wp-json\/wp\/v2\/tags?post=1604"}],"curies":[{"name":"wp","href":"https:\/\/api.w.org\/{rel}","templated":true}]}}