{"id":1593,"date":"2025-05-12T11:53:20","date_gmt":"2025-05-12T16:53:20","guid":{"rendered":"https:\/\/colombiabuenanota.com\/?p=1593"},"modified":"2025-05-12T11:53:22","modified_gmt":"2025-05-12T16:53:22","slug":"la-belleza-de-ser-tu-un-abrebocas-a-las-pasarelas-de-inclusion","status":"publish","type":"post","link":"https:\/\/colombiabuenanota.com\/index.php\/2025\/05\/12\/la-belleza-de-ser-tu-un-abrebocas-a-las-pasarelas-de-inclusion\/","title":{"rendered":"La belleza de ser t\u00fa: Un abrebocas a las pasarelas de inclusi\u00f3n"},"content":{"rendered":"\n<p>\u201cMe llamo Evelyn Dayana Granja D\u00edaz. Tengo 17 a\u00f1os y hoy vengo a presentarme a clases de modelaje\u201d. Su voz, serena pero firme, resuena con fuerza entre los pasillos del Centro de Danzas y Coreograf\u00eda del Valle del Cauca, donde m\u00e1s de 200 personas como ella vivieron este lunes la experiencia \u2018Modelos por un d\u00eda\u2019, una jornada formativa que marca el inicio del camino hacia Distrito Moda + Pasarela de Inclusi\u00f3n Colombia 2025, programada del 25 al 28 de junio.<\/p>\n\n\n\n<p>La antigua Licorera del Valle se transform\u00f3 en un gran laboratorio de sue\u00f1os. Pasarela, expresi\u00f3n corporal, fotograf\u00eda y autoexpresi\u00f3n fueron los ejes de esta master class sin precedentes, que no solo ense\u00f1\u00f3 a caminar con estilo, sino tambi\u00e9n a sostener la mirada, aceptar el cuerpo y narrar la propia historia desde la dignidad y el orgullo.<\/p>\n\n\n\n<h2 class=\"wp-block-heading\">Una clase: Mil historias<\/h2>\n\n\n\n<p>Durante cuatro intensas horas, cada participante recibi\u00f3 formaci\u00f3n de la mano de expertos en modelaje, producci\u00f3n visual y desarrollo esc\u00e9nico. Pero m\u00e1s all\u00e1 de la t\u00e9cnica, lo que ocurri\u00f3 en este espacio fue un ejercicio de reconocimiento y empoderamiento colectivo.<\/p>\n\n\n\n<p>\u201cEstamos absolutamente felices de ver la receptividad. Los modelos que se inscribieron recibieron clases de modelaje, de fotograf\u00eda, de maquillaje, haciendo de este espacio un lugar donde la moda y la inclusi\u00f3n se encuentran. Este es un evento que visibiliza y representa a todos los colombianos, celebrando la resiliencia, &nbsp;la riqueza \u00e9tnica y la historia que nos une\u201d asegur\u00f3 Jimena Toro, directora de la Pasarela de inclusi\u00f3n Colombia. &nbsp;<\/p>\n\n\n\n<p>Y es que la Pasarela de Inclusi\u00f3n Colombia no es solo un desfile de modas, sino una plataforma social de visibilizaci\u00f3n, autoestima y acceso cultural. Este evento, creado en la primera administraci\u00f3n de la gobernadora Dilian Francisca Toro, ha sido fortalecido por la actual gesti\u00f3n de la Gestora Social del Valle del Cauca, Jimena Toro Torres, quien lidera el proceso con un enfoque claro: abrir puertas sin importar la edad, la raza, el g\u00e9nero o las condiciones de salud.<\/p>\n\n\n\n<p>\u201cEste espacio demuestra que no importa el color de tu piel, qui\u00e9n seas o de d\u00f3nde ve+ngas: siempre hay un lugar para brillar\u201d, afirmaron en coro varias de las participantes al final del taller.<\/p>\n\n\n\n<h2 class=\"wp-block-heading\">El arte de prepararse para la vida<\/h2>\n\n\n\n<p>El cierre de la jornada lleg\u00f3 a las 5:00 p.m. con un acto simb\u00f3lico de graduaci\u00f3n. M\u00e1s que un diploma, los participantes se llevaron consigo un aprendizaje vital: su historia importa, su presencia tiene valor, su imagen puede representar a toda una regi\u00f3n.<\/p>\n\n\n\n<p>M\u00e1s de 200 personas participaron de esta master class en medio del proceso de selecci\u00f3n de los 12 modelos que representar\u00e1n al Valle del Cauca en la Pasarela de Inclusi\u00f3n.<\/p>\n\n\n\n<p>Los nombres seleccionados se dar\u00e1n a conocer en las pr\u00f3ximas semanas, y formar\u00e1n parte de las dos pasarelas oficiales que se llevar\u00e1n a cabo el viernes 27 y s\u00e1bado 28 de junio en el Centro de Eventos Valle del Pac\u00edfico, como parte de Distrito Moda + pasarela de inclusi\u00f3n Colombia 2025, el evento que convierte a Cali en la capital del estilo con prop\u00f3sito.<\/p>\n\n\n\n<h2 class=\"wp-block-heading\">La inclusi\u00f3n como pol\u00edtica cultural<\/h2>\n\n\n\n<p>La Pasarela de Inclusi\u00f3n Colombia ha logrado lo que pocos eventos en Am\u00e9rica Latina: crear un est\u00e1ndar en donde la moda no discrimina, sino que representa la pluralidad del pa\u00eds real. Desde sus primeras ediciones, este espacio ha demostrado que el talento no tiene una \u00fanica forma ni responde a un solo canon de belleza.<\/p>\n\n\n\n<p>Adem\u00e1s, es un evento que impacta socialmente en m\u00faltiples niveles: forma, visibiliza, conecta y transforma. Por eso, su inclusi\u00f3n en la agenda oficial de Distrito Moda 2025 no es solo un gesto simb\u00f3lico, sino un acto de coherencia: la moda del futuro es diversa, accesible, humana.<\/p>\n\n\n\n<h2 class=\"wp-block-heading\">\u00bfQu\u00e9 viene ahora?<\/h2>\n\n\n\n<p>La cuenta regresiva ha comenzado. El pr\u00f3ximo mi\u00e9rcoles 14 de mayo se realizar\u00e1 el lanzamiento internacional de Distrito Moda + Pasarela de Inclusi\u00f3n Colombia 2025, con una pasarela en movimiento desde la estaci\u00f3n del MIO Paso del Comercio.<\/p>\n\n\n\n<p>Ser\u00e1 un evento cargado de simbolismo, arte y ciudad, donde m\u00e1s de 100 modelos mostrar\u00e1n un adelanto de lo que ser\u00e1 esta gran semana de moda incluyente.<\/p>\n\n\n\n<p>Mientras tanto, Evelyn, como tantas otras, camina con paso firme. Porque esta vez \u2014y para siempre\u2014 sabe que la pasarela no es solo un escenario: es una declaraci\u00f3n de existencia.<\/p>\n","protected":false},"excerpt":{"rendered":"<p>\u201cMe llamo Evelyn Dayana Granja D\u00edaz. Tengo 17 a\u00f1os y hoy vengo a presentarme a clases de modelaje\u201d. Su voz, serena pero firme, resuena con fuerza entre los pasillos del Centro de Danzas y Coreograf\u00eda del Valle del Cauca, donde m\u00e1s de 200 personas como ella vivieron este lunes la experiencia \u2018Modelos por un d\u00eda\u2019, [&hellip;]<\/p>\n","protected":false},"author":2,"featured_media":1594,"comment_status":"open","ping_status":"open","sticky":false,"template":"","format":"standard","meta":{"_jetpack_newsletter_access":"","_jetpack_dont_email_post_to_subs":false,"_jetpack_newsletter_tier_id":0,"_jetpack_memberships_contains_paywalled_content":false,"_jetpack_memberships_contains_paid_content":false,"footnotes":""},"categories":[6],"tags":[],"class_list":{"0":"post-1593","1":"post","2":"type-post","3":"status-publish","4":"format-standard","5":"has-post-thumbnail","7":"category-cultura-y-turismo"},"jetpack_sharing_enabled":true,"jetpack_featured_media_url":"https:\/\/i0.wp.com\/colombiabuenanota.com\/wp-content\/uploads\/2025\/05\/Moda.jpg?fit=700%2C933&ssl=1","jetpack-related-posts":[],"_links":{"self":[{"href":"https:\/\/colombiabuenanota.com\/index.php\/wp-json\/wp\/v2\/posts\/1593","targetHints":{"allow":["GET"]}}],"collection":[{"href":"https:\/\/colombiabuenanota.com\/index.php\/wp-json\/wp\/v2\/posts"}],"about":[{"href":"https:\/\/colombiabuenanota.com\/index.php\/wp-json\/wp\/v2\/types\/post"}],"author":[{"embeddable":true,"href":"https:\/\/colombiabuenanota.com\/index.php\/wp-json\/wp\/v2\/users\/2"}],"replies":[{"embeddable":true,"href":"https:\/\/colombiabuenanota.com\/index.php\/wp-json\/wp\/v2\/comments?post=1593"}],"version-history":[{"count":1,"href":"https:\/\/colombiabuenanota.com\/index.php\/wp-json\/wp\/v2\/posts\/1593\/revisions"}],"predecessor-version":[{"id":1595,"href":"https:\/\/colombiabuenanota.com\/index.php\/wp-json\/wp\/v2\/posts\/1593\/revisions\/1595"}],"wp:featuredmedia":[{"embeddable":true,"href":"https:\/\/colombiabuenanota.com\/index.php\/wp-json\/wp\/v2\/media\/1594"}],"wp:attachment":[{"href":"https:\/\/colombiabuenanota.com\/index.php\/wp-json\/wp\/v2\/media?parent=1593"}],"wp:term":[{"taxonomy":"category","embeddable":true,"href":"https:\/\/colombiabuenanota.com\/index.php\/wp-json\/wp\/v2\/categories?post=1593"},{"taxonomy":"post_tag","embeddable":true,"href":"https:\/\/colombiabuenanota.com\/index.php\/wp-json\/wp\/v2\/tags?post=1593"}],"curies":[{"name":"wp","href":"https:\/\/api.w.org\/{rel}","templated":true}]}}