{"id":1586,"date":"2025-05-12T11:28:16","date_gmt":"2025-05-12T16:28:16","guid":{"rendered":"https:\/\/colombiabuenanota.com\/?p=1586"},"modified":"2025-05-12T11:28:20","modified_gmt":"2025-05-12T16:28:20","slug":"el-valle-del-cauca-lucha-contra-el-cancer-de-mama","status":"publish","type":"post","link":"https:\/\/colombiabuenanota.com\/index.php\/2025\/05\/12\/el-valle-del-cauca-lucha-contra-el-cancer-de-mama\/","title":{"rendered":"El Valle del Cauca se compromete con el diagn\u00f3stico temprano del c\u00e1ncer de mama"},"content":{"rendered":"\n<p>Cali y el Valle del Cauca se consolidan como pioneros en la creaci\u00f3n de una ruta para el diagn\u00f3stico temprano del c\u00e1ncer de mama. A trav\u00e9s de la estrategia <strong>\u2018Coordinaci\u00f3n para el Diagn\u00f3stico del C\u00e1ncer de Mama\u2019 <\/strong>se ha logrado que mujeres con alta sospecha de c\u00e1ncer de mama accedan oportunamente a una biopsia, mejorando sus probabilidades de iniciar un tratamiento a tiempo.\u00a0<\/p>\n\n\n\n<h2 class=\"wp-block-heading\"><strong>C\u00f3mo funciona la estrategia \u2018Coordinaci\u00f3n para el Diagn\u00f3stico del C\u00e1ncer de Mama\u2019<\/strong><\/h2>\n\n\n\n<p>El primer paso fue la caracterizaci\u00f3n de 196.416 mujeres en 9 municipios priorizados, entre quienes se identific\u00f3 a 59.107 que se realizaron una mamograf\u00eda o ecograf\u00eda en el \u00faltimo a\u00f1o. De ese grupo se realiz\u00f3 seguimiento a 553 de ellas que, tras el an\u00e1lisis de los resultados de la mamograf\u00eda, presentaron muy alta sospecha de c\u00e1ncer. De las 553 mujeres identificadas, el 63% accedi\u00f3 en menos de 30 d\u00edas a la realizaci\u00f3n de la biopsia.<\/p>\n\n\n\n<p>\u201cEl sistema desarrollado permite hacer un seguimiento en tiempo real de las mujeres que tienen un BI-RADS 4 y 5 en sus mamograf\u00edas, es decir una muy alta sospecha de tener c\u00e1ncer de seno y cuando eso pasa, el siguiente paso es la biopsia. Lo que buscamos es que las mujeres accedan cuanto antes a la biopsia, a partir de la ecograf\u00eda o la mamograf\u00eda alteradas, para que puedan iniciar tratamiento cuanto antes.\u201d, asegura Mar\u00eda Isabel Ulloa, directora ejecutiva de ProPac\u00edfico.<\/p>\n\n\n\n<p>Beatriz Saa es una de las usuarias que gracias a la celeridad administrativa que ha permitido este proceso, hoy accede oportunamente a su tratamiento. \u201cEn el 2024 me realizaron la mamograf\u00eda y eso fue inmediatamente, no pas\u00f3 ni una semana para que me practicaran la biopsia y sali\u00f3 positiva para c\u00e1ncer de mama. Ah\u00ed empez\u00f3 el proceso y en este momento ya voy para la tercera quimioterapia\u201d, se\u00f1ala Saa.<\/p>\n\n\n\n<p>Estos procesos que buscan mejorar la ruta de atenci\u00f3n, aportando al cierre de brechas en el acceso a los servicios oncol\u00f3gicos y a la reducir de la mortalidad por esta patolog\u00eda en Cali y el Valle del Cauca, se dan gracias a la participaci\u00f3n de actores claves como C\/Can, el Banco Mundial, el Instituto Nacional de Cancerolog\u00eda y las secretar\u00edas de Salud de Cali y del Valle del Cauca; as\u00ed como de instituciones prestadoras de servicios de salud, empresas administradoras de planes de beneficios, el Registro Poblacional de C\u00e1ncer de Cali (RPCC) de la Universidad del Valle, adem\u00e1s de la vinculaci\u00f3n de m\u00e1s de 10 EPS y 52 IPS, adem\u00e1s de ProPac\u00edfico.<\/p>\n\n\n\n<p>El enfoque multisectorial e integrador de la estrategia permiti\u00f3 la conformaci\u00f3n de un Comit\u00e9 Tripartito, liderado por la Secretar\u00eda Departamental de Salud del Valle del Cauca, y por la Secretar\u00eda de Salud P\u00fablica de Cali. La participaci\u00f3n y el respaldo de estas entidades han sido fundamentales para el avance en la implementaci\u00f3n del proyecto.<\/p>\n\n\n\n<p>En este marco, la Secretar\u00eda Departamental de Salud bajo la direcci\u00f3n de la doctora Mar\u00eda Cristina Lesmes, emiti\u00f3 la Circular No. 2025023551, dirigida a la red prestadora del departamento, mediante la cual se avala la implementaci\u00f3n de la estrategia y se definen las responsabilidades espec\u00edficas de cada uno de los actores del sistema.<\/p>\n\n\n\n<p>El secretario Salud de Cali, Germ\u00e1n Escobar, &nbsp;recalc\u00f3&nbsp; que \u201chemos podido articular acciones ente los actores del sistema, el sector p\u00fablico, privado, las redes de prestaci\u00f3n de servicios para mejorar la oportunidad en el diagn\u00f3stico y tratamiento de mujeres con c\u00e1ncer de mam\u00e1, a trav\u00e9s de este comit\u00e9 tiene como objetivo agilizar los procesos administrativos para que las mujeres que necesiten una biopsia puedan acceder a ella en un plazo no superior a los 30 d\u00edas, tal como establece la normativa colombiana\u201d.<\/p>\n\n\n\n<figure class=\"wp-block-embed is-type-video is-provider-youtube wp-block-embed-youtube wp-embed-aspect-16-9 wp-has-aspect-ratio\"><div class=\"wp-block-embed__wrapper\">\n<iframe loading=\"lazy\" title=\"El Valle del Cauca le apuesta al diagn\u00f3stico temprano de c\u00e1ncer de mama,\" width=\"696\" height=\"392\" src=\"https:\/\/www.youtube.com\/embed\/kT0EUPx1oBg?feature=oembed\" frameborder=\"0\" allow=\"accelerometer; autoplay; clipboard-write; encrypted-media; gyroscope; picture-in-picture; web-share\" referrerpolicy=\"strict-origin-when-cross-origin\" allowfullscreen><\/iframe>\n<\/div><\/figure>\n\n\n\n<p>Adem\u00e1s, el proyecto contempla el desarrollo de una herramienta tecnol\u00f3gica de seguimiento que consolida la informaci\u00f3n proveniente de diversas fuentes de datos con el fin de crear un tablero de control accesible para todas las partes involucradas.<\/p>\n\n\n\n<p>\u201cEste software facilita el monitoreo y seguimiento desde las cl\u00ednicas de mamograf\u00eda primaria hasta los laboratorios de patolog\u00eda, asegurando una atenci\u00f3n m\u00e1s r\u00e1pida y coordinada, considerando que una detecci\u00f3n temprana es clave para aumentar las posibilidades de un tratamiento exitoso y mejorar las tasas de sobrevida\u201d, manifiesta Andr\u00e9s P\u00e9rez Bustos, quien ha sido referente del proyecto piloto para la detecci\u00f3n temprana del c\u00e1ncer de mama del Instituto Nacional de Cancerolog\u00eda y hoy acompa\u00f1a el proceso desde ProPac\u00edfico.<\/p>\n\n\n\n<p>Con este esfuerzo en el que ya se avanza en el alistamiento y vinculaci\u00f3n de nuevas instituciones y municipios priorizados a nivel departamental, la regi\u00f3n reafirma su compromiso con la innovaci\u00f3n en salud y la lucha contra el c\u00e1ncer, trabajando de manera conjunta en el desarrollo de estrategias que lleven a una atenci\u00f3n oncol\u00f3gica equitativa y de calidad, que puedan ser replicadas en otras ciudades de Colombia y el mundo.<\/p>\n","protected":false},"excerpt":{"rendered":"<p>Cali y el Valle del Cauca se consolidan como pioneros en la creaci\u00f3n de una ruta para el diagn\u00f3stico temprano del c\u00e1ncer de mama. A trav\u00e9s de la estrategia \u2018Coordinaci\u00f3n para el Diagn\u00f3stico del C\u00e1ncer de Mama\u2019 se ha logrado que mujeres con alta sospecha de c\u00e1ncer de mama accedan oportunamente a una biopsia, mejorando [&hellip;]<\/p>\n","protected":false},"author":2,"featured_media":1587,"comment_status":"open","ping_status":"open","sticky":false,"template":"","format":"standard","meta":{"_jetpack_newsletter_access":"","_jetpack_dont_email_post_to_subs":false,"_jetpack_newsletter_tier_id":0,"_jetpack_memberships_contains_paywalled_content":false,"_jetpack_memberships_contains_paid_content":false,"footnotes":""},"categories":[12],"tags":[],"class_list":{"0":"post-1586","1":"post","2":"type-post","3":"status-publish","4":"format-standard","5":"has-post-thumbnail","7":"category-salud"},"jetpack_sharing_enabled":true,"jetpack_featured_media_url":"https:\/\/i0.wp.com\/colombiabuenanota.com\/wp-content\/uploads\/2025\/05\/cancer-de-mama.png?fit=700%2C466&ssl=1","jetpack-related-posts":[],"_links":{"self":[{"href":"https:\/\/colombiabuenanota.com\/index.php\/wp-json\/wp\/v2\/posts\/1586","targetHints":{"allow":["GET"]}}],"collection":[{"href":"https:\/\/colombiabuenanota.com\/index.php\/wp-json\/wp\/v2\/posts"}],"about":[{"href":"https:\/\/colombiabuenanota.com\/index.php\/wp-json\/wp\/v2\/types\/post"}],"author":[{"embeddable":true,"href":"https:\/\/colombiabuenanota.com\/index.php\/wp-json\/wp\/v2\/users\/2"}],"replies":[{"embeddable":true,"href":"https:\/\/colombiabuenanota.com\/index.php\/wp-json\/wp\/v2\/comments?post=1586"}],"version-history":[{"count":1,"href":"https:\/\/colombiabuenanota.com\/index.php\/wp-json\/wp\/v2\/posts\/1586\/revisions"}],"predecessor-version":[{"id":1589,"href":"https:\/\/colombiabuenanota.com\/index.php\/wp-json\/wp\/v2\/posts\/1586\/revisions\/1589"}],"wp:featuredmedia":[{"embeddable":true,"href":"https:\/\/colombiabuenanota.com\/index.php\/wp-json\/wp\/v2\/media\/1587"}],"wp:attachment":[{"href":"https:\/\/colombiabuenanota.com\/index.php\/wp-json\/wp\/v2\/media?parent=1586"}],"wp:term":[{"taxonomy":"category","embeddable":true,"href":"https:\/\/colombiabuenanota.com\/index.php\/wp-json\/wp\/v2\/categories?post=1586"},{"taxonomy":"post_tag","embeddable":true,"href":"https:\/\/colombiabuenanota.com\/index.php\/wp-json\/wp\/v2\/tags?post=1586"}],"curies":[{"name":"wp","href":"https:\/\/api.w.org\/{rel}","templated":true}]}}