{"id":1575,"date":"2025-05-09T09:26:33","date_gmt":"2025-05-09T14:26:33","guid":{"rendered":"https:\/\/colombiabuenanota.com\/?p=1575"},"modified":"2025-05-09T09:26:36","modified_gmt":"2025-05-09T14:26:36","slug":"malicia-el-cortometraje-caleno-que-asciende-hacia-cannes","status":"publish","type":"post","link":"https:\/\/colombiabuenanota.com\/index.php\/2025\/05\/09\/malicia-el-cortometraje-caleno-que-asciende-hacia-cannes\/","title":{"rendered":"Malicia, el cortometraje cale\u00f1o que asciende a toda velocidad hacia Cannes"},"content":{"rendered":"\n<p>La Monta\u00f1a Cine, una productora audiovisual de Cali con una perspectiva joven y cr\u00edtica, celebra un nuevo \u00e9xito con su cortometraje <strong>Malicia<\/strong>, el cual ha sido elegido para formar parte del mercado de cortos del famoso <strong>Festival de Cannes. <\/strong>Esta narrativa, se adentra en el entorno urbano de los<strong> Graviteros<\/strong>, un grupo de j\u00f3venes que descienden a gran velocidad en bicicletas por pendientes pronunciadas.&nbsp;<\/p>\n\n\n\n<p>Detr\u00e1s de este proyecto est\u00e1 Edward G\u00f3mez, un joven realizador que se dej\u00f3 cautivar por la intensidad de vida de estos j\u00f3venes. \u201cMe parecieron una forma de resistencia\u201d, afirma el director. \u201cSon unos pelados que genuinamente disfrutan la vida, viven sin miedo, que es algo que a m\u00ed me hab\u00eda costado mucho durante mucho tiempo&#8230; aprender a vivir con muchas ganas\u201d. Ese deseo profundo de vivir sin miedo, es lo que lo llev\u00f3 a construir la historia de Malicia y Chinga, dos amigos marcados por la p\u00e9rdida y por la necesidad de madurar antes de tiempo.<\/p>\n\n\n\n<p>Aunque la historia puede parecer local, la intenci\u00f3n siempre fue m\u00e1s amplia. \u201cLas calles que se muestran pueden ser un barrio en Sevilla, un barrio en Cali, un barrio en Medell\u00edn\u201d, a\u00f1ade. El cortometraje fue filmado en Sevilla (Valle), articulando su rodaje con el equipo de tr\u00e1nsito local, para garantizar seguridad en las escenas de velocidad.<\/p>\n\n\n\n<h2 class=\"wp-block-heading\"><strong>Malicia tambi\u00e9n gan\u00f3 el premio Santa Luc\u00eda a Mejor Cortometraje de Ficci\u00f3n en el Festival de Bogoshorts<\/strong><\/h2>\n\n\n\n<p>Este reconocimiento,&nbsp; fue la llave para llegar a Cannes. \u201cEs muy loco\u2026 yo todav\u00eda estoy proces\u00e1ndolo\u201d, confiesa Edward. \u201cObviamente yo hab\u00eda so\u00f1ado con Cannes toda mi vida, y ahora, tener la posibilidad de ir es raro pero lindo, y mucho m\u00e1s bello poder hacerlo de la mano del equipo. Me parece eso muy lindo\u201d.<\/p>\n\n\n\n<p>El director tambi\u00e9n resalta la importancia del apoyo recibido: \u201cMe siento muy agradecido con Bogoshorts\u2026 B\u00e1sicamente esto significa un sue\u00f1o cumplido, un sue\u00f1o de cuando uno entra a estudiar cine, es como ir al lugar donde han estado todos nuestros h\u00e9roes, entonces eso me parece muy bello\u201d.<\/p>\n\n\n\n<h3 class=\"wp-block-heading\"><strong>La estrategia del equipo de producci\u00f3n de Malicia para asistir a la gala de premiaci\u00f3n en Francia<\/strong><\/h3>\n\n\n\n<p>Para cubrir los costos del viaje a Francia, el grupo de La Monta\u00f1a Cine ha organizado una fiesta solidaria este viernes 9 de mayo a las 6:00 p. m., que incluir\u00e1 la proyecci\u00f3n del cortometraje, un concierto ac\u00fastico de bandola y una degustaci\u00f3n de \u201cc\u00f3cteles maliciosos\u201d. La entrada tiene un costo simb\u00f3lico de 30 mil pesos y promete ser una noche para disfrutar del cine, la m\u00fasica y el apoyo a sus creadores.&nbsp;<\/p>\n\n\n\n<p>Ver trailer de Malicia aqu\u00ed <a href=\"https:\/\/www.youtube.com\/watch?v=l-M5qqFPIAw\" target=\"_blank\" rel=\"noopener\">https:\/\/www.youtube.com\/watch?v=l-M5qqFPIAw<\/a><\/p>\n\n\n\n<h2 class=\"wp-block-heading\"><\/h2>\n","protected":false},"excerpt":{"rendered":"<p>La Monta\u00f1a Cine, una productora audiovisual de Cali con una perspectiva joven y cr\u00edtica, celebra un nuevo \u00e9xito con su cortometraje Malicia, el cual ha sido elegido para formar parte del mercado de cortos del famoso Festival de Cannes. Esta narrativa, se adentra en el entorno urbano de los Graviteros, un grupo de j\u00f3venes que [&hellip;]<\/p>\n","protected":false},"author":2,"featured_media":1577,"comment_status":"open","ping_status":"open","sticky":false,"template":"","format":"standard","meta":{"_jetpack_newsletter_access":"","_jetpack_dont_email_post_to_subs":false,"_jetpack_newsletter_tier_id":0,"_jetpack_memberships_contains_paywalled_content":false,"_jetpack_memberships_contains_paid_content":false,"footnotes":""},"categories":[6],"tags":[],"class_list":{"0":"post-1575","1":"post","2":"type-post","3":"status-publish","4":"format-standard","5":"has-post-thumbnail","7":"category-cultura-y-turismo"},"jetpack_sharing_enabled":true,"jetpack_featured_media_url":"https:\/\/i0.wp.com\/colombiabuenanota.com\/wp-content\/uploads\/2025\/05\/Captura-de-pantalla-2025-05-09-091630.png?fit=596%2C266&ssl=1","jetpack-related-posts":[],"_links":{"self":[{"href":"https:\/\/colombiabuenanota.com\/index.php\/wp-json\/wp\/v2\/posts\/1575","targetHints":{"allow":["GET"]}}],"collection":[{"href":"https:\/\/colombiabuenanota.com\/index.php\/wp-json\/wp\/v2\/posts"}],"about":[{"href":"https:\/\/colombiabuenanota.com\/index.php\/wp-json\/wp\/v2\/types\/post"}],"author":[{"embeddable":true,"href":"https:\/\/colombiabuenanota.com\/index.php\/wp-json\/wp\/v2\/users\/2"}],"replies":[{"embeddable":true,"href":"https:\/\/colombiabuenanota.com\/index.php\/wp-json\/wp\/v2\/comments?post=1575"}],"version-history":[{"count":1,"href":"https:\/\/colombiabuenanota.com\/index.php\/wp-json\/wp\/v2\/posts\/1575\/revisions"}],"predecessor-version":[{"id":1578,"href":"https:\/\/colombiabuenanota.com\/index.php\/wp-json\/wp\/v2\/posts\/1575\/revisions\/1578"}],"wp:featuredmedia":[{"embeddable":true,"href":"https:\/\/colombiabuenanota.com\/index.php\/wp-json\/wp\/v2\/media\/1577"}],"wp:attachment":[{"href":"https:\/\/colombiabuenanota.com\/index.php\/wp-json\/wp\/v2\/media?parent=1575"}],"wp:term":[{"taxonomy":"category","embeddable":true,"href":"https:\/\/colombiabuenanota.com\/index.php\/wp-json\/wp\/v2\/categories?post=1575"},{"taxonomy":"post_tag","embeddable":true,"href":"https:\/\/colombiabuenanota.com\/index.php\/wp-json\/wp\/v2\/tags?post=1575"}],"curies":[{"name":"wp","href":"https:\/\/api.w.org\/{rel}","templated":true}]}}