{"id":1559,"date":"2025-05-08T13:14:52","date_gmt":"2025-05-08T18:14:52","guid":{"rendered":"https:\/\/colombiabuenanota.com\/?p=1559"},"modified":"2025-05-08T13:15:30","modified_gmt":"2025-05-08T18:15:30","slug":"abierta-convocatoria-para-educacion-superior-dirigida-a-firmantes-de-paz","status":"publish","type":"post","link":"https:\/\/colombiabuenanota.com\/index.php\/2025\/05\/08\/abierta-convocatoria-para-educacion-superior-dirigida-a-firmantes-de-paz\/","title":{"rendered":"Abierta la convocatoria para educaci\u00f3n superior para firmantes de paz y sus hijas e hijos"},"content":{"rendered":"\n<p>Como parte de las garant\u00edas brindadas por el Gobierno Nacional para asegurar un exitoso tr\u00e1nsito a la civilidad y el goce de su ciudadan\u00eda plena de las y los firmantes de paz y sus familias, hasta el 26 de mayo estar\u00e1 abierta la convocatoria para que las personas en proceso de reincorporaci\u00f3n y sus hijas e hijos puedan cursar estudios a nivel t\u00e9cnico profesional, tecnol\u00f3gico o universitario, en cualquier instituci\u00f3n de educaci\u00f3n superior en Colombia avalada por el Ministerio de Educaci\u00f3n Nacional.<\/p>\n\n\n\n<p>Hasta por diez semestres, firmantes de paz, sus hijas e hijos pueden acceder a la educaci\u00f3n superior, gracias al convenio entre la Agencia para la Reincorporaci\u00f3n y la Normalizaci\u00f3n (ARN) y el Instituto Colombiano de Cr\u00e9dito Educativo y Estudios T\u00e9cnicos en el Exterior Mariano Ospina P\u00e9rez (ICETEX). Ambas entidades constituyeron los Fondos para el Acceso y Permanencia en Educaci\u00f3n Superior para Participantes Acreditados y Activos en la Ruta de Reincorporaci\u00f3n y para Hijas e Hijos de Personas en Reincorporaci\u00f3n Activos y Vinculados a la Estrategia de Acompa\u00f1amiento a Familiares de Participantes Fallecidos.<\/p>\n\n\n\n<p>Los fondos financiar\u00e1n las matr\u00edculas universitarias hasta por un valor de 3 salarios m\u00ednimos mensuales legales vigentes, mediante la modalidad de cr\u00e9dito condonable tanto para firmantes de paz, como para sus hijas e hijos.<\/p>\n\n\n\n<p>Dafne Barbosa, quien adelanta su pregrado en Bogot\u00e1 con el respaldo del Fondo asegura que: \u201cGracias a este Fondo estoy logrando terminar mis carreras en producci\u00f3n digital, en medios audiovisuales, avanzando hacia narrativas digitales\u201d.<\/p>\n\n\n\n<p>De esta manera, el Gobierno Nacional impulsa el sue\u00f1o de cientos de j\u00f3venes para ser profesionales, con la garant\u00eda plena de sus derechos para ellos y sus padres y madres, quienes, tambi\u00e9n, deseen alcanzar la meta de culminar sus estudios universitarios.&nbsp;<\/p>\n\n\n\n<h2 class=\"wp-block-heading\"><strong>Datos de inter\u00e9s sobre la convocatoria para educaci\u00f3n superior dirigida a firmantes de paz y sus hijas e hijos<\/strong><\/h2>\n\n\n\n<ul class=\"wp-block-list\">\n<li>Para ampliar la informaci\u00f3n sobre el convenio dirigido a personas en reincorporaci\u00f3n puede visitar el siguiente enlace <a href=\"https:\/\/www.reincorporacion.gov.co\/es\/reincorporacion\/Paginas\/Fondo-de-Administracion-de-Recursos-para-el-Acceso-y-Permanencia-a-Educacion-Superior-.aspx\" target=\"_blank\" rel=\"noopener\">https:\/\/www.reincorporacion.gov.co\/es\/reincorporacion\/Paginas\/Fondo-de-Administracion-de-Recursos-para-el-Acceso-y-Permanencia-a-Educacion-Superior-.aspx<\/a><\/li>\n\n\n\n<li>Toda la informaci\u00f3n sobre el convenio para hijas e hijos de firmantes de paz se encuentra en <a href=\"https:\/\/www.reincorporacion.gov.co\/es\/reincorporacion\/Paginas\/Fondo-Acceso-Permanencia-Educacion-Superior-Hijas-Hijos-Participantes-Acreditados-Activos-Ruta-Reincorporacion.aspx\" target=\"_blank\" rel=\"noopener\">https:\/\/www.reincorporacion.gov.co\/es\/reincorporacion\/Paginas\/Fondo-Acceso-Permanencia-Educacion-Superior-Hijas-Hijos-Participantes-Acreditados-Activos-Ruta-Reincorporacion.aspx<\/a><\/li>\n<\/ul>\n","protected":false},"excerpt":{"rendered":"<p>Como parte de las garant\u00edas brindadas por el Gobierno Nacional para asegurar un exitoso tr\u00e1nsito a la civilidad y el goce de su ciudadan\u00eda plena de las y los firmantes de paz y sus familias, hasta el 26 de mayo estar\u00e1 abierta la convocatoria para que las personas en proceso de reincorporaci\u00f3n y sus hijas [&hellip;]<\/p>\n","protected":false},"author":2,"featured_media":1560,"comment_status":"open","ping_status":"open","sticky":false,"template":"","format":"standard","meta":{"_jetpack_newsletter_access":"","_jetpack_dont_email_post_to_subs":false,"_jetpack_newsletter_tier_id":0,"_jetpack_memberships_contains_paywalled_content":false,"_jetpack_memberships_contains_paid_content":false,"footnotes":""},"categories":[3],"tags":[],"class_list":{"0":"post-1559","1":"post","2":"type-post","3":"status-publish","4":"format-standard","5":"has-post-thumbnail","7":"category-featured"},"jetpack_sharing_enabled":true,"jetpack_featured_media_url":"https:\/\/i0.wp.com\/colombiabuenanota.com\/wp-content\/uploads\/2025\/05\/Imagen-de-WhatsApp-2025-05-07-a-las-23.36.16_411b7e75.jpg?fit=700%2C405&ssl=1","jetpack-related-posts":[],"_links":{"self":[{"href":"https:\/\/colombiabuenanota.com\/index.php\/wp-json\/wp\/v2\/posts\/1559","targetHints":{"allow":["GET"]}}],"collection":[{"href":"https:\/\/colombiabuenanota.com\/index.php\/wp-json\/wp\/v2\/posts"}],"about":[{"href":"https:\/\/colombiabuenanota.com\/index.php\/wp-json\/wp\/v2\/types\/post"}],"author":[{"embeddable":true,"href":"https:\/\/colombiabuenanota.com\/index.php\/wp-json\/wp\/v2\/users\/2"}],"replies":[{"embeddable":true,"href":"https:\/\/colombiabuenanota.com\/index.php\/wp-json\/wp\/v2\/comments?post=1559"}],"version-history":[{"count":1,"href":"https:\/\/colombiabuenanota.com\/index.php\/wp-json\/wp\/v2\/posts\/1559\/revisions"}],"predecessor-version":[{"id":1561,"href":"https:\/\/colombiabuenanota.com\/index.php\/wp-json\/wp\/v2\/posts\/1559\/revisions\/1561"}],"wp:featuredmedia":[{"embeddable":true,"href":"https:\/\/colombiabuenanota.com\/index.php\/wp-json\/wp\/v2\/media\/1560"}],"wp:attachment":[{"href":"https:\/\/colombiabuenanota.com\/index.php\/wp-json\/wp\/v2\/media?parent=1559"}],"wp:term":[{"taxonomy":"category","embeddable":true,"href":"https:\/\/colombiabuenanota.com\/index.php\/wp-json\/wp\/v2\/categories?post=1559"},{"taxonomy":"post_tag","embeddable":true,"href":"https:\/\/colombiabuenanota.com\/index.php\/wp-json\/wp\/v2\/tags?post=1559"}],"curies":[{"name":"wp","href":"https:\/\/api.w.org\/{rel}","templated":true}]}}