{"id":1544,"date":"2025-04-10T11:51:12","date_gmt":"2025-04-10T16:51:12","guid":{"rendered":"https:\/\/colombiabuenanota.com\/?p=1544"},"modified":"2025-04-10T11:51:14","modified_gmt":"2025-04-10T16:51:14","slug":"el-meta-recibe-ayuda-tras-emergencia-por-ola-invernal","status":"publish","type":"post","link":"https:\/\/colombiabuenanota.com\/index.php\/2025\/04\/10\/el-meta-recibe-ayuda-tras-emergencia-por-ola-invernal\/","title":{"rendered":"M\u00e1s de 300 familias en el Meta reciben ayuda tras emergencia por ola invernal"},"content":{"rendered":"\n<p>Durante el \u00faltimo mes, el municipio de El Dorado, Meta, ha sufrido afectaciones significativas en su infraestructura, medios de vida y condiciones de salud e higiene, especialmente en las comunidades ribere\u00f1as.<\/p>\n\n\n\n<p>La ola invernal provoc\u00f3 el desbordamiento del r\u00edo Ariari, lo que, seg\u00fan el reporte de la Unidad Nacional para la Gesti\u00f3n del Riesgo de Desastres (UNGRD) y autoridades locales, ha afectado a m\u00e1s de 300 familias en el municipio. Esta situaci\u00f3n ha generado da\u00f1os en viviendas, cultivos y acceso a servicios b\u00e1sicos. Se estima que al menos 690 personas se encuentran en situaci\u00f3n de vulnerabilidad alimentaria y sanitaria como consecuencia directa de la emergencia.<\/p>\n\n\n\n<p>Ante esta crisis que impacta a ni\u00f1as, ni\u00f1os, adolescentes y sus familias, y como parte del plan de respuesta humanitaria, World Vision, con el apoyo de CADENA Colombia, StartFund y la participaci\u00f3n de colaboradores de la Alcald\u00eda Municipal y la Defensa Civil, desarrollar\u00e1n talleres de sensibilizaci\u00f3n enfocados en la promoci\u00f3n de pr\u00e1cticas de higiene, prevenci\u00f3n de enfermedades, seguridad alimentaria y fortalecimiento comunitario en gesti\u00f3n del riesgo.<\/p>\n\n\n\n<p>Asimismo, se entregar\u00e1n paquetes de alimentos y kits de aseo familiar con el fin de atender las necesidades b\u00e1sicas inmediatas de la poblaci\u00f3n afectada y contribuir a la recuperaci\u00f3n temprana de las comunidades.<\/p>\n\n\n\n<p>Con estas acciones, World Vision reafirma su compromiso con quienes m\u00e1s lo necesitan en medio de emergencias, demostrando su apoyo e intervenci\u00f3n humanitaria para restablecer el bienestar y la protecci\u00f3n de la ni\u00f1ez y sus familias, permiti\u00e9ndoles desarrollarse en un ambiente seguro y protegido.<\/p>\n","protected":false},"excerpt":{"rendered":"<p>Durante el \u00faltimo mes, el municipio de El Dorado, Meta, ha sufrido afectaciones significativas en su infraestructura, medios de vida y condiciones de salud e higiene, especialmente en las comunidades ribere\u00f1as. La ola invernal provoc\u00f3 el desbordamiento del r\u00edo Ariari, lo que, seg\u00fan el reporte de la Unidad Nacional para la Gesti\u00f3n del Riesgo de [&hellip;]<\/p>\n","protected":false},"author":2,"featured_media":1545,"comment_status":"open","ping_status":"open","sticky":false,"template":"","format":"standard","meta":{"_jetpack_newsletter_access":"","_jetpack_dont_email_post_to_subs":false,"_jetpack_newsletter_tier_id":0,"_jetpack_memberships_contains_paywalled_content":false,"_jetpack_memberships_contains_paid_content":false,"footnotes":""},"categories":[14],"tags":[],"class_list":{"0":"post-1544","1":"post","2":"type-post","3":"status-publish","4":"format-standard","5":"has-post-thumbnail","7":"category-ciudades-buena-nota"},"jetpack_sharing_enabled":true,"jetpack_featured_media_url":"https:\/\/i0.wp.com\/colombiabuenanota.com\/wp-content\/uploads\/2025\/04\/Imagen-de-WhatsApp-2025-04-07-a-las-15.22.42_245692d8.jpg?fit=630%2C460&ssl=1","jetpack-related-posts":[],"_links":{"self":[{"href":"https:\/\/colombiabuenanota.com\/index.php\/wp-json\/wp\/v2\/posts\/1544","targetHints":{"allow":["GET"]}}],"collection":[{"href":"https:\/\/colombiabuenanota.com\/index.php\/wp-json\/wp\/v2\/posts"}],"about":[{"href":"https:\/\/colombiabuenanota.com\/index.php\/wp-json\/wp\/v2\/types\/post"}],"author":[{"embeddable":true,"href":"https:\/\/colombiabuenanota.com\/index.php\/wp-json\/wp\/v2\/users\/2"}],"replies":[{"embeddable":true,"href":"https:\/\/colombiabuenanota.com\/index.php\/wp-json\/wp\/v2\/comments?post=1544"}],"version-history":[{"count":1,"href":"https:\/\/colombiabuenanota.com\/index.php\/wp-json\/wp\/v2\/posts\/1544\/revisions"}],"predecessor-version":[{"id":1546,"href":"https:\/\/colombiabuenanota.com\/index.php\/wp-json\/wp\/v2\/posts\/1544\/revisions\/1546"}],"wp:featuredmedia":[{"embeddable":true,"href":"https:\/\/colombiabuenanota.com\/index.php\/wp-json\/wp\/v2\/media\/1545"}],"wp:attachment":[{"href":"https:\/\/colombiabuenanota.com\/index.php\/wp-json\/wp\/v2\/media?parent=1544"}],"wp:term":[{"taxonomy":"category","embeddable":true,"href":"https:\/\/colombiabuenanota.com\/index.php\/wp-json\/wp\/v2\/categories?post=1544"},{"taxonomy":"post_tag","embeddable":true,"href":"https:\/\/colombiabuenanota.com\/index.php\/wp-json\/wp\/v2\/tags?post=1544"}],"curies":[{"name":"wp","href":"https:\/\/api.w.org\/{rel}","templated":true}]}}