{"id":1508,"date":"2025-02-24T12:48:55","date_gmt":"2025-02-24T17:48:55","guid":{"rendered":"https:\/\/colombiabuenanota.com\/?p=1508"},"modified":"2025-02-24T12:48:58","modified_gmt":"2025-02-24T17:48:58","slug":"tumaco-se-viste-de-fiesta-con-el-carnaval-del-fuego-2025","status":"publish","type":"post","link":"https:\/\/colombiabuenanota.com\/index.php\/2025\/02\/24\/tumaco-se-viste-de-fiesta-con-el-carnaval-del-fuego-2025\/","title":{"rendered":"\u00a1Tumaco Se Viste de Fiesta con el Carnaval del Fuego 2025!"},"content":{"rendered":"\n<p><strong>\u00a1La cuenta regresiva ya empez\u00f3 y Tumaco se prepara para arder de alegr\u00eda!<\/strong> El <strong>Carnaval del Fuego 2025<\/strong> est\u00e1 por llegar, y ser\u00e1 m\u00e1s grande, vibrante y espectacular que nunca. Del <strong>27 de febrero al 4 de marzo de 2025<\/strong>, esta fiesta se tomar\u00e1 las calles, las playas y el mar de Tumaco, un carnaval que celebra la <strong>Paz<\/strong>, la <strong>Cultura<\/strong> y la <strong>Tradici\u00f3n<\/strong> en una explosi\u00f3n de m\u00fasica, danzas, colores y magia.<\/p>\n\n\n\n<p>\u201cHemos preparado un evento \u00fanico que reunir\u00e1 a miles de personas de todas partes del mundo para disfrutar de una experiencia inolvidable. Es el momento perfecto para ser parte de la historia y celebrar con nosotros. Esta festividad es una manifestaci\u00f3n cultural \u00fanica que refleja la riqueza hist\u00f3rica y la diversidad \u00e9tnica de la regi\u00f3n del Pac\u00edfico colombiano\u201d asegur\u00f3 <strong>F\u00e9lix Henao Casanova<\/strong>, <strong>Alcalde Distrital de Tumaco.<\/strong><\/p>\n\n\n\n<h2 class=\"wp-block-heading\"><strong>\u00bfPor qu\u00e9 tienes que ir al Carnaval del Fuego?<\/strong><\/h2>\n\n\n\n<p>Porque el Carnaval del Fuego no es solo un evento, \u00a1es un viaje al coraz\u00f3n de Tumaco! Un destino lleno de ritmos del Pac\u00edfico, mariscos frescos, calor humano y, por supuesto, \u00a1el fuego que nos representa! Te invitamos a ser parte de una fiesta donde la m\u00fasica, la danza y el esp\u00edritu de unidad son los protagonistas. Prep\u00e1rate para <strong>sentir la energ\u00eda<\/strong>, <strong>bailar sin parar<\/strong> y <strong>vivir la magia<\/strong> de Tumaco de una manera que nunca imaginaste.<\/p>\n\n\n\n<h2 class=\"wp-block-heading\"><strong>Programaci\u00f3n oficial<\/strong><\/h2>\n\n\n\n<p><em>Domingo 23 de febrero: Lanzamiento<\/em><\/p>\n\n\n\n<p>El Carnaval del Fuego en Tumaco inicia con una vibrante presentaci\u00f3n que cautivar\u00e1 a todos los asistentes. Este domingo, a partir de la una de la tarde, las playas del Morro ser\u00e1n el escenario perfecto para la gran cita de la temporada. Roberto Blades, destacado artista, ser\u00e1 el encargado de dar inicio a esta fiesta cultural, mientras se lleva a cabo la presentaci\u00f3n oficial de las candidatas, quienes competir\u00e1n por la codiciada corona del evento. Adem\u00e1s, en este marco festivo, se realizar\u00e1 la imponente imposici\u00f3n de banda a las reinas del Carnaval, un acto que resalta la belleza, el talento y el esp\u00edritu del evento m\u00e1s esperado del a\u00f1o en Tumaco.<\/p>\n\n\n\n<h4 class=\"wp-block-heading\"><strong>Jueves 27 de febrero: Cariocazo Infantil<\/strong><\/h4>\n\n\n\n<p>\u00a1Que empiece la fiesta! Los m\u00e1s peque\u00f1os ser\u00e1n los encargados de dar inicio a esta celebraci\u00f3n con el <strong>Cariocazo Infantil<\/strong>. Un desfile cargado de colores, alegr\u00eda y, sobre todo, <strong>sonrisas<\/strong>. Los ni\u00f1os ser\u00e1n los verdaderos protagonistas, con actividades divertidas y la elecci\u00f3n de la <strong>Chiqui Reina<\/strong> del Carnaval. \u00a1La magia comienza aqu\u00ed!<\/p>\n\n\n\n<h4 class=\"wp-block-heading\"><strong>Viernes 28 de febrero: Desfile de Instituciones Educativas<\/strong><\/h4>\n\n\n\n<p>\u00a1El arte y la creatividad se apoderan de las calles! Las instituciones educativas de Tumaco transformar\u00e1n las avenidas en un <strong>show de talento<\/strong>, con disfraces, coreograf\u00edas y representaciones que reflejan la <strong>cultura viva<\/strong> de la regi\u00f3n. Prep\u00e1rate para quedar boquiabierto ante la <strong>imaginaci\u00f3n<\/strong> de los estudiantes y la pasi\u00f3n que ponen en cada paso.<\/p>\n\n\n\n<h4 class=\"wp-block-heading\"><strong>S\u00e1bado 1 de marzo: Desfile N\u00e1utico y Noche de Conciertos<\/strong><\/h4>\n\n\n\n<p>\u00a1Este es uno de los momentos m\u00e1s esperados! El <strong>Desfile N\u00e1utico<\/strong> en el mar de Tumaco es un espect\u00e1culo que tendr\u00e1s que ver para creer. Las candidatas y sus barras recorrer\u00e1n el agua en un desfile impresionante, \u00a1y podr\u00e1s verlo desde los <strong>muelles<\/strong> y <strong>puentes<\/strong> del Pindo y Morro! Y cuando caiga la noche, los conciertos arrancar\u00e1n con todo, con <strong>artistas nacionales<\/strong> e <strong>internacionales<\/strong> listos para hacer vibrar el alma. <strong>\u00a1La fiesta no para!<\/strong><\/p>\n\n\n\n<p><strong>Concierto: Rafu Warner y Blessd<\/strong><\/p>\n\n\n\n<h4 class=\"wp-block-heading\"><strong>Domingo 2 de marzo: Gran Noche de Coronaci\u00f3n<\/strong><\/h4>\n\n\n\n<p>\u00a1Es la <strong>gran noche<\/strong> del Carnaval! La <strong>coronaci\u00f3n de la Reina<\/strong> del Carnaval del Fuego 2025 ser\u00e1 una gala llena de brillo, elegancia y, por supuesto, \u00a1mucha m\u00fasica! Un evento espectacular, con artistas de primera l\u00ednea que har\u00e1n de esta noche un momento \u00fanico. <strong>\u00a1No querr\u00e1s perderte ni un segundo!<\/strong><\/p>\n\n\n\n<p><strong>Concierto: Luis Alfonso, Domingo Qui\u00f1ones, Daniel Calder\u00f3n<\/strong><\/p>\n\n\n\n<h4 class=\"wp-block-heading\"><strong>Lunes 3 de marzo: Gran Desfile Central y Noche de Conciertos<\/strong><\/h4>\n\n\n\n<p>Las calles de Tumaco se llenar\u00e1n de <strong>carrozas<\/strong>, <strong>comparsas<\/strong> y <strong>grupos art\u00edsticos<\/strong> que dar\u00e1n vida a la <strong>tradici\u00f3n<\/strong> y la <strong>cultura<\/strong> tumaque\u00f1a. El <strong>Gran Desfile Central<\/strong> es un recorrido de alegr\u00eda que une a todos en una explosi\u00f3n de color. Y cuando el sol se ponga, la <strong>noche de conciertos<\/strong> llevar\u00e1 la fiesta a otro nivel con los mejores artistas del pa\u00eds y del mundo. \u00a1Este carnaval est\u00e1 en su punto m\u00e1s alto!<\/p>\n\n\n\n<p>Concierto de cierre: Willy Garc\u00eda y Gilberto Santa Rosa<\/p>\n\n\n\n<h4 class=\"wp-block-heading\"><strong>Martes 4 de marzo: D\u00eda del Agua y Cierre del Carnaval<\/strong><\/h4>\n\n\n\n<p>El carnaval cierra con el <strong>D\u00eda del Agua<\/strong>, una jornada de pura diversi\u00f3n, juegos y <strong>fiesta en cada rinc\u00f3n de Tumaco<\/strong>. Los barrios se llenan de risas y m\u00fasica, con una celebraci\u00f3n final que har\u00e1 que todos quieran quedarse. \u00a1Y para el cierre de lujo, conciertos de <strong>artistas locales<\/strong> que le pondr\u00e1n la guinda a esta fiesta de cierre con broche de oro!<\/p>\n\n\n\n<h2 class=\"wp-block-heading\"><strong>\u00a1Ven y Vive la Magia del Carnaval del Fuego 2025!<\/strong><\/h2>\n\n\n\n<p>Este carnaval no es solo una fiesta, \u00a1es una <strong>experiencia transformadora<\/strong>! Ven a Tumaco y <strong>descubre el poder de su cultura<\/strong>, el calor de su gente y la alegr\u00eda que corre por sus venas. Es un llamado a todos los amantes de la buena m\u00fasica, el baile, las tradiciones y las <strong>emociones fuertes<\/strong>.<\/p>\n\n\n\n<p><strong>\u00a1Tumaco te espera!<\/strong> \u00a1No puedes quedarte fuera de esta fiesta \u00fanica! <strong>Vive la magia del Carnaval del Fuego<\/strong>, celebra con nosotros la <strong>paz, la cultura y la tradici\u00f3n<\/strong>, y s\u00e9 parte de un evento que dejar\u00e1 huella en tu coraz\u00f3n.<\/p>\n\n\n\n<h3 class=\"wp-block-heading\"><strong>S\u00edguenos en redes sociales con el hashtag #CarnavalDelFuego2025 y #TumacoSeTransforma<\/strong><\/h3>\n\n\n\n<p class=\"has-text-align-center\"><strong><em>\u00a1Nos vemos en Tumaco!<\/em><\/strong><\/p>\n","protected":false},"excerpt":{"rendered":"<p>\u00a1La cuenta regresiva ya empez\u00f3 y Tumaco se prepara para arder de alegr\u00eda! El Carnaval del Fuego 2025 est\u00e1 por llegar, y ser\u00e1 m\u00e1s grande, vibrante y espectacular que nunca. Del 27 de febrero al 4 de marzo de 2025, esta fiesta se tomar\u00e1 las calles, las playas y el mar de Tumaco, un carnaval [&hellip;]<\/p>\n","protected":false},"author":2,"featured_media":1509,"comment_status":"open","ping_status":"open","sticky":false,"template":"","format":"standard","meta":{"_jetpack_newsletter_access":"","_jetpack_dont_email_post_to_subs":false,"_jetpack_newsletter_tier_id":0,"_jetpack_memberships_contains_paywalled_content":false,"_jetpack_memberships_contains_paid_content":false,"footnotes":""},"categories":[14],"tags":[],"class_list":{"0":"post-1508","1":"post","2":"type-post","3":"status-publish","4":"format-standard","5":"has-post-thumbnail","7":"category-ciudades-buena-nota"},"jetpack_sharing_enabled":true,"jetpack_featured_media_url":"https:\/\/i0.wp.com\/colombiabuenanota.com\/wp-content\/uploads\/2025\/02\/Imagen-de-WhatsApp-2025-02-24-a-las-11.38.32_677bf514.jpg?fit=700%2C466&ssl=1","jetpack-related-posts":[],"_links":{"self":[{"href":"https:\/\/colombiabuenanota.com\/index.php\/wp-json\/wp\/v2\/posts\/1508","targetHints":{"allow":["GET"]}}],"collection":[{"href":"https:\/\/colombiabuenanota.com\/index.php\/wp-json\/wp\/v2\/posts"}],"about":[{"href":"https:\/\/colombiabuenanota.com\/index.php\/wp-json\/wp\/v2\/types\/post"}],"author":[{"embeddable":true,"href":"https:\/\/colombiabuenanota.com\/index.php\/wp-json\/wp\/v2\/users\/2"}],"replies":[{"embeddable":true,"href":"https:\/\/colombiabuenanota.com\/index.php\/wp-json\/wp\/v2\/comments?post=1508"}],"version-history":[{"count":1,"href":"https:\/\/colombiabuenanota.com\/index.php\/wp-json\/wp\/v2\/posts\/1508\/revisions"}],"predecessor-version":[{"id":1510,"href":"https:\/\/colombiabuenanota.com\/index.php\/wp-json\/wp\/v2\/posts\/1508\/revisions\/1510"}],"wp:featuredmedia":[{"embeddable":true,"href":"https:\/\/colombiabuenanota.com\/index.php\/wp-json\/wp\/v2\/media\/1509"}],"wp:attachment":[{"href":"https:\/\/colombiabuenanota.com\/index.php\/wp-json\/wp\/v2\/media?parent=1508"}],"wp:term":[{"taxonomy":"category","embeddable":true,"href":"https:\/\/colombiabuenanota.com\/index.php\/wp-json\/wp\/v2\/categories?post=1508"},{"taxonomy":"post_tag","embeddable":true,"href":"https:\/\/colombiabuenanota.com\/index.php\/wp-json\/wp\/v2\/tags?post=1508"}],"curies":[{"name":"wp","href":"https:\/\/api.w.org\/{rel}","templated":true}]}}