{"id":1505,"date":"2025-02-24T12:39:54","date_gmt":"2025-02-24T17:39:54","guid":{"rendered":"https:\/\/colombiabuenanota.com\/?p=1505"},"modified":"2025-02-24T12:39:57","modified_gmt":"2025-02-24T17:39:57","slug":"mujeres-a-la-plancha-regresa-a-la-arena-usc-de-cali","status":"publish","type":"post","link":"https:\/\/colombiabuenanota.com\/index.php\/2025\/02\/24\/mujeres-a-la-plancha-regresa-a-la-arena-usc-de-cali\/","title":{"rendered":"Mujeres a la Plancha regresa a la Arena USC de Cali"},"content":{"rendered":"\n<p>La exitosa y aclamada agrupaci\u00f3n Mujeres a la Plancha vuelve a encender los escenarios con una nueva edici\u00f3n de su espect\u00e1culo insignia, \u201cDe Mil Colores\u201d, que llega con su 13\u00aa temporada para conquistar a los corazones colombianos y traer una noche de magia, emoci\u00f3n y nostalgia en el mayor auditorio del pa\u00eds: la Arena USC, Carlos Andr\u00e9s P\u00e9rez Galindo. Este esperado concierto se llevar\u00e1 a cabo el 15 de marzo de 2025 y promete ser una experiencia multisensorial que marcar\u00e1 un antes y un despu\u00e9s en la m\u00fasica de plancha.<\/p>\n\n\n\n<h2 class=\"wp-block-heading\">Mujeres a la plancha: Un espect\u00e1culo que te har\u00e1 vivir cada emoci\u00f3n<\/h2>\n\n\n\n<p>Despu\u00e9s de m\u00e1s de ocho a\u00f1os de \u00e9xito rotundo y con un recorrido de m\u00e1s de 700 funciones dentro y fuera de Colombia, Mujeres a la Plancha contin\u00faa siendo la propuesta m\u00e1s fresca y vibrante dentro del g\u00e9nero de la m\u00fasica de plancha. Este a\u00f1o, con su nueva temporada \u201cDe Mil Colores\u201d, la agrupaci\u00f3n llevar\u00e1 a los asistentes a un viaje emocional repleto de nostalgia, amor, desamor y, por supuesto, las canciones que han acompa\u00f1ado a varias generaciones.<\/p>\n\n\n\n<p>La nueva temporada destaca por una impresionante puesta en escena que combina luces que danzan al ritmo de la m\u00fasica, pantallas gigantes que envuelven al p\u00fablico en cada acorde y una explosi\u00f3n de colores que transforman cada canci\u00f3n en una experiencia visual inolvidable.<\/p>\n\n\n\n<p>Todo esto se conjuga para dar vida a un espect\u00e1culo en el que la m\u00fasica y los efectos visuales se fusionan de manera magistral, llevando a los asistentes a revivir los momentos m\u00e1s emblem\u00e1ticos de sus vidas.<\/p>\n\n\n\n<h2 class=\"wp-block-heading\">Un elenco de estrellas para una noche inolvidable<\/h2>\n\n\n\n<p>Este a\u00f1o, el concierto de Mujeres a la Plancha en la Arena USC contar\u00e1 con un elenco de artistas de primer nivel, que ser\u00e1n los encargados de darle vida a esta nueva temporada.<\/p>\n\n\n\n<p>En el escenario estar\u00e1n Diana Hoyos, Laura Padilla, Shaira, Stefany y Laura Mayolo, un grupo de talentosas int\u00e9rpretes que, con su carisma y energ\u00eda, ofrecer\u00e1n una noche llena de sorpresas, nuevas coreograf\u00edas, y un repertorio que mezcla los grandes cl\u00e1sicos de la m\u00fasica de plancha con canciones frescas y actuales.<\/p>\n\n\n\n<p>Cada una de estas artistas ser\u00e1 la encargada de transmitir con su voz y presencia esc\u00e9nica la magia de un g\u00e9nero que ha tocado los corazones de los colombianos durante a\u00f1os.<\/p>\n\n\n\n<p>El p\u00fablico podr\u00e1 disfrutar de un repertorio cuidadosamente seleccionado que incluye \u00e9xitos que marcaron historia, fusionados con nuevas canciones que, sin duda, se convertir\u00e1n en los pr\u00f3ximos cl\u00e1sicos.<\/p>\n\n\n\n<h2 class=\"wp-block-heading\">Una experiencia multisensorial \u00fanica<\/h2>\n\n\n\n<p>El concierto de \u201cDe Mil Colores\u201d es un espect\u00e1culo que te har\u00e1 sentir cada acorde, cada nota, y cada emoci\u00f3n. La puesta en escena estar\u00e1 acompa\u00f1ada de un despliegue visual impresionante, con luces que siguen el ritmo de la m\u00fasica, pantallas que proyectan im\u00e1genes de los recuerdos m\u00e1s entra\u00f1ables y, por supuesto, una explosi\u00f3n de colores que har\u00e1n que el p\u00fablico se sienta inmerso en un mar de emociones desde el primer acorde hasta el \u00faltimo aplauso.<\/p>\n\n\n\n<p>Esta temporada se caracteriza por innovadoras coreograf\u00edas y un vestuario espectacular que resalta la sensualidad y belleza de las artistas.<\/p>\n\n\n\n<p>Adem\u00e1s, se promete un enfoque m\u00e1s moderno sin perder la esencia nost\u00e1lgica que ha cautivado a los miles de seguidores de Mujeres a la Plancha en sus m\u00e1s de ocho a\u00f1os de carrera. Es un concierto para disfrutar con amigos, para cantar, re\u00edr, llorar y revivir esos momentos que forman parte de la banda sonora de nuestras vidas.<\/p>\n\n\n\n<h2 class=\"wp-block-heading\">La Arena USC, el lugar perfecto para un espect\u00e1culo de esta magnitud<\/h2>\n\n\n\n<p>Para esta presentaci\u00f3n, Mujeres a la Plancha ha elegido la Arena USC, el auditorio m\u00e1s moderno y vers\u00e1til de Cali, con una capacidad para 2.200 espectadores c\u00f3modamente ubicados en sillas tipo cine, lo que garantizar\u00e1 una experiencia c\u00f3moda y \u00fanica para todos los asistentes.<\/p>\n\n\n\n<p>Este imponente escenario ser\u00e1 el marco perfecto para un show de tal magnitud, en el que la calidad del sonido, la iluminaci\u00f3n y la visi\u00f3n de cada detalle estar\u00e1n al alcance de todos.<\/p>\n\n\n\n<p>Las entradas para este espectacular evento ya est\u00e1n disponibles para el p\u00fablico a trav\u00e9s de <a href=\"http:\/\/www.qrboletos.com\" target=\"_blank\" rel=\"noopener\">www.qrboletos.com<\/a> y @QRBoletos, la plataforma de ventas en l\u00ednea que facilitar\u00e1 el acceso a este esperado concierto. No pierdas la oportunidad de ser parte de este evento \u00fanico que promete sorprender con su despliegue visual y musical, y un repertorio lleno de emociones, m\u00fasica y mucha energ\u00eda positiva.<\/p>\n\n\n\n<p>Compra tus entradas ya y asegura tu lugar en este incre\u00edble concierto.<br>Mujeres a la Plancha promete una noche \u00fanica llena de emoci\u00f3n, nostalgia y sorpresas que marcar\u00e1n la historia del g\u00e9nero musical de plancha en Colombia. \u00a1No te pierdas la oportunidad de disfrutar de un espect\u00e1culo que te har\u00e1 vibrar desde el primer acorde hasta el \u00faltimo aplauso! Nos vemos el 15 de marzo en la Arena USC de Cali para vivir una experiencia de \u201cMil Colores\u201d<\/p>\n\n\n\n<p class=\"has-text-align-center\"><em>\u00a1Haz parte de este evento \u00fanico y prep\u00e1rate para cantar, vivir<\/em> <em>y disfrutar la m\u00fasica de plancha como nunca antes!<\/em><\/p>\n","protected":false},"excerpt":{"rendered":"<p>La exitosa y aclamada agrupaci\u00f3n Mujeres a la Plancha vuelve a encender los escenarios con una nueva edici\u00f3n de su espect\u00e1culo insignia, \u201cDe Mil Colores\u201d, que llega con su 13\u00aa temporada para conquistar a los corazones colombianos y traer una noche de magia, emoci\u00f3n y nostalgia en el mayor auditorio del pa\u00eds: la Arena USC, [&hellip;]<\/p>\n","protected":false},"author":2,"featured_media":1506,"comment_status":"open","ping_status":"open","sticky":false,"template":"","format":"standard","meta":{"_jetpack_newsletter_access":"","_jetpack_dont_email_post_to_subs":false,"_jetpack_newsletter_tier_id":0,"_jetpack_memberships_contains_paywalled_content":false,"_jetpack_memberships_contains_paid_content":false,"footnotes":""},"categories":[6],"tags":[],"class_list":{"0":"post-1505","1":"post","2":"type-post","3":"status-publish","4":"format-standard","5":"has-post-thumbnail","7":"category-cultura-y-turismo"},"jetpack_sharing_enabled":true,"jetpack_featured_media_url":"https:\/\/i0.wp.com\/colombiabuenanota.com\/wp-content\/uploads\/2025\/02\/Imagen-de-WhatsApp-2025-02-24-a-las-11.39.13_5edd5f46.jpg?fit=700%2C499&ssl=1","jetpack-related-posts":[],"_links":{"self":[{"href":"https:\/\/colombiabuenanota.com\/index.php\/wp-json\/wp\/v2\/posts\/1505","targetHints":{"allow":["GET"]}}],"collection":[{"href":"https:\/\/colombiabuenanota.com\/index.php\/wp-json\/wp\/v2\/posts"}],"about":[{"href":"https:\/\/colombiabuenanota.com\/index.php\/wp-json\/wp\/v2\/types\/post"}],"author":[{"embeddable":true,"href":"https:\/\/colombiabuenanota.com\/index.php\/wp-json\/wp\/v2\/users\/2"}],"replies":[{"embeddable":true,"href":"https:\/\/colombiabuenanota.com\/index.php\/wp-json\/wp\/v2\/comments?post=1505"}],"version-history":[{"count":1,"href":"https:\/\/colombiabuenanota.com\/index.php\/wp-json\/wp\/v2\/posts\/1505\/revisions"}],"predecessor-version":[{"id":1507,"href":"https:\/\/colombiabuenanota.com\/index.php\/wp-json\/wp\/v2\/posts\/1505\/revisions\/1507"}],"wp:featuredmedia":[{"embeddable":true,"href":"https:\/\/colombiabuenanota.com\/index.php\/wp-json\/wp\/v2\/media\/1506"}],"wp:attachment":[{"href":"https:\/\/colombiabuenanota.com\/index.php\/wp-json\/wp\/v2\/media?parent=1505"}],"wp:term":[{"taxonomy":"category","embeddable":true,"href":"https:\/\/colombiabuenanota.com\/index.php\/wp-json\/wp\/v2\/categories?post=1505"},{"taxonomy":"post_tag","embeddable":true,"href":"https:\/\/colombiabuenanota.com\/index.php\/wp-json\/wp\/v2\/tags?post=1505"}],"curies":[{"name":"wp","href":"https:\/\/api.w.org\/{rel}","templated":true}]}}