{"id":1495,"date":"2025-02-14T11:39:32","date_gmt":"2025-02-14T16:39:32","guid":{"rendered":"https:\/\/colombiabuenanota.com\/?p=1495"},"modified":"2025-02-14T11:39:35","modified_gmt":"2025-02-14T16:39:35","slug":"quiero-ser-grande-por-la-deteccion-del-cancer-infantil","status":"publish","type":"post","link":"https:\/\/colombiabuenanota.com\/index.php\/2025\/02\/14\/quiero-ser-grande-por-la-deteccion-del-cancer-infantil\/","title":{"rendered":"&#8220;Quiero ser grande&#8221;: Un llamado a la acci\u00f3n por el c\u00e1ncer infantil"},"content":{"rendered":"\n<p>Cada 15 de febrero, el mundo conmemora el D\u00eda Mundial del C\u00e1ncer Infantil, una fecha crucial para recordar la importancia de la detecci\u00f3n temprana y el acceso a tratamientos adecuados que pueden salvar la vida de miles de ni\u00f1os en todo el mundo.<\/p>\n\n\n\n<p>Este d\u00eda nos invita a reflexionar sobre una enfermedad que sigue siendo una de las principales causas de mortalidad entre los m\u00e1s j\u00f3venes, y a unir esfuerzos en la lucha por un futuro en el que m\u00e1s ni\u00f1os puedan crecer, sanar y alcanzar sus sue\u00f1os.<\/p>\n\n\n\n<h2 class=\"wp-block-heading\">La Realidad detr\u00e1s de las cifras<\/h2>\n\n\n\n<p>Seg\u00fan datos de la Organizaci\u00f3n Mundial de la Salud (OMS), cada a\u00f1o se diagnostican aproximadamente 300,000 casos de c\u00e1ncer en ni\u00f1os menores de 19 a\u00f1os en todo el mundo. A pesar de los avances en el diagn\u00f3stico y los tratamientos, la tasa de mortalidad sigue siendo alarmante.<\/p>\n\n\n\n<p>Se estima que el 20% de los ni\u00f1os diagnosticados podr\u00edan haber sobrevivido si hubieran recibido un diagn\u00f3stico y tratamiento a tiempo. Estas cifras no son meros n\u00fameros, sino vidas truncadas y familias rotas por el dolor de perder a un ser querido.<\/p>\n\n\n\n<p>La diferencia en las tasas de supervivencia es especialmente evidente cuando comparamos pa\u00edses con sistemas de salud avanzados con aquellos en v\u00edas de desarrollo. En pa\u00edses de altos ingresos, las tasas de supervivencia superan el 80%, mientras que en pa\u00edses de bajos recursos, la tasa puede ser tan baja como el 20%.<\/p>\n\n\n\n<p>Esto refleja las profundas desigualdades en el acceso a atenci\u00f3n m\u00e9dica de calidad, un desaf\u00edo global que requiere la atenci\u00f3n inmediata de la comunidad internacional.<\/p>\n\n\n\n<h2 class=\"wp-block-heading\">La realidad del c\u00e1ncer infantil en Colombia<\/h2>\n\n\n\n<p>Seg\u00fan cifras de ACHOP y el Ministerio de salud en Colombia se estima que cada a\u00f1o se presentan alrededor de 2.100 casos nuevos de c\u00e1ncer infantil.<\/p>\n\n\n\n<p>A pesar de los esfuerzos por mejorar la atenci\u00f3n, la tasa de supervivencia en Colombia sigue siendo del 65%, lo que indica que a\u00fan queda mucho trabajo por hacer para acercarnos a los est\u00e1ndares internacionales, donde la tasa de supervivencia a 5 a\u00f1os puede superar el 80%.<\/p>\n\n\n\n<p>El c\u00e1ncer infantil es diverso y complejo. Entre los tipos m\u00e1s frecuentes se encuentran:<\/p>\n\n\n\n<p>&#8211; Leucemia: Representa el 30% de los casos de c\u00e1ncer infantil. Se caracteriza por fatiga extrema, palidez y dolor \u00f3seo.<\/p>\n\n\n\n<p>&#8211; Tumores cerebrales: Son la segunda causa m\u00e1s frecuente, con s\u00edntomas como dolores de cabeza persistentes, v\u00f3mitos inexplicables y alteraciones en la visi\u00f3n.<\/p>\n\n\n\n<p>&#8211; Neuroblastoma: Afecta principalmente a ni\u00f1os menores de 5 a\u00f1os, causando inflamaci\u00f3n abdominal, p\u00e9rdida de peso y cambios en el comportamiento.<\/p>\n\n\n\n<p>&#8211; Linfomas: Se presentan con hinchaz\u00f3n de los ganglios linf\u00e1ticos, fiebre inexplicada y p\u00e9rdida de peso.<\/p>\n\n\n\n<h2 class=\"wp-block-heading\">Campa\u00f1a \u201cQuiero Ser Grande\u201d<\/h2>\n\n\n\n<p>Con el objetivo de reducir la mortalidad infantil por c\u00e1ncer, 172 organizaciones se unieron a la campa\u00f1a \u201cQuiero Ser Grande\u201d, para hacer un llamado urgente a la sensibilizaci\u00f3n sobre los signos de alerta del c\u00e1ncer infantil.<\/p>\n\n\n\n<p>Esta iniciativa pretende educar a los padres, cuidadores y profesionales de la salud sobre las se\u00f1ales de alarma que no deben ser ignoradas, con el fin de facilitar una detecci\u00f3n temprana que aumente las probabilidades de supervivencia de los ni\u00f1os.<\/p>\n\n\n\n<h2 class=\"wp-block-heading\">Se\u00f1ales de Alerta del C\u00e1ncer Infantil<\/h2>\n\n\n\n<p>La detecci\u00f3n temprana es crucial. Algunos de los s\u00edntomas m\u00e1s comunes que podr\u00edan indicar la presencia de c\u00e1ncer infantil incluyen:<\/p>\n\n\n\n<ol class=\"wp-block-list\">\n<li>P\u00e9rdida de peso inexplicable y persistente<\/li>\n\n\n\n<li>Fiebre prolongada sin causa aparente<\/li>\n\n\n\n<li>Fatiga extrema o decaimiento constante<\/li>\n\n\n\n<li>Moretones, sangrados o puntos rojos en la piel sin causa aparente<\/li>\n\n\n\n<li>Dolores de cabeza frecuentes, a menudo acompa\u00f1ados de v\u00f3mitos matutinos<\/li>\n\n\n\n<li>Inflamaci\u00f3n o masas en el abdomen, cuello o ganglios linf\u00e1ticos<\/li>\n\n\n\n<li>Dolor \u00f3seo o articular sin traumatismo previo<\/li>\n\n\n\n<li>P\u00e9rdida repentina de visi\u00f3n o reflejo blanco en la pupila del ojo<\/li>\n\n\n\n<li>Dificultad para caminar, p\u00e9rdida de equilibrio o coordinaci\u00f3n<\/li>\n\n\n\n<li>Sudoraci\u00f3n nocturna excesiva<\/li>\n<\/ol>\n\n\n\n<p>Si cualquiera de estos s\u00edntomas persiste, es esencial consultar a un m\u00e9dico lo m\u00e1s pronto posible. La detecci\u00f3n temprana puede hacer la diferencia entre la vida y la muerte.<\/p>\n\n\n\n<h2 class=\"wp-block-heading\">Avances en el Tratamiento y el Rol de la Ley<\/h2>\n\n\n\n<p>Gracias a los avances en la medicina, los tratamientos para el c\u00e1ncer infantil han mejorado significativamente en los \u00faltimos a\u00f1os.<\/p>\n\n\n\n<p>La quimioterapia sigue siendo el tratamiento m\u00e1s com\u00fan, pero las opciones m\u00e1s nuevas, como la inmunoterapia y los tratamientos dirigidos, est\u00e1n mostrando resultados prometedores, con menos efectos secundarios y mayor precisi\u00f3n en su aplicaci\u00f3n.<\/p>\n\n\n\n<p>En Colombia, la Ley 1388 de 2010, tambi\u00e9n conocida como la ley por el derecho a la vida de los ni\u00f1os con c\u00e1ncer, ha sido clave para garantizar el acceso gratuito a los tratamientos y la creaci\u00f3n de una red de atenci\u00f3n especializada para estos pacientes. Esta ley fue complementada con el Decreto 647 de 2022, que prioriza la asignaci\u00f3n de recursos hacia los prestadores de servicios de salud para menores con c\u00e1ncer, mejorando su acceso a una atenci\u00f3n de calidad.<\/p>\n\n\n\n<h2 class=\"wp-block-heading\">Un llamado urgente a la acci\u00f3n<\/h2>\n\n\n\n<p>El c\u00e1ncer infantil no debe ser una causa solo de reflexi\u00f3n, sino un impulso para la acci\u00f3n. No basta con lamentar las p\u00e9rdidas; debemos actuar para que m\u00e1s ni\u00f1os tengan la oportunidad de sobrevivir.<\/p>\n\n\n\n<p>Es fundamental que las familias, la sociedad y el gobierno trabajen juntos para mejorar el acceso a diagn\u00f3sticos oportunos y tratamientos adecuados, as\u00ed como para invertir m\u00e1s en investigaci\u00f3n que permita encontrar nuevas soluciones.<\/p>\n\n\n\n<p>Cada ni\u00f1o que pierde la vida a causa de esta enfermedad es un recordatorio de que debemos seguir luchando para mejorar nuestros sistemas de salud, y sobre todo, que el tiempo es vital.<\/p>\n\n\n\n<p>Es importante a su vez que m\u00e1s pa\u00edses aumenten sus inversiones en salud infantil, en especial en el diagn\u00f3stico temprano y la calidad del tratamiento.<\/p>\n\n\n\n<p>La campa\u00f1a \u201cQuiero Ser Grande\u201d es un llamado a la acci\u00f3n para todos. La sensibilizaci\u00f3n, el apoyo a los afectados y el compromiso con la mejora de la atenci\u00f3n en oncolog\u00eda pedi\u00e1trica son pasos fundamentales para reducir la mortalidad infantil por c\u00e1ncer y garantizar que m\u00e1s ni\u00f1os crezcan, se desarrollen y puedan alcanzar su futuro.<\/p>\n\n\n\n<p>Para m\u00e1s informaci\u00f3n sobre la campa\u00f1a y c\u00f3mo contribuir, visita nuestro sitio web y s\u00edguenos en redes sociales con el hashtag #QuieroSerGrande.<\/p>\n\n\n\n<p>El c\u00e1ncer infantil es una de las principales causas de muerte en ni\u00f1os, pero con detecci\u00f3n temprana, tratamientos adecuados y el apoyo de la sociedad, podemos cambiar estas estad\u00edsticas. Todos podemos poner nuestro granito de arena para que m\u00e1s ni\u00f1os puedan crecer y ser grandes.<\/p>\n\n\n\n<p>Fuente: Vigic\u00e1ncer, OMS, Campa\u00f1a &#8220;Quiero Ser Grande&#8221;<\/p>\n","protected":false},"excerpt":{"rendered":"<p>Cada 15 de febrero, el mundo conmemora el D\u00eda Mundial del C\u00e1ncer Infantil, una fecha crucial para recordar la importancia de la detecci\u00f3n temprana y el acceso a tratamientos adecuados que pueden salvar la vida de miles de ni\u00f1os en todo el mundo. Este d\u00eda nos invita a reflexionar sobre una enfermedad que sigue siendo [&hellip;]<\/p>\n","protected":false},"author":2,"featured_media":1496,"comment_status":"open","ping_status":"open","sticky":false,"template":"","format":"standard","meta":{"_jetpack_newsletter_access":"","_jetpack_dont_email_post_to_subs":false,"_jetpack_newsletter_tier_id":0,"_jetpack_memberships_contains_paywalled_content":false,"_jetpack_memberships_contains_paid_content":false,"footnotes":""},"categories":[12],"tags":[],"class_list":{"0":"post-1495","1":"post","2":"type-post","3":"status-publish","4":"format-standard","5":"has-post-thumbnail","7":"category-salud"},"jetpack_sharing_enabled":true,"jetpack_featured_media_url":"https:\/\/i0.wp.com\/colombiabuenanota.com\/wp-content\/uploads\/2025\/02\/1-1.jpeg?fit=700%2C525&ssl=1","jetpack-related-posts":[],"_links":{"self":[{"href":"https:\/\/colombiabuenanota.com\/index.php\/wp-json\/wp\/v2\/posts\/1495","targetHints":{"allow":["GET"]}}],"collection":[{"href":"https:\/\/colombiabuenanota.com\/index.php\/wp-json\/wp\/v2\/posts"}],"about":[{"href":"https:\/\/colombiabuenanota.com\/index.php\/wp-json\/wp\/v2\/types\/post"}],"author":[{"embeddable":true,"href":"https:\/\/colombiabuenanota.com\/index.php\/wp-json\/wp\/v2\/users\/2"}],"replies":[{"embeddable":true,"href":"https:\/\/colombiabuenanota.com\/index.php\/wp-json\/wp\/v2\/comments?post=1495"}],"version-history":[{"count":1,"href":"https:\/\/colombiabuenanota.com\/index.php\/wp-json\/wp\/v2\/posts\/1495\/revisions"}],"predecessor-version":[{"id":1497,"href":"https:\/\/colombiabuenanota.com\/index.php\/wp-json\/wp\/v2\/posts\/1495\/revisions\/1497"}],"wp:featuredmedia":[{"embeddable":true,"href":"https:\/\/colombiabuenanota.com\/index.php\/wp-json\/wp\/v2\/media\/1496"}],"wp:attachment":[{"href":"https:\/\/colombiabuenanota.com\/index.php\/wp-json\/wp\/v2\/media?parent=1495"}],"wp:term":[{"taxonomy":"category","embeddable":true,"href":"https:\/\/colombiabuenanota.com\/index.php\/wp-json\/wp\/v2\/categories?post=1495"},{"taxonomy":"post_tag","embeddable":true,"href":"https:\/\/colombiabuenanota.com\/index.php\/wp-json\/wp\/v2\/tags?post=1495"}],"curies":[{"name":"wp","href":"https:\/\/api.w.org\/{rel}","templated":true}]}}