{"id":1475,"date":"2025-01-30T11:35:20","date_gmt":"2025-01-30T16:35:20","guid":{"rendered":"https:\/\/colombiabuenanota.com\/?p=1475"},"modified":"2025-01-30T11:35:22","modified_gmt":"2025-01-30T16:35:22","slug":"sevilla-acogera-el-congreso-empresarial-iberoamericano-ceapi","status":"publish","type":"post","link":"https:\/\/colombiabuenanota.com\/index.php\/2025\/01\/30\/sevilla-acogera-el-congreso-empresarial-iberoamericano-ceapi\/","title":{"rendered":"Sevilla acoger\u00e1 por primera vez el CEAPI Congreso empresarial iberoamericano"},"content":{"rendered":"\n<p>El <strong>Consejo Empresarial Alianza por Iberoam\u00e9rica (CEAPI)<\/strong> celebrar\u00e1, <strong>del 2 al 4 de junio en Sevilla,<\/strong> Espa\u00f1a, la octava edici\u00f3n de su<strong> Congreso<\/strong>, bajo el t\u00edtulo <strong><em>Conectamos continentes, construimos oportunidades.<\/em> <\/strong>Un encuentro exclusivo en el que <strong>500<\/strong> <strong>presidentes de compa\u00f1\u00edas l\u00edderes y familias empresarias de Iberoam\u00e9rica y Espa\u00f1a, y l\u00edderes institucionales de toda la Comunidad Iberoamericana<\/strong> pondr\u00e1n el foco en c\u00f3mo, al margen de la pol\u00edtica y la geograf\u00eda, Iberoam\u00e9rica existe por la decisi\u00f3n y empuje de sus grandes empresarios. <strong>En el marco del Congreso se conmemorar\u00e1 el d\u00e9cimo aniversario de CEAPI, <\/strong>una d\u00e9cada marcada por el compromiso de sus miembros de creer, crear y crecer en Iberoam\u00e9rica.<\/p>\n\n\n\n<p>Tras el \u00e9xito de la s\u00e9ptima edici\u00f3n del congreso, celebrada en Colombia, esta reuni\u00f3n de alto nivel entre l\u00edderes empresariales <strong>regresa a Espa\u00f1a y, por primera vez, se desplaza hasta la capital de Andaluc\u00eda, s\u00edmbolo de las relaciones entre los dos continentes. <\/strong>El evento, en palabras de la presidenta de CEAPI, <strong>N\u00faria Vilanova<\/strong>, <em>\u201ces una ocasi\u00f3n para reencontrarnos y un punto de inflexi\u00f3n para todos los empresarios, del que saldremos con una ilusi\u00f3n y una visi\u00f3n renovada de Iberoam\u00e9rica, de su potencial y del lugar que quiere, puede y debe ocupar en el mundo, y todo lo que podemos hacer los empresarios para conseguirlo\u201d.<\/em><\/p>\n\n\n\n<p>El <strong>VIII Congreso Iberoamericano de CEAPI<\/strong>, que se desarrollar\u00e1 entre la Fundaci\u00f3n Cajasol y el Cartuja Center CITE Sevilla<strong>, volver\u00e1 a convertirse en un espacio de alto nivel para el debate y, tambi\u00e9n, para hacer negocios, en el que participar\u00e1n los <\/strong><strong>principales empresarios, familias empresarias y decisores de toda Iberoam\u00e9rica<\/strong>.<\/p>\n","protected":false},"excerpt":{"rendered":"<p>El Consejo Empresarial Alianza por Iberoam\u00e9rica (CEAPI) celebrar\u00e1, del 2 al 4 de junio en Sevilla, Espa\u00f1a, la octava edici\u00f3n de su Congreso, bajo el t\u00edtulo Conectamos continentes, construimos oportunidades. Un encuentro exclusivo en el que 500 presidentes de compa\u00f1\u00edas l\u00edderes y familias empresarias de Iberoam\u00e9rica y Espa\u00f1a, y l\u00edderes institucionales de toda la Comunidad [&hellip;]<\/p>\n","protected":false},"author":2,"featured_media":1476,"comment_status":"open","ping_status":"open","sticky":false,"template":"","format":"standard","meta":{"_jetpack_newsletter_access":"","_jetpack_dont_email_post_to_subs":false,"_jetpack_newsletter_tier_id":0,"_jetpack_memberships_contains_paywalled_content":false,"_jetpack_memberships_contains_paid_content":false,"footnotes":""},"categories":[258],"tags":[],"class_list":{"0":"post-1475","1":"post","2":"type-post","3":"status-publish","4":"format-standard","5":"has-post-thumbnail","7":"category-actualidad"},"jetpack_sharing_enabled":true,"jetpack_featured_media_url":"https:\/\/i0.wp.com\/colombiabuenanota.com\/wp-content\/uploads\/2025\/01\/WhatsApp-Image-2025-01-30-at-10.56.32-AM.jpeg?fit=700%2C466&ssl=1","jetpack-related-posts":[],"_links":{"self":[{"href":"https:\/\/colombiabuenanota.com\/index.php\/wp-json\/wp\/v2\/posts\/1475","targetHints":{"allow":["GET"]}}],"collection":[{"href":"https:\/\/colombiabuenanota.com\/index.php\/wp-json\/wp\/v2\/posts"}],"about":[{"href":"https:\/\/colombiabuenanota.com\/index.php\/wp-json\/wp\/v2\/types\/post"}],"author":[{"embeddable":true,"href":"https:\/\/colombiabuenanota.com\/index.php\/wp-json\/wp\/v2\/users\/2"}],"replies":[{"embeddable":true,"href":"https:\/\/colombiabuenanota.com\/index.php\/wp-json\/wp\/v2\/comments?post=1475"}],"version-history":[{"count":1,"href":"https:\/\/colombiabuenanota.com\/index.php\/wp-json\/wp\/v2\/posts\/1475\/revisions"}],"predecessor-version":[{"id":1477,"href":"https:\/\/colombiabuenanota.com\/index.php\/wp-json\/wp\/v2\/posts\/1475\/revisions\/1477"}],"wp:featuredmedia":[{"embeddable":true,"href":"https:\/\/colombiabuenanota.com\/index.php\/wp-json\/wp\/v2\/media\/1476"}],"wp:attachment":[{"href":"https:\/\/colombiabuenanota.com\/index.php\/wp-json\/wp\/v2\/media?parent=1475"}],"wp:term":[{"taxonomy":"category","embeddable":true,"href":"https:\/\/colombiabuenanota.com\/index.php\/wp-json\/wp\/v2\/categories?post=1475"},{"taxonomy":"post_tag","embeddable":true,"href":"https:\/\/colombiabuenanota.com\/index.php\/wp-json\/wp\/v2\/tags?post=1475"}],"curies":[{"name":"wp","href":"https:\/\/api.w.org\/{rel}","templated":true}]}}