{"id":1448,"date":"2024-12-04T14:41:14","date_gmt":"2024-12-04T19:41:14","guid":{"rendered":"https:\/\/colombiabuenanota.com\/?p=1448"},"modified":"2024-12-04T14:41:17","modified_gmt":"2024-12-04T19:41:17","slug":"evite-lesiones-el-dia-de-las-velitas-y-fiestas-decembrinas","status":"publish","type":"post","link":"https:\/\/colombiabuenanota.com\/index.php\/2024\/12\/04\/evite-lesiones-el-dia-de-las-velitas-y-fiestas-decembrinas\/","title":{"rendered":"Recomendaciones para un manejo seguro de lesiones menores durante el D\u00eda de las Velitas y fiestas decembrinas"},"content":{"rendered":"\n<p>Con la llegada del D\u00eda de las Velitas, la tradici\u00f3n de disfrutar en familia y encender velas trae consigo un mayor riesgo de peque\u00f1os accidentes como quemaduras o cortes. Estos incidentes, aunque usualmente leves, pueden complicarse si no se manejan de manera adecuada. En el marco de esta celebraci\u00f3n, Leukoplast\u00ae, una marca de Essity, resalta la importancia de prevenir infecciones y contribuir a la lucha contra la resistencia antimicrobiana (RAM).<\/p>\n\n\n\n<p>La RAM, identificada como una de las mayores amenazas para la salud global, ocurre cuando los microorganismos desarrollan resistencia a los medicamentos dise\u00f1ados para eliminarlos. Seg\u00fan la Organizaci\u00f3n Mundial de la Salud (OMS), este fen\u00f3meno podr\u00eda causar 10 millones de muertes anuales para 2050. En Colombia, los registros del Instituto Nacional de Salud (INS) muestran que miles de muertes cada a\u00f1o est\u00e1n relacionadas con infecciones resistentes.<\/p>\n\n\n\n<p><em>\u201cLa prevenci\u00f3n y el tratamiento correcto de heridas son pr\u00e1cticas claves para evitar infecciones y reducir el uso innecesario de antibi\u00f3ticos, contribuyendo as\u00ed a mitigar el impacto de la RAM,\u201d<\/em> se\u00f1ala <strong>Carol Serna,<\/strong> <strong>L\u00edder Cl\u00ednica de la unidad Health &amp; Medical de Essity.<\/strong><\/p>\n\n\n\n<h2 class=\"wp-block-heading\"><strong>Cuidado preventivo en heridas: recomendaciones pr\u00e1cticas para el D\u00eda de las Velitas<\/strong><\/h2>\n\n\n\n<p>En esta fecha especial, Essity, compa\u00f1\u00eda global de higiene y salud, invita a los colombianos a reflexionar sobre la importancia del cuidado de las heridas como parte de una estrategia integral de prevenci\u00f3n. Adem\u00e1s, resalta la necesidad de fortalecer la educaci\u00f3n sobre el manejo adecuado de infecciones y la reducci\u00f3n del uso de antibi\u00f3ticos innecesarios, y brinda las siguientes recomendaciones:<\/p>\n\n\n\n<ul class=\"wp-block-list\">\n<li><strong>Usar productos id\u00f3neos:<\/strong> la prevenci\u00f3n de infecciones en heridas depende de un cuidado eficaz y del respaldo de art\u00edculos especializados que cuenten con los desarrollos necesarios para garantizar su correcto desempe\u00f1o.<\/li>\n\n\n\n<li><strong>Desinfectar los materiales:<\/strong> para cuidados en casa, es necesario asegurarse de que el material usado para limpiar la herida est\u00e9 est\u00e9ril. Por ejemplo, usar gasas est\u00e9riles en vez de algod\u00f3n (que podr\u00eda haber tenido contacto con un medio externo contaminado).<\/li>\n\n\n\n<li><strong>Lavar las manos adecuadamente:<\/strong> es fundamental higienizar las manos con agua y jab\u00f3n durante al menos 20 segundos.<\/li>\n\n\n\n<li><strong>Limpiar la herida correctamente:<\/strong> el suero fisiol\u00f3gico tibio es ideal para no irritar la piel ni comprometer los tejidos circundantes, garantizando que no haya suciedad en el lugar de la herida. En caso de no contar con suero en el hogar, se puede usar agua corriente. As\u00ed mismo, es esencial verificar el comportamiento del tejido y en caso de notar una evoluci\u00f3n que genere alerta, acudir al especialista.<\/li>\n\n\n\n<li><strong>Desinfectar la herida:<\/strong> se recomienda aplicar antis\u00e9pticos con una gasa est\u00e9ril para eliminar microorganismos. Por otro lado, evitar el uso de alcohol o agua oxigenada en heridas abiertas, pues pueden causar irritaciones.<\/li>\n\n\n\n<li><strong>Usar\u00a0 cobertura sobre la herida:<\/strong> es importante utilizar un curativo est\u00e9ril que proteja la herida contra microorganismos y mantenga la humedad adecuada para prevenir la infecci\u00f3n. Existen curativos que protegen de bacterias y otros que inactivan bacterias, eliminando g\u00e9rmenes con cada cambio.<\/li>\n\n\n\n<li><strong>Cambiar curativo regularmente:<\/strong> al observar humedad, es necesario cambiar el ap\u00f3sito, siguiendo las recomendaciones anteriores.<\/li>\n\n\n\n<li><strong>Monitorear la herida: <\/strong>es normal sentir leve incomodidad y sensibilidad alrededor de la herida mientras cicatriza. Sin embargo, si hay enrojecimiento, hinchaz\u00f3n o calor en la piel circundante, puede ser se\u00f1al de infecci\u00f3n. Si aparecen secreciones, fiebre, n\u00e1useas o v\u00f3mitos, es necesario buscar atenci\u00f3n m\u00e9dica.<\/li>\n<\/ul>\n\n\n\n<p>Las heridas peque\u00f1as o medias pueden cicatrizar en pocos d\u00edas, o hasta en dos semanas. Lesiones m\u00e1s grandes o profundas pueden llevar semanas o hasta meses. No obstante, el dolor no deber\u00eda aumentar en ning\u00fan caso. En caso de que ocurra, es necesario encontrar un especialista para verificaci\u00f3n profesional.<\/p>\n\n\n\n<p><em>\u201cLa resistencia antimicrobiana es una amenaza silenciosa que requiere acci\u00f3n inmediata. La educaci\u00f3n, combinada con pr\u00e1cticas b\u00e1sicas de higiene, puede marcar la diferencia en la salud de las personas y en la sostenibilidad de los tratamientos m\u00e9dicos en el futuro\u201d,<\/em> concluye <strong>Serna.<\/strong><\/p>\n","protected":false},"excerpt":{"rendered":"<p>Con la llegada del D\u00eda de las Velitas, la tradici\u00f3n de disfrutar en familia y encender velas trae consigo un mayor riesgo de peque\u00f1os accidentes como quemaduras o cortes. Estos incidentes, aunque usualmente leves, pueden complicarse si no se manejan de manera adecuada. En el marco de esta celebraci\u00f3n, Leukoplast\u00ae, una marca de Essity, resalta [&hellip;]<\/p>\n","protected":false},"author":2,"featured_media":1449,"comment_status":"open","ping_status":"open","sticky":false,"template":"","format":"standard","meta":{"_jetpack_newsletter_access":"","_jetpack_dont_email_post_to_subs":false,"_jetpack_newsletter_tier_id":0,"_jetpack_memberships_contains_paywalled_content":false,"_jetpack_memberships_contains_paid_content":false,"footnotes":""},"categories":[12],"tags":[],"class_list":{"0":"post-1448","1":"post","2":"type-post","3":"status-publish","4":"format-standard","5":"has-post-thumbnail","7":"category-salud"},"jetpack_sharing_enabled":true,"jetpack_featured_media_url":"https:\/\/i0.wp.com\/colombiabuenanota.com\/wp-content\/uploads\/2024\/12\/diwali-candle-background-aesthetic-flame-image.jpg?fit=700%2C466&ssl=1","jetpack-related-posts":[],"_links":{"self":[{"href":"https:\/\/colombiabuenanota.com\/index.php\/wp-json\/wp\/v2\/posts\/1448","targetHints":{"allow":["GET"]}}],"collection":[{"href":"https:\/\/colombiabuenanota.com\/index.php\/wp-json\/wp\/v2\/posts"}],"about":[{"href":"https:\/\/colombiabuenanota.com\/index.php\/wp-json\/wp\/v2\/types\/post"}],"author":[{"embeddable":true,"href":"https:\/\/colombiabuenanota.com\/index.php\/wp-json\/wp\/v2\/users\/2"}],"replies":[{"embeddable":true,"href":"https:\/\/colombiabuenanota.com\/index.php\/wp-json\/wp\/v2\/comments?post=1448"}],"version-history":[{"count":1,"href":"https:\/\/colombiabuenanota.com\/index.php\/wp-json\/wp\/v2\/posts\/1448\/revisions"}],"predecessor-version":[{"id":1450,"href":"https:\/\/colombiabuenanota.com\/index.php\/wp-json\/wp\/v2\/posts\/1448\/revisions\/1450"}],"wp:featuredmedia":[{"embeddable":true,"href":"https:\/\/colombiabuenanota.com\/index.php\/wp-json\/wp\/v2\/media\/1449"}],"wp:attachment":[{"href":"https:\/\/colombiabuenanota.com\/index.php\/wp-json\/wp\/v2\/media?parent=1448"}],"wp:term":[{"taxonomy":"category","embeddable":true,"href":"https:\/\/colombiabuenanota.com\/index.php\/wp-json\/wp\/v2\/categories?post=1448"},{"taxonomy":"post_tag","embeddable":true,"href":"https:\/\/colombiabuenanota.com\/index.php\/wp-json\/wp\/v2\/tags?post=1448"}],"curies":[{"name":"wp","href":"https:\/\/api.w.org\/{rel}","templated":true}]}}