{"id":1442,"date":"2024-12-04T14:27:11","date_gmt":"2024-12-04T19:27:11","guid":{"rendered":"https:\/\/colombiabuenanota.com\/?p=1442"},"modified":"2024-12-04T14:27:14","modified_gmt":"2024-12-04T19:27:14","slug":"conoce-el-impacto-de-la-escuela-de-liderazgo-e-incidencia-ciudadana-de-incauca","status":"publish","type":"post","link":"https:\/\/colombiabuenanota.com\/index.php\/2024\/12\/04\/conoce-el-impacto-de-la-escuela-de-liderazgo-e-incidencia-ciudadana-de-incauca\/","title":{"rendered":"La Escuela de Liderazgo e Incidencia Ciudadana de Incauca impulsa un cambio real en el Norte del Cauca"},"content":{"rendered":"\n<p>Con el prop\u00f3sito de seguir fortaleciendo la gobernanza y fomentar la participaci\u00f3n local, culmin\u00f3 la segunda cohorte de la Escuela de Liderazgo e Incidencia Ciudadana, certificando a 35 l\u00edderes de los municipios de Miranda, Padilla, Puerto Tejada, Villa Rica y Corintio. &nbsp;Esta iniciativa, fruto de la alianza estrat\u00e9gica entre Incauca, la Fundaci\u00f3n Foro Nacional por Colombia y la Unidad de Acci\u00f3n Vallecaucana, busca impulsar una gesti\u00f3n p\u00fablica m\u00e1s transparente y participativa en la regi\u00f3n.<\/p>\n\n\n\n<p>El \u00e9xito de la primera cohorte, que impuls\u00f3 diversos proyectos ciudadanos en colaboraci\u00f3n con entidades gubernamentales, sent\u00f3 las bases para una segunda edici\u00f3n en la que se ofrecieron 70 horas de formaci\u00f3n a 22 mujeres, 10 hombres y 3 personas de la comunidad LGBTIQ+. Este enfoque inclusivo no solo demuestra el compromiso de los actores involucrados con la equidad en la regi\u00f3n, tambi\u00e9n enriquece la experiencia de aprendizaje y la din\u00e1mica del grupo desde m\u00faltiples perspectivas, estableciendo las bases para desarrollar propuestas m\u00e1s integrales y efectivas en beneficio de la poblaci\u00f3n.<\/p>\n\n\n\n<p><em>\u201cEsta segunda cohorte de la Escuela de Incidencia Ciudadana, va m\u00e1s all\u00e1 de la formaci\u00f3n porque al capacitar a estos l\u00edderes, les damos las herramientas para que se conviertan en verdaderos agentes de cambio en sus entornos; queremos que no solo conozcan sus derechos y deberes, sino que se sientan motivados a involucrarse en los temas sociopol\u00edticos que les impactan. Esta iniciativa nos permite acercarnos m\u00e1s a los l\u00edderes de nuestra zona de influencia; donde hemos encontrado personas con un potencial incre\u00edble y compromiso genuino con su regi\u00f3n\u201d, <\/em>afirma Roberto Klinger, presidente de Incauca.<\/p>\n\n\n\n<p>Es importante resaltar que cada actividad permiti\u00f3 a las entidades organizadoras identificar y atender las diversas necesidades sociales mediante m\u00f3dulos formativos que abarcaron temas como gobierno local, di\u00e1logo y planificaci\u00f3n participativa, lo que a su vez brind\u00f3 a los asistentes las herramientas necesarias para enfrentar los desaf\u00edos que afectan a su entorno.<\/p>\n\n\n\n<p><em>&#8220;A trav\u00e9s de la Escuela de Liderazgo, hemos generado tres impactos significativos. Primero, forjamos una alianza entre el sector privado y la sociedad civil que impulsa soluciones colectivas; gracias a esto, las organizaciones sociales de Miranda, Puerto Tejada y Padilla cuentan ahora con herramientas para ejercer control sobre la gesti\u00f3n p\u00fablica. Adem\u00e1s, estas organizaciones est\u00e1n incidiendo en los planes de desarrollo, mejorando la calidad de vida en sus comunidades.\u201d<\/em> Se\u00f1ala Joaqu\u00edn Tovar, director de la Fundaci\u00f3n Foro Nacional por Colombia \u2013 Suroccidente.<\/p>\n\n\n\n<p>Para poner en pr\u00e1ctica lo aprendido durante estas sesiones, los participantes desarrollaron proyectos espec\u00edficos para sus municipios, eligiendo tem\u00e1ticas relevantes como la visibilizaci\u00f3n de liderazgos, la seguridad y el empoderamiento de las mujeres. Adem\u00e1s, lograron reunirse con autoridades locales, como alcaldes y secretarios de gobierno, para presentar sus iniciativas y buscar su implementaci\u00f3n.<\/p>\n\n\n\n<p><em>&#8220;Mi participaci\u00f3n en este proyecto ha sido transformadora; he comprendido la importancia de lo p\u00fablico y c\u00f3mo este conocimiento puede mejorar la calidad de vida en nuestra comunidad. Gracias al apoyo y la formaci\u00f3n que recibimos, logramos incluir nuestras propuestas en el Plan de Desarrollo Municipal 2024-2027. Estoy profundamente agradecida por las herramientas y el respaldo que me han empoderado como l\u00edder, permiti\u00e9ndome contribuir de manera significativa al futuro de mi gente.&#8221; <\/em>Comenta Flor Vivas, beneficiaria del proyecto en el municipio de Miranda.<\/p>\n\n\n\n<p>En este proceso, Incauca particip\u00f3 como empresa privada del sector, mientras que Foro Suroccidente y la Unidad de Acci\u00f3n Vallecaucana actuaron como organizaciones sin \u00e1nimo de lucro, y los dem\u00e1s integrantes representaron a la sociedad civil.<\/p>\n\n\n\n<p><em>&#8220;Las personas ahora conocen los planes de desarrollo en borrador y tienen la oportunidad de proponer recomendaciones, esto no solo garantiza una incidencia monitoreable y observable, sino que tambi\u00e9n promueve una mayor calidad en las rendiciones de cuentas por parte de las administraciones estatales. Adem\u00e1s, mejora la confianza entre la comunidad y la institucionalidad, estamos fortaleciendo la democracia y empoderando a la ciudadan\u00eda para que tenga una interlocuci\u00f3n efectiva con lo p\u00fablico, lo que les permite tomar decisiones informadas y exigir, con respeto, que las cosas buenas sucedan en su territorio.\u201d<\/em> Asegura Lina Mar\u00eda Orozco, coordinadora de programas y proyectos de la Unidad de Acci\u00f3n Vallecaucana.<\/p>\n\n\n\n<p>Para la pr\u00f3xima cohorte, se desarrollar\u00e1n m\u00e1s espacios formativos con nuevos beneficiarios en los municipios donde ya se ha trabajado, lo que refuerza el compromiso con estas comunidades y asegura el apoyo a los proyectos de etapas anteriores. Adem\u00e1s, se ofrecer\u00e1n espacios de formaci\u00f3n en herramientas para funcionarios p\u00fablicos, garantizando que est\u00e9n listos para ejecutar programas clave para el desarrollo de sus comunidades en 2025.<\/p>\n","protected":false},"excerpt":{"rendered":"<p>Con el prop\u00f3sito de seguir fortaleciendo la gobernanza y fomentar la participaci\u00f3n local, culmin\u00f3 la segunda cohorte de la Escuela de Liderazgo e Incidencia Ciudadana, certificando a 35 l\u00edderes de los municipios de Miranda, Padilla, Puerto Tejada, Villa Rica y Corintio. &nbsp;Esta iniciativa, fruto de la alianza estrat\u00e9gica entre Incauca, la Fundaci\u00f3n Foro Nacional por [&hellip;]<\/p>\n","protected":false},"author":2,"featured_media":1443,"comment_status":"open","ping_status":"open","sticky":false,"template":"","format":"standard","meta":{"_jetpack_newsletter_access":"","_jetpack_dont_email_post_to_subs":false,"_jetpack_newsletter_tier_id":0,"_jetpack_memberships_contains_paywalled_content":false,"_jetpack_memberships_contains_paid_content":false,"footnotes":""},"categories":[14],"tags":[],"class_list":{"0":"post-1442","1":"post","2":"type-post","3":"status-publish","4":"format-standard","5":"has-post-thumbnail","7":"category-ciudades-buena-nota"},"jetpack_sharing_enabled":true,"jetpack_featured_media_url":"https:\/\/i0.wp.com\/colombiabuenanota.com\/wp-content\/uploads\/2024\/12\/WhatsApp-Image-2024-12-04-at-2.08.56-PM.jpeg?fit=700%2C466&ssl=1","jetpack-related-posts":[],"_links":{"self":[{"href":"https:\/\/colombiabuenanota.com\/index.php\/wp-json\/wp\/v2\/posts\/1442","targetHints":{"allow":["GET"]}}],"collection":[{"href":"https:\/\/colombiabuenanota.com\/index.php\/wp-json\/wp\/v2\/posts"}],"about":[{"href":"https:\/\/colombiabuenanota.com\/index.php\/wp-json\/wp\/v2\/types\/post"}],"author":[{"embeddable":true,"href":"https:\/\/colombiabuenanota.com\/index.php\/wp-json\/wp\/v2\/users\/2"}],"replies":[{"embeddable":true,"href":"https:\/\/colombiabuenanota.com\/index.php\/wp-json\/wp\/v2\/comments?post=1442"}],"version-history":[{"count":1,"href":"https:\/\/colombiabuenanota.com\/index.php\/wp-json\/wp\/v2\/posts\/1442\/revisions"}],"predecessor-version":[{"id":1444,"href":"https:\/\/colombiabuenanota.com\/index.php\/wp-json\/wp\/v2\/posts\/1442\/revisions\/1444"}],"wp:featuredmedia":[{"embeddable":true,"href":"https:\/\/colombiabuenanota.com\/index.php\/wp-json\/wp\/v2\/media\/1443"}],"wp:attachment":[{"href":"https:\/\/colombiabuenanota.com\/index.php\/wp-json\/wp\/v2\/media?parent=1442"}],"wp:term":[{"taxonomy":"category","embeddable":true,"href":"https:\/\/colombiabuenanota.com\/index.php\/wp-json\/wp\/v2\/categories?post=1442"},{"taxonomy":"post_tag","embeddable":true,"href":"https:\/\/colombiabuenanota.com\/index.php\/wp-json\/wp\/v2\/tags?post=1442"}],"curies":[{"name":"wp","href":"https:\/\/api.w.org\/{rel}","templated":true}]}}