{"id":1435,"date":"2024-12-04T14:09:24","date_gmt":"2024-12-04T19:09:24","guid":{"rendered":"https:\/\/colombiabuenanota.com\/?p=1435"},"modified":"2024-12-04T14:09:34","modified_gmt":"2024-12-04T19:09:34","slug":"5-recomendaciones-para-protegerse-del-dengue","status":"publish","type":"post","link":"https:\/\/colombiabuenanota.com\/index.php\/2024\/12\/04\/5-recomendaciones-para-protegerse-del-dengue\/","title":{"rendered":"5 recomendaciones para protegerse del dengue"},"content":{"rendered":"\n<p><strong>. <\/strong>El dengue ha demostrado que no da tregua en Colombia y en esta temporada de vacaciones hay que tener especial cuidado teniendo presente que hasta la semana 44 de 2024, el Instituto Nacional de Salud (INS) report\u00f3 293 561casos en todo el pa\u00eds. Este brote es uno de los m\u00e1s graves en la historia nacional, con un aumento de m\u00e1s del 200% en comparaci\u00f3n con el mismo periodo del a\u00f1o anterior, siendo un problema de salud p\u00fablica. Departamentos como Valle del Cauca, Santander, Tolima, Huila, Antioquia, Cundinamarca, Cauca, Risaralda y Norte de Santander han visto un aumento significativo en los contagios y representan el 76% de los casos, lo que requiere atenci\u00f3n prioritaria.1 Valle del Cauca ha presentado 88 681 contagios, lo que representa el 30% del total de casos en el pa\u00eds durante 2024.<em><sup> 1<\/sup><\/em><\/p>\n\n\n\n<p>Esta enfermedad viral, transmitida por los mosquitos <em>Aedes Aegypti<\/em> y\/o <em>Aedes Albopictus<\/em>, presenta s\u00edntomas que van desde fiebre y dolor en los ojos, m\u00fasculos, la cabeza y huesos, hasta complicaciones m\u00e1s graves, como el dengue hemorr\u00e1gico e incluso la muerte. Por ello, es crucial identificar los s\u00edntomas de manera oportuna, ya que una intervenci\u00f3n temprana puede marcar la diferencia en la recuperaci\u00f3n de los pacientes y as\u00ed evitar complicaciones graves.<\/p>\n\n\n\n<p>Frente a este panorama Ana Cristina Ochoa, Directora M\u00e9dica de Takeda recuerda la importancia del manejo integral del dengue y, adem\u00e1s de la indicaci\u00f3n de actuar con rapidez frente a los s\u00edntomas para prevenir complicaciones claves. <\/p>\n\n\n\n<h2 class=\"wp-block-heading\">5 recomendaciones para actuar contra el dengue:<\/h2>\n\n\n\n<p><strong>Tenga precauci\u00f3n con el agua al aire libre:<\/strong> cubra los recipientes con agua y elimine la basura acumulada en patios, como las llantas al aire libre que pueden convertirse en dep\u00f3sitos de agua donde se reproduce el mosquito.<\/p>\n\n\n\n<ol class=\"wp-block-list\">\n<li><strong>Utilice productos antimosquitos:<\/strong> las \u00e1reas del cuerpo que est\u00e1n descubiertas tienen un mayor nivel de exposici\u00f3n, por esa raz\u00f3n, debe utilizar repelentes de manera permanente.<\/li>\n\n\n\n<li><\/li>\n\n\n\n<li><strong>Use mosquiteros:<\/strong> inst\u00e1lelos para mantener lejos a los mosquitos. As\u00ed mismo, si hay una persona contagiada en su hogar, el toldillo evitar\u00e1 que nuevos mosquitos se infecten y piquen a otros integrantes de su familia.<\/li>\n\n\n\n<li><\/li>\n\n\n\n<li><strong>Vista ropa adecuada:<\/strong> use ropa que permita cubrir el cuerpo como camisas y pantalones de manga larga. De esta manera estar\u00e1 menos expuesto a la picadura.<\/li>\n\n\n\n<li><\/li>\n\n\n\n<li><strong>Aproveche la visita al m\u00e9dico:<\/strong> durante sus consultas peri\u00f3dicas, no olvide hacer todas las preguntas sobre el diagn\u00f3stico y el tratamiento preventivo adecuado. <\/li>\n\n\n\n<li><\/li>\n\n\n\n<li><strong>Tenga en cuenta que enfermedades como el dengue son inmunoprevenibles a trav\u00e9s de la vacunaci\u00f3n<\/strong>.<\/li>\n<\/ol>\n\n\n\n<p>Estos componentes del manejo integral del dengue son indispensables teniendo presente la alta tasa de hospitalizaci\u00f3n que genera esta enfermedad, ya que, seg\u00fan el \u00faltimo informe del INS, de los 108 335 casos con signos de alarma notificados, el 77,5% requiri\u00f3 de hospitalizaci\u00f3n1, lo que puede sobrecargar el sistema de salud.<\/p>\n\n\n\n<p><em>&#8220;La colaboraci\u00f3n entre todos es vital para reducir la propagaci\u00f3n de esta enfermedad. Esto implica educar a nuestros familiares y vecinos sobre los s\u00edntomas y la prevenci\u00f3n. Cada acci\u00f3n cuenta y puede marcar la diferencia con este desaf\u00edo de salud p\u00fablica que enfrentamos&#8221;<\/em>, afirma Ana Cristina Ochoa.<\/p>\n\n\n\n<p>Con la llegada de la temporada de fin de a\u00f1o, las personas deben mantenerse alerta ante los riesgos del dengue. La prevenci\u00f3n es un esfuerzo colectivo para preservar la salud, y se vuelve cada vez m\u00e1s relevante para frenar la propagaci\u00f3n de esta enfermedad. La colaboraci\u00f3n de todos es esencial para combatir el brote y evitar que se contin\u00fae expandiendo como hasta el momento lo ha hecho en el pa\u00eds.<\/p>\n\n\n\n<p><\/p>\n","protected":false},"excerpt":{"rendered":"<p>. El dengue ha demostrado que no da tregua en Colombia y en esta temporada de vacaciones hay que tener especial cuidado teniendo presente que hasta la semana 44 de 2024, el Instituto Nacional de Salud (INS) report\u00f3 293 561casos en todo el pa\u00eds. Este brote es uno de los m\u00e1s graves en la historia [&hellip;]<\/p>\n","protected":false},"author":2,"featured_media":1436,"comment_status":"open","ping_status":"open","sticky":false,"template":"","format":"standard","meta":{"_jetpack_newsletter_access":"","_jetpack_dont_email_post_to_subs":false,"_jetpack_newsletter_tier_id":0,"_jetpack_memberships_contains_paywalled_content":false,"_jetpack_memberships_contains_paid_content":false,"footnotes":""},"categories":[12],"tags":[],"class_list":{"0":"post-1435","1":"post","2":"type-post","3":"status-publish","4":"format-standard","5":"has-post-thumbnail","7":"category-salud"},"jetpack_sharing_enabled":true,"jetpack_featured_media_url":"https:\/\/i0.wp.com\/colombiabuenanota.com\/wp-content\/uploads\/2024\/12\/WhatsApp-Image-2024-11-29-at-9.34.11-AM.jpeg?fit=700%2C464&ssl=1","jetpack-related-posts":[],"_links":{"self":[{"href":"https:\/\/colombiabuenanota.com\/index.php\/wp-json\/wp\/v2\/posts\/1435","targetHints":{"allow":["GET"]}}],"collection":[{"href":"https:\/\/colombiabuenanota.com\/index.php\/wp-json\/wp\/v2\/posts"}],"about":[{"href":"https:\/\/colombiabuenanota.com\/index.php\/wp-json\/wp\/v2\/types\/post"}],"author":[{"embeddable":true,"href":"https:\/\/colombiabuenanota.com\/index.php\/wp-json\/wp\/v2\/users\/2"}],"replies":[{"embeddable":true,"href":"https:\/\/colombiabuenanota.com\/index.php\/wp-json\/wp\/v2\/comments?post=1435"}],"version-history":[{"count":2,"href":"https:\/\/colombiabuenanota.com\/index.php\/wp-json\/wp\/v2\/posts\/1435\/revisions"}],"predecessor-version":[{"id":1438,"href":"https:\/\/colombiabuenanota.com\/index.php\/wp-json\/wp\/v2\/posts\/1435\/revisions\/1438"}],"wp:featuredmedia":[{"embeddable":true,"href":"https:\/\/colombiabuenanota.com\/index.php\/wp-json\/wp\/v2\/media\/1436"}],"wp:attachment":[{"href":"https:\/\/colombiabuenanota.com\/index.php\/wp-json\/wp\/v2\/media?parent=1435"}],"wp:term":[{"taxonomy":"category","embeddable":true,"href":"https:\/\/colombiabuenanota.com\/index.php\/wp-json\/wp\/v2\/categories?post=1435"},{"taxonomy":"post_tag","embeddable":true,"href":"https:\/\/colombiabuenanota.com\/index.php\/wp-json\/wp\/v2\/tags?post=1435"}],"curies":[{"name":"wp","href":"https:\/\/api.w.org\/{rel}","templated":true}]}}