{"id":1364,"date":"2024-11-21T16:52:13","date_gmt":"2024-11-21T21:52:13","guid":{"rendered":"https:\/\/colombiabuenanota.com\/?p=1364"},"modified":"2024-11-21T16:52:15","modified_gmt":"2024-11-21T21:52:15","slug":"10-errores-frecuentes-al-hablar-de-discapacidad","status":"publish","type":"post","link":"https:\/\/colombiabuenanota.com\/index.php\/2024\/11\/21\/10-errores-frecuentes-al-hablar-de-discapacidad\/","title":{"rendered":"10 errores frecuentes al hablar de discapacidad"},"content":{"rendered":"\n<p><em>\u201cDesde este 2024 diciembre es el mes de la inclusi\u00f3n en Colombia\u201d<\/em>. As\u00ed se resume la iniciativa social creada por Droguer\u00edas Colsubsidio para invitar a los colombianos a cambiar su mirada de la discapacidad por inclusi\u00f3n como una forma de cerrar brechas sociales en un pa\u00eds donde hay un gran camino por andar a favor de la accesibilidad.<\/p>\n\n\n\n<p>\u201cMe duele que nos vean como in\u00fatiles\u201d, \u201cno somos discapacitados\u201d, \u201ces frustrante que a los 40 a\u00f1os me hablen como si fuera un ni\u00f1o de 5\u201d, \u201cdetest\u00f3 que me digan que soy diferente\u201d, \u201cmi peor momento es cuando me dicen pobrecita\u201d, estas son algunas de las frases que revela el focus group realizado por Droguer\u00edas Colsubsidio en personas con discapacidad para establecer c\u00f3mo les gustar\u00eda ser reconocidos por la sociedad.<\/p>\n\n\n\n<p>\u201cSomos una cadena con m\u00e1s de 67 a\u00f1os de trayectoria en el mercado en los que hemos trabajado por cerrar brechas sociales. De hecho, en los \u00faltimos 5 a\u00f1os, nos hemos enfocado de manera especial en promover la inclusi\u00f3n en nuestra Cadena de Droguer\u00edas. Por eso, queremos cerrar este 2024 invitando a todos los colombianos a convertir diciembre en el mes nacional de la inclusi\u00f3n. El objetivo es que todos aportemos en el desarrollo sostenible del pa\u00eds y eso requiere que veamos a las personas con discapacidad no solo como quienes necesitan apoyo, sino como actores clave y protagonistas en todas las \u00e1reas de la vida: social, econ\u00f3mico y pol\u00edtico, es decir, cambiar la mirada de discapacidad a inclusi\u00f3n\u201d, explica Mar\u00eda Isabel Buitrago, jefe de sostenibilidad de Droguer\u00edas Colsubsidio.<\/p>\n\n\n\n<h2 class=\"wp-block-heading\">Seg\u00fan la\u00a0<a href=\"https:\/\/iris.who.int\/bitstream\/handle\/10665\/43360\/9241545445_spa.pdf;jsessionid=A0FB92D644F8208C16D6E22F28E23FFB?sequence=1\" target=\"_blank\" rel=\"noopener\">Clasificaci\u00f3n Internacional del Funcionamiento, de la Discapacidad y la Salud<\/a>\u00a0(CIF), desarrollada por la Organizaci\u00f3n Mundial de la Salud (OMS) hay al menos 6 tipos de discapacidad.<\/h2>\n\n\n\n<ol class=\"wp-block-list\">\n<li><strong>Discapacidad sensorial visual:<\/strong> personas ciegas y con baja visi\u00f3n.<\/li>\n\n\n\n<li><strong>Discapacidad sensorial auditiva:<\/strong> sordas o con audici\u00f3n reducida.<\/li>\n\n\n\n<li><strong>Discapacidad motriz o f\u00edsica<\/strong>: dificultades para moverse, caminar o manipular objetos. (usuarios de sillas con ruedas)<\/li>\n\n\n\n<li><strong>Discapacidad intelectual:<\/strong> dificulta la participaci\u00f3n social o el desarrollo de las habilidades cognitivas (s\u00edndrome de Down)<\/li>\n\n\n\n<li><strong>Discapacidad psicosocial:<\/strong> relacionada con condiciones de salud mental, alteraciones de conducta y comportamiento (bipolaridad, TAC trastorno obsesivo compulsivo)<\/li>\n\n\n\n<li><strong>Discapacidad m\u00faltiple:<\/strong> involucra dos o m\u00e1s tipos de discapacidad (persona ciega y con discapacidad intelectual o parapl\u00e9jico y sordera)<\/li>\n<\/ol>\n\n\n\n<h2 class=\"wp-block-heading\"><strong>Las 10 palabras m\u00e1s usadas y err\u00f3neas al hablar de discapacidad<\/strong><\/h2>\n\n\n\n<p>Buitrago, asegura que luego de trabajar con m\u00e1s de 20 instituciones a favor de la inclusi\u00f3n, facilitar la participaci\u00f3n de personas con discapacidad en eventos deportivos, difundir su experiencia en escenarios nacionales e internacionales, capacitar a m\u00e1s de 4.000 empleados, movilizar ferias de emprendimiento, definitivamente una de las principales barreras de la inclusi\u00f3n es el lenguaje porque la mayor\u00eda de los colombianos, sin saberlo, discrimina al hablar. Por lo cual, de manera pr\u00e1ctica y pedag\u00f3gica ha creado el listado de las 10 palabras m\u00e1s usadas y err\u00f3neas al hablar de discapacidad.&nbsp;<\/p>\n\n\n\n<figure class=\"wp-block-table\"><table><tbody><tr><td><strong>No.<\/strong><\/td><td><strong>No diga<\/strong><\/td><td><strong>Se dice<\/strong><\/td><\/tr><tr><td><strong>1<\/strong><\/td><td>Discapacitado, minusv\u00e1lido<\/td><td>Persona con una discapacidad<\/td><\/tr><tr><td><strong>2<\/strong><\/td><td>Enana<\/td><td>Persona de baja estatura<\/td><\/tr><tr><td><strong>3<\/strong><\/td><td>Sordomudo<\/td><td>Persona con discapacidad auditiva o persona sorda<\/td><\/tr><tr><td><strong>4<\/strong><\/td><td>Cieguito, invidente<\/td><td>Personas con discapacidad visual, persona ciega o ciego<\/td><\/tr><tr><td><strong>5<\/strong><\/td><td>Epil\u00e9ptica<\/td><td>Persona con epilepsia o trastornos convulsivos<\/td><\/tr><tr><td><strong>6<\/strong><\/td><td>Tullida, lisiada, coja, paral\u00edtica, deforme, inv\u00e1lida<\/td><td>Persona con una discapacidad f\u00edsica<\/td><\/tr><tr><td><strong>7<\/strong><\/td><td>Persona lenta, tonta, boba, defectuosa, con problemas, especial<\/td><td>Persona con una discapacidad intelectual, cognitiva o del desarrollo<\/td><\/tr><tr><td><strong>8<\/strong><\/td><td>Demente, loca, sic\u00f3tica, chiflada<\/td><td>Persona con una discapacidad emocional o deterioro de la salud mental<\/td><\/tr><tr><td><strong>9<\/strong><\/td><td>No puede hablar, es mudo<\/td><td>Persona que utiliza un dispositivo para hablar<\/td><\/tr><tr><td><strong>10<\/strong><\/td><td>Persona postrada en una silla de ruedas<\/td><td>Persona que usa silla de ruedas<\/td><\/tr><\/tbody><\/table><\/figure>\n\n\n\n<p>Adem\u00e1s del listado de las 10 palabras, la experta menciona que: \u201cla forma correcta de hablar de estos temas se resumen en enfatizar en\u00a0 las habilidades, no en las limitaciones, no usar lenguaje que sugiera la falta de algo, destacar la necesidad de tener accesibilidad, no la discapacidad, jam\u00e1s usar lenguaje ofensivo o que implique estereotipos negativos y no mostrar a las personas con discapacidad como fuente de inspiraci\u00f3n debido a su discapacidad, tampoco usar adjetivos, diminutivos, superlativos o cualquier otro t\u00e9rmino que los haga ver como personas con capacidades diferentes\u201d.<\/p>\n\n\n\n<p><strong>Pioneros en la creaci\u00f3n de Droguer\u00edas Incluyentes<\/strong><\/p>\n\n\n\n<p>Hace cinco a\u00f1os, Droguer\u00edas Colsubsidio marc\u00f3 un antes y un despu\u00e9s en el pa\u00eds, inaugurando la primera droguer\u00eda incluyente de Colombia. El primer lugar donde es posible encontrar mapas t\u00e1ctiles a la entrada, servicio de interpretaci\u00f3n en lengua de se\u00f1as colombiana, gu\u00edas podot\u00e1ctiles en el piso, se\u00f1alizaci\u00f3n en espa\u00f1ol, ingl\u00e9s, Braille y lengua de se\u00f1as. Adem\u00e1s de videos accesibles con audio, lengua de se\u00f1as y subt\u00edtulos.<\/p>\n\n\n\n<p>\u201cHoy hemos ampliado esas caracter\u00edsticas de accesibilidad a 121 droguer\u00edas a nivel nacional, favoreciendo la inclusi\u00f3n.&nbsp; De hecho, el top 10 de ciudades y municipios que cuentan con esos ajustes son Bogot\u00e1 con 48 puntos, Medell\u00edn con 26, Cundinamarca con 8, Antioquia con 17, Cali con 4, Cartagena y Santa Marta con 3, Barranquilla y Palmira con 2 y Tulu\u00e1 con 1\u201d, a\u00f1ade Buitrago.<\/p>\n\n\n\n<p>Esta iniciativa liderada por Droguer\u00edas Colsubsidio refleja su compromiso por construir una sociedad m\u00e1s inclusiva, donde el respeto y la valoraci\u00f3n de las capacidades de cada persona sean el punto de partida para cerrar brechas, generar oportunidades, crear espacios accesibles y dise\u00f1ar programas transformadores en busca de una participaci\u00f3n activa y equitativa para todos.<\/p>\n","protected":false},"excerpt":{"rendered":"<p>\u201cDesde este 2024 diciembre es el mes de la inclusi\u00f3n en Colombia\u201d. As\u00ed se resume la iniciativa social creada por Droguer\u00edas Colsubsidio para invitar a los colombianos a cambiar su mirada de la discapacidad por inclusi\u00f3n como una forma de cerrar brechas sociales en un pa\u00eds donde hay un gran camino por andar a favor [&hellip;]<\/p>\n","protected":false},"author":2,"featured_media":1365,"comment_status":"open","ping_status":"open","sticky":false,"template":"","format":"standard","meta":{"_jetpack_newsletter_access":"","_jetpack_dont_email_post_to_subs":false,"_jetpack_newsletter_tier_id":0,"_jetpack_memberships_contains_paywalled_content":false,"_jetpack_memberships_contains_paid_content":false,"footnotes":""},"categories":[258],"tags":[],"class_list":{"0":"post-1364","1":"post","2":"type-post","3":"status-publish","4":"format-standard","5":"has-post-thumbnail","7":"category-actualidad"},"jetpack_sharing_enabled":true,"jetpack_featured_media_url":"https:\/\/i0.wp.com\/colombiabuenanota.com\/wp-content\/uploads\/2024\/11\/WhatsApp-Image-2024-11-21-at-7.45.03-AM.jpeg?fit=700%2C466&ssl=1","jetpack-related-posts":[],"_links":{"self":[{"href":"https:\/\/colombiabuenanota.com\/index.php\/wp-json\/wp\/v2\/posts\/1364","targetHints":{"allow":["GET"]}}],"collection":[{"href":"https:\/\/colombiabuenanota.com\/index.php\/wp-json\/wp\/v2\/posts"}],"about":[{"href":"https:\/\/colombiabuenanota.com\/index.php\/wp-json\/wp\/v2\/types\/post"}],"author":[{"embeddable":true,"href":"https:\/\/colombiabuenanota.com\/index.php\/wp-json\/wp\/v2\/users\/2"}],"replies":[{"embeddable":true,"href":"https:\/\/colombiabuenanota.com\/index.php\/wp-json\/wp\/v2\/comments?post=1364"}],"version-history":[{"count":1,"href":"https:\/\/colombiabuenanota.com\/index.php\/wp-json\/wp\/v2\/posts\/1364\/revisions"}],"predecessor-version":[{"id":1366,"href":"https:\/\/colombiabuenanota.com\/index.php\/wp-json\/wp\/v2\/posts\/1364\/revisions\/1366"}],"wp:featuredmedia":[{"embeddable":true,"href":"https:\/\/colombiabuenanota.com\/index.php\/wp-json\/wp\/v2\/media\/1365"}],"wp:attachment":[{"href":"https:\/\/colombiabuenanota.com\/index.php\/wp-json\/wp\/v2\/media?parent=1364"}],"wp:term":[{"taxonomy":"category","embeddable":true,"href":"https:\/\/colombiabuenanota.com\/index.php\/wp-json\/wp\/v2\/categories?post=1364"},{"taxonomy":"post_tag","embeddable":true,"href":"https:\/\/colombiabuenanota.com\/index.php\/wp-json\/wp\/v2\/tags?post=1364"}],"curies":[{"name":"wp","href":"https:\/\/api.w.org\/{rel}","templated":true}]}}