{"id":1361,"date":"2024-11-21T16:46:18","date_gmt":"2024-11-21T21:46:18","guid":{"rendered":"https:\/\/colombiabuenanota.com\/?p=1361"},"modified":"2024-11-21T16:46:20","modified_gmt":"2024-11-21T21:46:20","slug":"la-ibero-recibe-acreditacion-institucional-de-alta-calidad","status":"publish","type":"post","link":"https:\/\/colombiabuenanota.com\/index.php\/2024\/11\/21\/la-ibero-recibe-acreditacion-institucional-de-alta-calidad\/","title":{"rendered":"La IBERO recibe Acreditaci\u00f3n Institucional de Alta Calidad por seis a\u00f1os"},"content":{"rendered":"\n<p>En reconocimiento a m\u00e1s de cinco d\u00e9cadas de trabajo dedicadas a la formaci\u00f3n, crecimiento y desarrollo de miles de estudiantes en Colombia, el Ministerio de Educaci\u00f3n Nacional (MEN) ha otorgado la Acreditaci\u00f3n Institucional en Alta Calidad a la Corporaci\u00f3n Universitaria Iberoamericana (IBERO) por seis a\u00f1os, mediante la Resoluci\u00f3n n.\u00ba 020202 del 31 de octubre de 2024. Este importante reconocimiento reafirma el liderazgo de la IBERO en la inclusi\u00f3n educativa, permiti\u00e9ndole brindar acceso a educaci\u00f3n superior en los territorios m\u00e1s apartados del pa\u00eds gracias a su modelo de <strong>educaci\u00f3n virtual asistida y flexible<\/strong>.<\/p>\n\n\n\n<p>\u201cEste logro refleja el esfuerzo constante de nuestro equipo de docentes, administrativos y estudiantes. Nuestra misi\u00f3n va m\u00e1s all\u00e1 de formar profesionales, buscamos formar agentes de cambio que transformen el mundo desde su entorno local hasta el plano global\u201d coment\u00f3 Ricardo G\u00f3mez Giraldo, rector de la IBERO.<\/p>\n\n\n\n<p>Desde sus inicios, la IBERO ha transformado proyectos de vida a trav\u00e9s de pol\u00edticas inclusivas que destacan su compromiso con la educaci\u00f3n superior accesible. Muchos de sus estudiantes son los primeros en sus familias en ingresar y completar estudios universitarios, y la instituci\u00f3n tambi\u00e9n ha priorizado la inclusi\u00f3n social de personas con discapacidad. Adem\u00e1s, la instituci\u00f3n reinvierte sus excedentes en programas de becas, subsidios y capacitaci\u00f3n docente, fortaleciendo continuamente su infraestructura acad\u00e9mica. Este modelo ha hecho de la IBERO una instituci\u00f3n con <strong>altos niveles de empleabilidad de egresados, alcanzando un 75.1% en 2021<\/strong>, por encima del promedio nacional.<\/p>\n\n\n\n<p>Entre los logros adicionales que contribuyeron a la acreditaci\u00f3n destacan los \u00e9xitos deportivos en competencias nacionales, especialmente de deportistas con discapacidad, y la reinversi\u00f3n en incentivos acad\u00e9micos para estudiantes de estratos socioecon\u00f3micos 1 y 2. El Consejo Nacional de Acreditaci\u00f3n (CNA), adscrito al MEN, valid\u00f3 m\u00e1s de 30 \u00edtems que evidencian el impacto y la solidez de la IBERO en su misi\u00f3n educativa.<\/p>\n\n\n\n<p>La acreditaci\u00f3n tambi\u00e9n reconoce el respaldo de la red internacional de <strong>Planeta Formaci\u00f3n y Universidades<\/strong>, que agrupa 22 instituciones en ocho pa\u00edses y permite a la IBERO beneficiarse de una visi\u00f3n global en educaci\u00f3n. Este soporte ha sido crucial para la instituci\u00f3n, que identifica sus fortalezas en tres pilares fundamentales: <strong>inclusi\u00f3n, virtualidad e internacionalizaci\u00f3n<\/strong>. Desde el inicio de su proceso de autoevaluaci\u00f3n en 2021, la IBERO ha adaptado sus programas y estrategias para responder a las recomendaciones del CNA, haciendo hincapi\u00e9 en mantener una s\u00f3lida calidad acad\u00e9mica y humana.<\/p>\n\n\n\n<p>\u201cEl reconocimiento a la IBERO es justo para una instituci\u00f3n que, desde su fundaci\u00f3n, ha trabajado incansablemente por la inclusi\u00f3n\u201d, se\u00f1al\u00f3 G\u00f3mez, rector de la IBERO.<\/p>\n\n\n\n<p>Esta acreditaci\u00f3n impulsa a la IBERO a asumir nuevos retos en la consolidaci\u00f3n de una educaci\u00f3n superior de calidad, reafirmando su compromiso de llevar la <strong>excelencia acad\u00e9mica a todos los rincones de Colombia<\/strong>.<\/p>\n","protected":false},"excerpt":{"rendered":"<p>En reconocimiento a m\u00e1s de cinco d\u00e9cadas de trabajo dedicadas a la formaci\u00f3n, crecimiento y desarrollo de miles de estudiantes en Colombia, el Ministerio de Educaci\u00f3n Nacional (MEN) ha otorgado la Acreditaci\u00f3n Institucional en Alta Calidad a la Corporaci\u00f3n Universitaria Iberoamericana (IBERO) por seis a\u00f1os, mediante la Resoluci\u00f3n n.\u00ba 020202 del 31 de octubre de [&hellip;]<\/p>\n","protected":false},"author":2,"featured_media":1362,"comment_status":"open","ping_status":"open","sticky":false,"template":"","format":"standard","meta":{"_jetpack_newsletter_access":"","_jetpack_dont_email_post_to_subs":false,"_jetpack_newsletter_tier_id":0,"_jetpack_memberships_contains_paywalled_content":false,"_jetpack_memberships_contains_paid_content":false,"footnotes":""},"categories":[258],"tags":[],"class_list":{"0":"post-1361","1":"post","2":"type-post","3":"status-publish","4":"format-standard","5":"has-post-thumbnail","7":"category-actualidad"},"jetpack_sharing_enabled":true,"jetpack_featured_media_url":"https:\/\/i0.wp.com\/colombiabuenanota.com\/wp-content\/uploads\/2024\/11\/WhatsApp-Image-2024-11-20-at-4.58.48-PM.jpeg?fit=700%2C466&ssl=1","jetpack-related-posts":[],"_links":{"self":[{"href":"https:\/\/colombiabuenanota.com\/index.php\/wp-json\/wp\/v2\/posts\/1361","targetHints":{"allow":["GET"]}}],"collection":[{"href":"https:\/\/colombiabuenanota.com\/index.php\/wp-json\/wp\/v2\/posts"}],"about":[{"href":"https:\/\/colombiabuenanota.com\/index.php\/wp-json\/wp\/v2\/types\/post"}],"author":[{"embeddable":true,"href":"https:\/\/colombiabuenanota.com\/index.php\/wp-json\/wp\/v2\/users\/2"}],"replies":[{"embeddable":true,"href":"https:\/\/colombiabuenanota.com\/index.php\/wp-json\/wp\/v2\/comments?post=1361"}],"version-history":[{"count":1,"href":"https:\/\/colombiabuenanota.com\/index.php\/wp-json\/wp\/v2\/posts\/1361\/revisions"}],"predecessor-version":[{"id":1363,"href":"https:\/\/colombiabuenanota.com\/index.php\/wp-json\/wp\/v2\/posts\/1361\/revisions\/1363"}],"wp:featuredmedia":[{"embeddable":true,"href":"https:\/\/colombiabuenanota.com\/index.php\/wp-json\/wp\/v2\/media\/1362"}],"wp:attachment":[{"href":"https:\/\/colombiabuenanota.com\/index.php\/wp-json\/wp\/v2\/media?parent=1361"}],"wp:term":[{"taxonomy":"category","embeddable":true,"href":"https:\/\/colombiabuenanota.com\/index.php\/wp-json\/wp\/v2\/categories?post=1361"},{"taxonomy":"post_tag","embeddable":true,"href":"https:\/\/colombiabuenanota.com\/index.php\/wp-json\/wp\/v2\/tags?post=1361"}],"curies":[{"name":"wp","href":"https:\/\/api.w.org\/{rel}","templated":true}]}}